{"id":494769,"date":"2025-10-28T05:43:11","date_gmt":"2025-10-28T05:43:11","guid":{"rendered":"https:\/\/www.europesays.com\/fr\/494769\/"},"modified":"2025-10-28T05:43:11","modified_gmt":"2025-10-28T05:43:11","slug":"lhumoriste-fanny-ruwet-de-passage-a-saint-etienne","status":"publish","type":"post","link":"https:\/\/www.europesays.com\/fr\/494769\/","title":{"rendered":"l&rsquo;humoriste Fanny Ruwet de passage \u00e0 Saint-\u00c9tienne"},"content":{"rendered":"<blockquote class=\"question\"><p>Fanny Ruwet, avec On disait qu\u2019on faisait la f\u00eate, quel spectacle allez-vous proposer aux spectateurs de La Com\u00e8te\u00a0?<\/p><\/blockquote>\n<p>\u00ab\u00a0C&rsquo;est un m\u00e9lange d\u2019humour noir et d\u2019humour un peu stupide. J&rsquo;aime les blagues vraiment b\u00eates. C\u2019est aussi un spectacle assez universel dans le sens o\u00f9 je parle beaucoup de moi, mais o\u00f9 tout le monde peut se retrouver. J&rsquo;ai d\u00e9j\u00e0 jou\u00e9 ce spectacle une bonne centaine de fois, notamment \u00e0 l\u2019international avec des dates \u00e0 Amsterdam ou Montr\u00e9al, mais il change un peu chaque soir au gr\u00e9 des questions que je peux poser au public.\u00a0\u00bb<\/p>\n<blockquote class=\"question\"><p>Avec le stand-up, donc, mais aussi la radio et la sortie d\u2019un roman \u00ab\u00a0Bien s\u00fbr que les poissons ont froid\u00a0\u00bb, vous \u00eates plut\u00f4t polyvalente.<\/p><\/blockquote>\n<p>\u00ab\u00a0J&rsquo;aime tester diff\u00e9rents formats. Mon roman est assez r\u00e9aliste sur la vie, avec l\u00e0 encore des blagues tout en \u00e9tant aussi un peu dur. J\u2019\u00e9cris \u00e9galement des s\u00e9ries pour Netflix et Amazon. J\u2019ai aid\u00e9 \u00e0 la cr\u00e9ation de la s\u00e9rie \u00ab\u00a0Dr\u00f4le\u00a0\u00bb, pour Netflix, et j\u2019aime beaucoup faire \u00e7a.\u00a0\u00bb<\/p>\n<blockquote class=\"question\"><p>Avez-vous un domaine privil\u00e9gi\u00e9\u00a0?<\/p><\/blockquote>\n<p>\u00ab\u00a0J&rsquo;essaye de trouver un \u00e9quilibre entre tous les m\u00e9dias que j\u2019ai d\u00e9j\u00e0 test\u00e9s. J\u2019ai beaucoup aim\u00e9 faire de la radio, mais j\u2019ai d\u00fb arr\u00eater pour me consacrer \u00e0 ma tourn\u00e9e. Comme j\u2019habite \u00e0 Bruxelles, cela devenait compliqu\u00e9 de tout concilier. Mais apr\u00e8s cinq ans, je ne pense pas retourner \u00e0 la radio. Je pr\u00e9f\u00e8re me consacrer \u00e0 l\u2019\u00e9criture pour des projets \u00e0 plus long terme. Pour le moment, je me consacre \u00e0 la tourn\u00e9e de mon spectacle, qui se terminera en France le 2\u00a0janvier prochain, \u00e0 l&rsquo;Olympia. Et pour la suite, je ne sais pas encore, je verrai ce que j\u2019ai le plus envie de faire.\u00a0\u00bb<\/p>\n<p class=\"note\">Rendez-vous jeudi 30\u00a0octobre, salle Panessa \u00e0 La Com\u00e8te. Fanny Ruwet se produira aussi le 6\u00a0novembre au <a href=\"https:\/\/www.leprogres.fr\/culture-loisirs\/2025\/06\/26\/le-programme-de-la-saison-culturelle-devoile-avec-l-heritage-en-filigrane\" target=\"_blank\" rel=\"noopener\">Briscope, \u00e0 Brignais<\/a>.<\/p>\n","protected":false},"excerpt":{"rendered":"Fanny Ruwet, avec On disait qu\u2019on faisait la f\u00eate, quel spectacle allez-vous proposer aux spectateurs de La Com\u00e8te\u00a0?&hellip;\n","protected":false},"author":2,"featured_media":494770,"comment_status":"","ping_status":"","sticky":false,"template":"","format":"standard","meta":{"footnotes":""},"categories":[9653],"tags":[1111,11,2430,1687,7539,1777,674,1011,27,3367,12,25,4001,7538,3140],"class_list":{"0":"post-494769","1":"post","2":"type-post","3":"status-publish","4":"format-standard","5":"has-post-thumbnail","7":"category-saint-etienne","8":"tag-actu","9":"tag-actualites","10":"tag-auvergne-rhone-alpes","11":"tag-culture-loisirs","12":"tag-edition-loire-sud","13":"tag-eu","14":"tag-europe","15":"tag-fr","16":"tag-france","17":"tag-loire","18":"tag-news","19":"tag-republique-francaise","20":"tag-saint-etienne","21":"tag-saint-etienne-ville","22":"tag-spectacle"},"share_on_mastodon":{"url":"https:\/\/pubeurope.com\/@fr\/115450203650311297","error":""},"_links":{"self":[{"href":"https:\/\/www.europesays.com\/fr\/wp-json\/wp\/v2\/posts\/494769","targetHints":{"allow":["GET"]}}],"collection":[{"href":"https:\/\/www.europesays.com\/fr\/wp-json\/wp\/v2\/posts"}],"about":[{"href":"https:\/\/www.europesays.com\/fr\/wp-json\/wp\/v2\/types\/post"}],"author":[{"embeddable":true,"href":"https:\/\/www.europesays.com\/fr\/wp-json\/wp\/v2\/users\/2"}],"replies":[{"embeddable":true,"href":"https:\/\/www.europesays.com\/fr\/wp-json\/wp\/v2\/comments?post=494769"}],"version-history":[{"count":0,"href":"https:\/\/www.europesays.com\/fr\/wp-json\/wp\/v2\/posts\/494769\/revisions"}],"wp:featuredmedia":[{"embeddable":true,"href":"https:\/\/www.europesays.com\/fr\/wp-json\/wp\/v2\/media\/494770"}],"wp:attachment":[{"href":"https:\/\/www.europesays.com\/fr\/wp-json\/wp\/v2\/media?parent=494769"}],"wp:term":[{"taxonomy":"category","embeddable":true,"href":"https:\/\/www.europesays.com\/fr\/wp-json\/wp\/v2\/categories?post=494769"},{"taxonomy":"post_tag","embeddable":true,"href":"https:\/\/www.europesays.com\/fr\/wp-json\/wp\/v2\/tags?post=494769"}],"curies":[{"name":"wp","href":"https:\/\/api.w.org\/{rel}","templated":true}]}}