{"id":494784,"date":"2025-10-28T05:54:22","date_gmt":"2025-10-28T05:54:22","guid":{"rendered":"https:\/\/www.europesays.com\/fr\/494784\/"},"modified":"2025-10-28T05:54:22","modified_gmt":"2025-10-28T05:54:22","slug":"seinetopie-exposition-a-rouen-dates-horaires-tarifs","status":"publish","type":"post","link":"https:\/\/www.europesays.com\/fr\/494784\/","title":{"rendered":"SeineTopie, Exposition \u00e0 Rouen : dates, horaires, tarifs"},"content":{"rendered":"<p>SeineTOPIE \u00a0invite \u00e0 une travers\u00e9e sensible et prospective de la vall\u00e9e de la Seine. Cette exposition collective esquisse un portrait de ce vaste territoire en mutation, en interrogeant les mani\u00e8res d\u2019y habiter aujourd\u2019hui comme demain. \u00c0 travers une diversit\u00e9 de regards artistiques et professionnels, elle propose un r\u00e9cit dessin\u00e9 et collectif, fruit d\u2019explorations, de relev\u00e9s, de cartes et de t\u00e9moignages.<\/p>\n<p><a data-lightbox=\"article\" data-title=\"SeineTopie \u00a9 Maison de l&#039;architecture de Normandie \" class=\"image detail   position-relative d-block\" href=\"https:\/\/www.jds.fr\/medias\/image\/0-39634300-1757502461-714764-920-0-F.webp\" title=\"SeineTopie \u00a9 Maison de l&#039;architecture de Normandie \" rel=\"nofollow noopener\" target=\"_blank\"><br \/>\n<img decoding=\"async\" loading=\"lazy\" src=\"https:\/\/www.europesays.com\/fr\/wp-content\/uploads\/2025\/10\/0-39634300-1757502461-714764-1200-0.webp.webp\"   width=\"685\" alt=\"SeineTopie\" class=\"border\"\/><br \/>\n\u00a9 Maison de l&rsquo;architecture de Normandie<br \/>\nSeineTopie<br \/>\n<\/a><\/p>\n<p>N\u00e9e d\u2019un appel \u00e0 projet lanc\u00e9 \u00e0 l\u2019automne 2024, SeineTOPIE a permis de r\u00e9unir dix artistes, architectes, paysagistes ou illustrateurs, dont les approches singuli\u00e8res se rencontrent, se r\u00e9pondent et se compl\u00e8tent. Ensemble, ils dessinent une g\u00e9ographie sensible du fleuve et de ses rives, r\u00e9v\u00e9lant les tensions et les richesses, les paysages et les usages, les espoirs et les vuln\u00e9rabilit\u00e9s de ce territoire partag\u00e9. Leurs contributions composent une fresque plurielle, \u00e0 la fois lucide et po\u00e9tique, document\u00e9e et imaginative.<\/p>\n<p>Cl\u00e9ment Gy, Alexis Defortescu, Evelise Millet, Thibault Chalamet, Fabrice Houdry, Laurine Alard, Auguste Berry, Sam Pott, Johann Van Aerden et \u00c9lo\u00efse Guyard nous livrent, chacun \u00e0 leur mani\u00e8re, une lecture dessin\u00e9e de la vall\u00e9e de la Seine. Ils y croisent le sensible et le politique, le quotidien et le grand paysage, les exp\u00e9riences locales et les enjeux globaux.<\/p>\n<p>L\u2019exposition prend place dans la programmation 2025 de la Maison de l\u2019architecture, une ann\u00e9e plac\u00e9e sous le signe du dessin, \u00e0 travers des projets explorant ce m\u00e9dium comme outil de repr\u00e9sentation, d\u2019imagination et de m\u00e9diation. Dans SeineTOPIE, le dessin d\u00e9ploie toute sa richesse\u00a0: il permet d\u2019embrasser les \u00e9chelles, du territoire au d\u00e9tail, du m\u00e9ta au microscopique, de l\u2019intime au collectif, pour donner \u00e0 voir, \u00e0 comprendre et \u00e0 imaginer la vall\u00e9e de la Seine autrement.<\/p>\n<p class=\"font-size-30 fw-bold lh-1 mt-0 mb-4\">Je trouve les meilleures sorties dans ma ville<\/p>\n","protected":false},"excerpt":{"rendered":"SeineTOPIE \u00a0invite \u00e0 une travers\u00e9e sensible et prospective de la vall\u00e9e de la Seine. Cette exposition collective esquisse&hellip;\n","protected":false},"author":2,"featured_media":494785,"comment_status":"","ping_status":"","sticky":false,"template":"","format":"standard","meta":{"footnotes":""},"categories":[9587],"tags":[1111,11,1777,674,1011,27,12,5161,25,9590],"class_list":{"0":"post-494784","1":"post","2":"type-post","3":"status-publish","4":"format-standard","5":"has-post-thumbnail","7":"category-rouen","8":"tag-actu","9":"tag-actualites","10":"tag-eu","11":"tag-europe","12":"tag-fr","13":"tag-france","14":"tag-news","15":"tag-normandie","16":"tag-republique-francaise","17":"tag-rouen"},"share_on_mastodon":{"url":"https:\/\/pubeurope.com\/@fr\/115450247388279693","error":""},"_links":{"self":[{"href":"https:\/\/www.europesays.com\/fr\/wp-json\/wp\/v2\/posts\/494784","targetHints":{"allow":["GET"]}}],"collection":[{"href":"https:\/\/www.europesays.com\/fr\/wp-json\/wp\/v2\/posts"}],"about":[{"href":"https:\/\/www.europesays.com\/fr\/wp-json\/wp\/v2\/types\/post"}],"author":[{"embeddable":true,"href":"https:\/\/www.europesays.com\/fr\/wp-json\/wp\/v2\/users\/2"}],"replies":[{"embeddable":true,"href":"https:\/\/www.europesays.com\/fr\/wp-json\/wp\/v2\/comments?post=494784"}],"version-history":[{"count":0,"href":"https:\/\/www.europesays.com\/fr\/wp-json\/wp\/v2\/posts\/494784\/revisions"}],"wp:featuredmedia":[{"embeddable":true,"href":"https:\/\/www.europesays.com\/fr\/wp-json\/wp\/v2\/media\/494785"}],"wp:attachment":[{"href":"https:\/\/www.europesays.com\/fr\/wp-json\/wp\/v2\/media?parent=494784"}],"wp:term":[{"taxonomy":"category","embeddable":true,"href":"https:\/\/www.europesays.com\/fr\/wp-json\/wp\/v2\/categories?post=494784"},{"taxonomy":"post_tag","embeddable":true,"href":"https:\/\/www.europesays.com\/fr\/wp-json\/wp\/v2\/tags?post=494784"}],"curies":[{"name":"wp","href":"https:\/\/api.w.org\/{rel}","templated":true}]}}