{"id":494786,"date":"2025-10-28T05:55:22","date_gmt":"2025-10-28T05:55:22","guid":{"rendered":"https:\/\/www.europesays.com\/fr\/494786\/"},"modified":"2025-10-28T05:55:22","modified_gmt":"2025-10-28T05:55:22","slug":"grenoble-accueille-un-guingamp-revanchard-et-doit-remonter-au-classement","status":"publish","type":"post","link":"https:\/\/www.europesays.com\/fr\/494786\/","title":{"rendered":"Grenoble accueille un Guingamp revanchard et doit remonter au classement"},"content":{"rendered":"<p>\t\t\t\t\t\t\t\t\t\t\t<img loading=\"lazy\" decoding=\"async\" width=\"1280\" title=\"Grenoble accueille un Guingamp revanchard et doit remonter au classement\" class=\"img-fluid  mb-3\" src=\"https:\/\/grandgrenoble.alpes1.com\/media\/news\/grenoble-accueille-un-guingamp-revanchard-et-doit-remonter-au-classement_68ff56315fc15.webp\" alt=\"Grenoble accueille un Guingamp revanchard et doit remonter au classement\" itemprop=\"image\" height=\"720\"\/>\t\t\t\t\t\t\t\t\t\t\t\t<\/p>\n<p>Grenoble accueille un Guingamp revanchard et doit remonter au classement &#8211; DR<\/p>\n<p itemprop=\"description\"><strong>Le GF38 re\u00e7oit l\u2019EAG pour le compte de la 12\u00e8me journ\u00e9e de Ligue 2.<\/strong><\/p>\n<p>D\u00e9faits devant leurs supporters contre le Clermont Foot le semaine derni\u00e8re (0-1), Guingamp d\u00e9barque eu Stade des Alpes demain \u00e0 20h 30 pour retrouver du rythme et faire oublier la d\u00e9faite.<\/p>\n<p>Les Grenoblois, de leur c\u00f4t\u00e9, abordent ce match avec moins de pression. 15\u00e8mes du championnat, le moindre point est bon \u00e0 prendre dans la course au maintien.\u00a0<\/p>\n<p>Grenoble avait aussi perdu son dernier match contre le Red Star sur le m\u00eame score que son adversaire du week-end (1-0). Maladroits, les hommes de Franck Rizzetto doivent r\u00e9gler la mire et ainsi retrouver le chemin des filets.<\/p>\n<p>La derni\u00e8re fois que ces deux formations s\u2019\u00e9taient affront\u00e9es au Stade des Alpes, en f\u00e9vrier dernier, elles avaient partag\u00e9 les points (1-1).<\/p>\n<p>Un sc\u00e9nario qui pourrait convenir aux Grenoblois, bien que toute victoire reste bonne \u00e0 prendre.<\/p>\n<p><strong>\u201cIl faut \u00eatre le plus r\u00e9aliste\u201d<\/strong><\/p>\n<p>Franck Rizzetto, coach grenoblois, a insist\u00e9 en conf\u00e9rence de presse sur les progr\u00e8s de ses hommes r\u00e9alis\u00e9s dans le contenu de jeu : \u201cDepuis trois, quatre matchs, c\u2019est beaucoup plus int\u00e9ressant, beaucoup plus de rep\u00e8res, d\u2019automatismes, d&rsquo;encha\u00eenements, de situations, d\u2019occasions\u201d. Il pond\u00e8re cependant son discours, en avouant que ces bonnes actions ne sont pas toujours r\u00e9compens\u00e9es par un but ou m\u00eame par un stop d\u00e9fensif : \u201cIl faut \u00eatre le plus r\u00e9aliste, et \u00eatre efficace dans les deux surfaces\u201d.<\/p>\n<p>Nesta Elphege, l\u2019attaquant titulaire du GF38, est revenu sur la maladresse de son \u00e9quipe, dont il est cens\u00e9 \u00eatre le fer de lance, \u00e9tant l\u2019avant-centre : \u201cIl faut qu\u2019on mette plus de buts. En tant qu\u2019attaquant, il y a aussi de la frustration quand tu ne stats pas\u201d.<\/p>\n<p>Des propos qui compl\u00e8tent parfaitement ceux de son coach, et qui soulignent bien le principal d\u00e9faut d\u2019une \u00e9quipe qui propose pourtant du jeu, \u00e0 savoir de la justesse dans le dernier geste.\u00a0<\/p>\n<blockquote class=\"twitter-tweet\"><p>&#13;<\/p>\n<p dir=\"ltr\" lang=\"fr\">\ud83d\udd25 \ud835\udc09-\ud835\udfd0 \/ \ud835\udc06\ud835\udc05\ud835\udfd1\ud835\udfd6-\ud835\udc04\ud835\udc00 \ud835\udc06\ud835\udc14\ud835\udc08\ud835\udc0d\ud835\udc06\ud835\udc00\ud835\udc0c\ud835\udc0f, \ud835\udc1c\ud835\udc1e \ud835\udc26\ud835\udc1a\ud835\udc2b\ud835\udc1d\ud835\udc22 \ud835\udfd0\ud835\udfd6\/\ud835\udfcf\ud835\udfce \u00e0 \ud835\udfd0\ud835\udfce\ud835\udc21\ud835\udfd1\ud835\udfce.<\/p>\n<p>1 enfant d\u00e9guis\u00e9 = 1 place offerte<\/p>\n<p>Rendez-vous au Stade des Alpes, unis derri\u00e8re nos Grenoblois !<\/p>\n<p>\ud83c\udf9f\ufe0f Les places pour le match sont disponibles sur <a href=\"https:\/\/t.co\/lqFS9VE2pr\">https:\/\/t.co\/lqFS9VE2pr<\/a><\/p>\n<p>\ud83c\udfa5 : @aj_vizion <a href=\"https:\/\/t.co\/iwcLKrvNux\">pic.twitter.com\/iwcLKrvNux<\/a><\/p>\n<p>&#13;<br \/>\n\u2014 Grenoble Foot 38 (@GF38_Officiel) <a href=\"https:\/\/twitter.com\/GF38_Officiel\/status\/1982487984693018712?ref_src=twsrc%5Etfw\" target=\"_blank\" rel=\"noopener\">October 26, 2025<\/a><\/p><\/blockquote>\n<p>\t\t\t\t\t\t\t\t\t\t\t\t\t\t\t\t\t\t\t<script async src=\"https:\/\/platform.twitter.com\/widgets.js\" charset=\"utf-8\"><\/script><\/p>\n","protected":false},"excerpt":{"rendered":"Grenoble accueille un Guingamp revanchard et doit remonter au classement &#8211; DR Le GF38 re\u00e7oit l\u2019EAG pour le&hellip;\n","protected":false},"author":2,"featured_media":494787,"comment_status":"","ping_status":"","sticky":false,"template":"","format":"standard","meta":{"footnotes":""},"categories":[9566],"tags":[1111,11,7733,8279,2430,7736,650,7734,2889,2263,1777,674,1011,27,2731,8280,6417,1114,108,4662,12,3725,1825,25,7737],"class_list":{"0":"post-494786","1":"post","2":"type-post","3":"status-publish","4":"format-standard","5":"has-post-thumbnail","7":"category-grenoble","8":"tag-actu","9":"tag-actualites","10":"tag-alpes","11":"tag-alpes1","12":"tag-auvergne-rhone-alpes","13":"tag-cds","14":"tag-cinema","15":"tag-ecoute","16":"tag-emission","17":"tag-equipe","18":"tag-eu","19":"tag-europe","20":"tag-fr","21":"tag-france","22":"tag-grenoble","23":"tag-haute","24":"tag-information","25":"tag-infos","26":"tag-isere","27":"tag-journal","28":"tag-news","29":"tag-podcast","30":"tag-radio","31":"tag-republique-francaise","32":"tag-winamp"},"share_on_mastodon":{"url":"https:\/\/pubeurope.com\/@fr\/115450251300806289","error":""},"_links":{"self":[{"href":"https:\/\/www.europesays.com\/fr\/wp-json\/wp\/v2\/posts\/494786","targetHints":{"allow":["GET"]}}],"collection":[{"href":"https:\/\/www.europesays.com\/fr\/wp-json\/wp\/v2\/posts"}],"about":[{"href":"https:\/\/www.europesays.com\/fr\/wp-json\/wp\/v2\/types\/post"}],"author":[{"embeddable":true,"href":"https:\/\/www.europesays.com\/fr\/wp-json\/wp\/v2\/users\/2"}],"replies":[{"embeddable":true,"href":"https:\/\/www.europesays.com\/fr\/wp-json\/wp\/v2\/comments?post=494786"}],"version-history":[{"count":0,"href":"https:\/\/www.europesays.com\/fr\/wp-json\/wp\/v2\/posts\/494786\/revisions"}],"wp:featuredmedia":[{"embeddable":true,"href":"https:\/\/www.europesays.com\/fr\/wp-json\/wp\/v2\/media\/494787"}],"wp:attachment":[{"href":"https:\/\/www.europesays.com\/fr\/wp-json\/wp\/v2\/media?parent=494786"}],"wp:term":[{"taxonomy":"category","embeddable":true,"href":"https:\/\/www.europesays.com\/fr\/wp-json\/wp\/v2\/categories?post=494786"},{"taxonomy":"post_tag","embeddable":true,"href":"https:\/\/www.europesays.com\/fr\/wp-json\/wp\/v2\/tags?post=494786"}],"curies":[{"name":"wp","href":"https:\/\/api.w.org\/{rel}","templated":true}]}}