{"id":494795,"date":"2025-10-28T06:00:24","date_gmt":"2025-10-28T06:00:24","guid":{"rendered":"https:\/\/www.europesays.com\/fr\/494795\/"},"modified":"2025-10-28T06:00:24","modified_gmt":"2025-10-28T06:00:24","slug":"la-norvege-dans-le-collimateur-de-la-cour-de-strasbourg","status":"publish","type":"post","link":"https:\/\/www.europesays.com\/fr\/494795\/","title":{"rendered":"la Norv\u00e8ge dans le collimateur de la cour de Strasbourg"},"content":{"rendered":"<p>L&rsquo;institution, bas\u00e9e \u00e0 Strasbourg, a \u00e9t\u00e9 saisie il y a quatre ans par six militants norv\u00e9giens n\u00e9s entre 1995 et 2001, ainsi que les branches locales des ONG de d\u00e9fense de l&rsquo;environnement Greenpeace et Jeunes amis de la Terre.<\/p>\n<p>Selon eux, l&rsquo;Etat, avant d&rsquo;accorder ces licences de production p\u00e9trogazi\u00e8res, \u00ab\u00a0n&rsquo;a pas proc\u00e9d\u00e9 \u00e0 une \u00e9tude d&rsquo;impact environnemental des effets potentiels de l&rsquo;extraction p\u00e9troli\u00e8re sur les obligations de la Norv\u00e8ge en mati\u00e8re d&rsquo;att\u00e9nuation du changement climatique\u00a0\u00bb, indique la Cour dans un communiqu\u00e9.<\/p>\n<p>En cela, le pays a omis \u00e0 leurs yeux de remplir son \u00ab\u00a0obligation de prot\u00e9ger effectivement les individus contre les effets n\u00e9fastes graves du changement climatique sur leur vie, leur sant\u00e9, leur bien-\u00eatre et leur qualit\u00e9 de vie\u00a0\u00bb.<\/p>\n<p>Premier producteur de p\u00e9trole et de gaz d&rsquo;Europe occidentale, la Norv\u00e8ge est r\u00e9guli\u00e8rement mise en cause pour son exploitation des hydrocarbures, source \u00e0 la fois de prosp\u00e9rit\u00e9 mais aussi de d\u00e9r\u00e8glement climatique.<\/p>\n<p>Les plaignants invoquent en particulier les articles 2 (droit \u00e0 la vie) et 8 (droit au respect de la vie priv\u00e9e et familiale) de la Convention europ\u00e9enne des droits de l&rsquo;homme.<\/p>\n<p>&#8211; Bras de fer judiciaire &#8211;<\/p>\n<p><img alt=\"Le logo de Chevron dans une station service \u00e0 Houston, dans l'Etat am\u00e9ricain du Texas, le 12 ao\u00fbt 2025\" loading=\"lazy\" decoding=\"async\" data-nimg=\"fill\" class=\" TwicCore_img__i9TC1 undefined  undefined\" style=\"position:absolute;height:100%;width:100%;left:0;top:0;right:0;bottom:0;object-fit:cover;color:transparent;background-size:cover;background-position:50% 50%;background-repeat:no-repeat;background-image:url(&quot;data:image\/svg+xml;charset=utf-8,%3Csvg xmlns='http:\/\/www.w3.org\/2000\/svg' %3E%3Cfilter id='b' color-interpolation-filters='sRGB'%3E%3CfeGaussianBlur stdDeviation='20'\/%3E%3CfeColorMatrix values='1 0 0 0 0 0 1 0 0 0 0 0 1 0 0 0 0 0 100 -1' result='s'\/%3E%3CfeFlood x='0' y='0' width='100%25' height='100%25'\/%3E%3CfeComposite operator='out' in='s'\/%3E%3CfeComposite in2='SourceGraphic'\/%3E%3CfeGaussianBlur stdDeviation='20'\/%3E%3C\/filter%3E%3Cimage width='100%25' height='100%25' x='0' y='0' preserveAspectRatio='xMidYMid slice' style='filter: url(%23b);' href='data:image\/png;base64,iVBORw0KGgoAAAANSUhEUgAAArwAAAFnCAYAAABEq5oyAAAQcUlEQVR4Ae3dP3SVZZ7A8eeSBIYZE3dPqkFjqYVQKG4F56zYgescStBzoAMbaXaAhmJctQB2t9DGOLVDSpwZodQCqgEsgMLZQwG4Uu1ZCP4ZEpK79\/cy8UQWSW7uv\/f+\/HzOuedCSN73Xorw5Zfnfd7G5ORkswAAQE7NdQUAABITvAAApCZ4AQBITfACAJCa4AUAIDXBCwBAaoIXAIDUBC8AAKkJXgAAUhO8AACkJngBAEhN8AIAkJrgBQAgNcELAEBqghcAgNQELwAAqQleAABSE7wAAKQmeAEASE3wAgCQmuAFACA1wQsAQGqCFwCA1AQvAACpCV4AAFITvAAApCZ4AQBITfACAJCa4AUAIDXBCwBAaoIXAIDUBC8AAKkJXgAAUhO8AACkJngBAEhN8AIAkJrgBQAgNcELAEBqghcAgNQELwAAqQleAABSE7wAAKQmeAEASE3wAgCQmuAFACA1wQsAQGqCFwCA1AQvAACpCV4AAFITvAAApCZ4AQBITfACAJCa4AUAIDXBCwBAaoIXAIDUBC8AAKkJXgAAUhO8AACkJngBAEhN8AIAkJrgBQAgNcELAEBqghcAgNQELwAAqQleAABSE7wAAKQmeAEASE3wAgCQmuAFACA1wQsAQGqCFwCA1AQvAACpCV4AAFITvAAApCZ4AQBITfACAJCa4AUAIDXBCwBAaoIXAIDUBC8AAKkJXgAAUhO8AACkJngBAEhN8AIAkJrgBQAgNcELAEBqghcAgNQELwAAqQleAABSE7wAAKQmeAEASE3wAgCQmuAFACA1wQsAQGqCFwCA1AQvAACpCV4AAFITvAAApCZ4AQBITfACAJCa4AUAIDXBCwBAaoIXAIDUBC8AAKkJXgAAUhO8AACkJngBAEhN8AIAkJrgBQAgNcELAEBqghcAgNQELwAAqQleAABSE7wAAKQmeAEASE3wAgCQmuAFACA1wQsAQGqCFwCA1AQvAACpCV4AAFITvAAApCZ4AQBITfACAJCa4AUAIDXBCwBAaoIXAIDUBC8AAKkJXgAAUhO8AACkJngBAEhN8AIAkJrgBQAgNcELAEBqghcAgNQELwAAqQleAABSGy0APzONRuORH282mwWAfAQvkNJS1E5MTJRnnnmmbNmypfp1PKamph75NTdv3iyzs7PV840bN8qVK1eqjwthgOEmeIE0InIjZnft2lWef\/75sn379p+M29W4c+dOFb1nz54tZ86cqUJY\/AIMn8bk5KTv3sDQisjdvHlz2blzZ9m7d29HgbuS8+fPl5mZmeohfAGGRlPwAkMpQjcmuQcOHCjbtm1b8fNv375dTWtjqUKIJQ7xWIs4zr59+344FgC1JniB4RKhu2fPnnL48OFqbe5KInSnp6erR6zPXe69994rBw8eLGsRyx12795dLl++XACoNcELDIcI3ZjkRuiuZqIbrl+\/XkVprL19lFj+8MUXX5S1Er0AQ0HwAvX35JNPliNHjrQ9jX3hhRd+MnaXXLt2rTr+WsWyhh07dlTxC0AtNd14Aqi1WLZw+vTptmP3xIkTK8ZueHiZQ7vi9a11WQQA\/SF4gdqKi8o+++yzti8ui2nrqVOnVvW53ViOEGuKAagvwQvUUuzAEJPdtSw3iH1zVzPdDZ1OeENMeXu5HRoAnRG8QO3ERPeDDz5Y89ra1U53Q7e2FlvrFmcA9J7gBWplac3uWmM3ljPEDSJWa7WT4JV0cuEbAL0leIHamJiY6Ch2QzuxG9w8AiA\/wQvUxtGjR1d1M4nHaTd4465p3SCcAepL8AK18Oqrr3Zle692A7bdJRDdOi8A\/SN4gVp45513Sjes5QYQZ86cKZ2IYHbjCYD6ErzAwMU+tp0uZViylknrzMxMuX37dlmr6enpAkB9CV5g4OK2wd2w1nW0MZ09dOhQaTbbu9N6fP7x48c7nhAD0FuCFxiobdu2dW2628kWYxGt+\/fvL9evX18xfOPPYyJ87NixcvLkyQJAvY0WgAGq0215I3rPnTtX3eVt586dVYgv3yItJsFxK+KrV69WN7foxl3aAOi9xuTkZHs\/wwPoomvXrnXtpg0RrPv27SsAsEzTkgZgYGI5QzfvUGanBAAeRfACAxNLBwCg1wQvMDCbN28uANBrghcYGMELQD8IXmAgYu1uN9fvAsBPsS0ZMBDZp7uNR3zs14uNMr5YyrP3W8+t338+1ixfj6x+o5w45njrGL9edoz4\/d11zXKrNb74uvX819EHx+t0+53Gstf83P0Hrzt+HeI88br\/a6RU57bVD1B3ghegTQ\/HbETnE63nCMMnWmG4qfX7eIw3W88L8fzgYw8b33i\/TP9yoax0rq3zjbL1\/rqy495IeW6h8djPjxi9MLZYPtq4UP57pL0UXQrql+daj\/mR8tL8g\/fwOF+2zvFx6338ecOi8AVqS\/ACA9Gtu6v1w1IExkR108K6HwJ2KWZXisK1iCO+dm9d6xHhufrVZ\/G6ftP6mh1zI+XDX94vf\/jFwqrOFe\/l9b+NVOds5\/1EgP\/bN2Pl4HfNcnBivu3IBugHwQuwgpdak9u3vx0r3c\/a\/29povt2KyIfNRVerQjxw9+OVs\/TG386ep9qBevB70eqsO7EU63X+oc768uBibny5ajoBerFRWtAGr2aGn+2frH863hrermutyEX8fnR7Fj5\/ez6jmJ3uTe\/G60mtw+Lo7\/R+vipO2Mdx+6SidZfz0fx2hf68V8DgNUTvEAavdz1IaL3wJPz5ZMNC11fqxp5+Prf47Od5QurFdE7viygl8L6t9UEuLtxGtH79rd+eAjUi+AF0piYmCi9FBeE\/e6J++U\/ftW96J1ohejvvhn9+\/KD3kxGY1nD6\/cefLuPaW6vwnrJ1tax44I3gLrw33BgIO7cuVO6rV8Xwn38i\/vlbqNZ3v6ms2+hccFXxGe3li88zhvfPwjqN77vzvKFx3kwsR4tF8bmC0AdmPACA3Hjxo3SC1NTU6Uf\/rhhoZr4diJ2UliK3eZjHt0QU96l2O31ucLWef+8APVhwgsMRC8mvGHLli3l5s2bpR9iN4JNc51NZ\/8yulgd59ZIs3xT4oYOP\/7zZ2O7sFaoPtWFKXAE+l\/GFqubU8S57raa9O6yw0YUvzz3YCu0Ts8Wx4obVdzq8YV+AKsheIGBiCiN6O32hWb9mvCGWNbQiQjQuBDucS6MlfL5+sXy+y4sfYgL7\/79V\/dX\/JyLY50v1whxI45b6wUvMHh+5gQMTC8msdu2bSvZRBh\/vHHlG0isZHyV7fmnDQvlQmvy3PH5Oj8EQFcIXmBgzp8\/X7otY\/CGiNBOrXYXiGaXzgdQF4IXGJgrV66UboslEhmjN9ba3u1wCcV4G1\/+VwvegEQELzAwZ86cKb2wa9euktHdPm5te9fFZkAighcYmLhorRfLGvbs2dPTu64BMFwELzBQvZjyRuwePny4AEAQvMBAzczM9GRP3jfffLNs3769AIDgBQYqYjeitxfef\/\/9vt1uGID6ErzAwH344YelFyJ2T58+LXoBfuYELzBwcQOKEydOlF6I2L106VI5cuRIaTQa1aMT8fWxRjiOl3XPX4BsBC9QC9PT0+X69eulVyJQL168WC1z2LJlyw\/x+7gAXv458TWxLjgmxteuXauON2VyDDAUbC0O1EKs5T106FD55JNPSq\/EtDcee\/fuLTdu3Kgmy5cvXy6zs7Plq6+++tHnPv3002VqaqoK3Xi2zRnA8BK8QG3EnrzHjx8vR48eLb22FL+dLEuYbUW6b6IA9WdJA1ArJ0+eLKdOnSp1F6+xV3eKA6C7BC9QO2+99VZto7fZbFZT6HiNAAwHP40DaimCMtb1Hjx4sOOdFbrl9u3b1QQ6LrADYHgIXqC2jh07Vl1Y9u677w40emOqGxe37d+\/v3o9AAwXSxqAWotp6osvvljOnTtXhWe\/xVQ3wvuVV14RuwBDSvACtRehuXv37mqZQ+zV24\/wjdCNtboR25YwAAw3wQsMjZmZmbJ169ZqacGnn35ahW834zeOtTx0Y71u7NELwHCzhhcYOrEdWDzihhCxj+7OnTvL5s2bq311l6y05nd5KF+5cqXaA\/js2bPVMwC5CF5gaMVSh5j6xiNMTExUd0aL+I1fRxCHpRCOu6uFmNpevXq1+v3SndYAyEvwAmlEuMaE1pQWgOWs4QUAIDXBCwBAaoIXAIDUBC8AAKkJXgAAUhO8AACkJngBAEhN8AIAkJrgBQAgNcELsEabFhqlE+PNzr6+l8YXO39tdX5\/wM+L4AVYo02LnQZve2HZ6fnaCfQnmqUjcabnFgQvUA+CF6BNkXG\/\/W604wANr82tKysdJf789b+NlE7F6\/2n+caqzvebe53\/8\/DavZHWY+X3B9BrjcnJyQ7\/Hw+Q30QrFp9dKOXluZEqBrv54\/o\/blgon69fLBdHm2V2XfNH5\/znuUbZMb+u7JjrPHiXn+9PrcfFsWZZ\/g9ABPGO1vniPb403715yNet93RhbLE676WHzgnQB03BC7AKl\/5nQ+mHvf8wV74caVbx+ef\/XV96KUL0X\/5xrvr1y61J83\/eHSv98OLkvQLQR83RAsCKpjfeL\/1wt7H03Oz5OWeXDalvjTT78h5NWIBBMOEFACCzpovWAABITfACAJCa4AUAIDXBCwBAaoIXAIDUBC8AAKkJXgAAUhO8AACkJngBAEhN8AIAkJrgBQAgNcELAEBqghcAgNQELwAAqQleAABSE7wAAKQmeAEASE3wAgCQmuAFACA1wQsAQGqCFwCA1AQvAACpCV4AAFITvAAApCZ4AQBITfACAJCa4AUAIDXBCwBAaoIXAIDUBC8AAKkJXgAAUhO8AACkJngBAEhN8AIAkJrgBQAgNcELAEBqghcAgNQELwAAqQleAABSE7wAAKQmeAEASE3wAgCQmuAFACA1wQsAQGqCFwCA1AQvAACpCV4AAFITvAAApCZ4AQBITfACAJCa4AUAIDXBCwBAaoIXAIDUBC8AAKkJXgAAUhO8AACkJngBAEhN8AIAkJrgBQAgNcELAEBqghcAgNQELwAAqQleAABSE7wAAKQmeAEASE3wAgCQmuAFACA1wQsAQGqCFwCA1AQvAACpCV4AAFITvAAApCZ4AQBITfACAJCa4AUAIDXBCwBAaoIXAIDUBC8AAKkJXgAAUhO8AACkJngBAEhN8AIAkJrgBQAgNcELAEBqghcAgNQELwAAqQleAABSE7wAAKQmeAEASE3wAgCQmuAFACA1wQsAQGqCFwCA1AQvAACpCV4AAFITvAAApCZ4AQBITfACAJCa4AUAIDXBCwBAaoIXAIDUBC8AAKkJXgAAUhO8AACkJngBAEhN8AIAkJrgBQAgNcELAEBqghcAgNQELwAAqQleAABSE7wAAKQmeAEASE3wAgCQmuAFACA1wQsAQGqCFwCA1AQvAACpCV4AAFITvAAApCZ4AQBITfACAJCa4AUAIDXBCwBAaoIXAIDUBC8AAKkJXgAAUhO8AACkJngBAEhN8AIAkJrgBQAgNcELAEBqghcAgNQELwAAqQleAABSE7wAAKQmeAEASE3wAgCQmuAFACA1wQsAQGqCFwCA1AQvAACpCV4AAFIbbT2aBQAAcmr+HxOS2LXTZHzQAAAAAElFTkSuQmCC'\/%3E%3C\/svg%3E&quot;)\"   src=\"https:\/\/www.europesays.com\/fr\/wp-content\/uploads\/2025\/10\/a3d14015b4b2de18c4d484c29b94e77a52a6c8b9.jpg\"\/>Le logo de Chevron dans une station service \u00e0 Houston, dans l&rsquo;Etat am\u00e9ricain du Texas, le 12 ao\u00fbt 2025 PHOTO AFP \/ RONALDO SCHEMIDT<\/p>\n<p>La d\u00e9cision de la CEDH sera le point d&rsquo;orgue d&rsquo;une longue bataille judiciaire. <\/p>\n<p>Le 10 juin 2016, le minist\u00e8re du P\u00e9trole et de l&rsquo;\u00c9nergie norv\u00e9gien accorde \u00e0 13 soci\u00e9t\u00e9s priv\u00e9es, parmi lesquelles le champion national Statoil, les am\u00e9ricains Chevron et ConocoPhillips et le russe Lukoil, 10 licences d&rsquo;exploration sur le plateau continental norv\u00e9gien, en mer de Barents.<\/p>\n<p>S&rsquo;appuyant \u00e0 l&rsquo;\u00e9poque sur l&rsquo;Accord de Paris qui vise \u00e0 limiter \u00e0 moins de 2\u00b0C le r\u00e9chauffement climatique, les ONG font appel \u00e0 la justice locale, jugeant cette attribution contraire \u00e0 l&rsquo;article 112 de la Constitution garantissant \u00e0 chacun le droit \u00e0 un environnement sain. Elles r\u00e9clament leur annulation.<\/p>\n<p>A chaque fois, les tribunaux tranchent en faveur des autorit\u00e9s.<\/p>\n<p>Dans son jugement en appel, la Cour supr\u00eame norv\u00e9gienne estime en 2021 que l&rsquo;attribution des permis n&rsquo;est pas contraire \u00e0 la Convention europ\u00e9enne des droits de l&rsquo;homme, parce qu&rsquo;elle ne repr\u00e9sente pas \u00ab\u00a0un risque r\u00e9el et imm\u00e9diat\u00a0\u00bb pour la vie et l&rsquo;int\u00e9grit\u00e9 physique.<\/p>\n<p>Les plaignants se tournent alors vers la CEDH, juridiction internationale dont la mission de prot\u00e9ger les droits humains en Europe. <\/p>\n<p>\u00ab\u00a0Les six militants, aux c\u00f4t\u00e9s de Greenpeace Nordic et Jeunes Amis de la Terre Norv\u00e8ge, esp\u00e8rent que la Cour europ\u00e9enne des droits de l&rsquo;homme entendra leur cause et conclura que l&rsquo;expansion p\u00e9troli\u00e8re de la Norv\u00e8ge enfreint\u00a0\u00bb les droits fondamentaux, avait indiqu\u00e9 Greenpeace \u00e0 l&rsquo;\u00e9poque.<\/p>\n<p>Entre-temps, aucun gisement de gaz potentiellement rentable n&rsquo;ayant \u00e9t\u00e9 d\u00e9couvert, les soci\u00e9t\u00e9s priv\u00e9es ont fini par restituer les licences, souligne la CEDH. <\/p>\n<p>L&rsquo;an pass\u00e9, la cour de Strasbourg a rendu un arr\u00eat historique en condamnant pour la premi\u00e8re fois un Etat pour son manque d&rsquo;action face au changement climatique, en l&rsquo;occurrence la Suisse.<\/p>\n<p>Cette d\u00e9cision est appel\u00e9e \u00e0 faire jurisprudence dans les 46 Etats membres du Conseil de l&rsquo;Europe.<\/p>\n<p>Les plaignantes, l&rsquo;association des A\u00een\u00e9es pour la protection du climat, d\u00e9non\u00e7aient des \u00ab\u00a0manquements des autorit\u00e9s suisses pour att\u00e9nuer les effets du changement climatique\u00a0\u00bb, qui ont des cons\u00e9quences n\u00e9gatives sur leurs conditions de vie et leur sant\u00e9.<\/p>\n<p>La CEDH avait jug\u00e9 qu&rsquo;il y avait eu violation de l&rsquo;article 8 (droit au respect de la vie priv\u00e9e et familiale) et de l&rsquo;article 6 (acc\u00e8s \u00e0 un tribunal) de la Convention europ\u00e9enne des droits de l&rsquo;homme.<\/p>\n<p>Elle avait ainsi affirm\u00e9 que l&rsquo;article 8 consacrait aussi le droit \u00e0 une protection effective contre les cons\u00e9quences graves du changement climatique sur la vie, la sant\u00e9 ou le bien-\u00eatre.<\/p>\n","protected":false},"excerpt":{"rendered":"L&rsquo;institution, bas\u00e9e \u00e0 Strasbourg, a \u00e9t\u00e9 saisie il y a quatre ans par six militants norv\u00e9giens n\u00e9s entre&hellip;\n","protected":false},"author":2,"featured_media":494796,"comment_status":"","ping_status":"","sticky":false,"template":"","format":"standard","meta":{"footnotes":""},"categories":[2820],"tags":[17,1111,11,1129,5749,8663,1446,1777,674,1011,27,329,775,12,673,25,640],"class_list":{"0":"post-494795","1":"post","2":"type-post","3":"status-publish","4":"format-standard","5":"has-post-thumbnail","7":"category-strasbourg","8":"tag-17","9":"tag-actu","10":"tag-actualites","11":"tag-climat","12":"tag-collimateur","13":"tag-cour","14":"tag-dans","15":"tag-eu","16":"tag-europe","17":"tag-fr","18":"tag-france","19":"tag-france-monde","20":"tag-grand-est","21":"tag-news","22":"tag-norvege","23":"tag-republique-francaise","24":"tag-strasbourg"},"share_on_mastodon":{"url":"https:\/\/pubeurope.com\/@fr\/115450270876702188","error":""},"_links":{"self":[{"href":"https:\/\/www.europesays.com\/fr\/wp-json\/wp\/v2\/posts\/494795","targetHints":{"allow":["GET"]}}],"collection":[{"href":"https:\/\/www.europesays.com\/fr\/wp-json\/wp\/v2\/posts"}],"about":[{"href":"https:\/\/www.europesays.com\/fr\/wp-json\/wp\/v2\/types\/post"}],"author":[{"embeddable":true,"href":"https:\/\/www.europesays.com\/fr\/wp-json\/wp\/v2\/users\/2"}],"replies":[{"embeddable":true,"href":"https:\/\/www.europesays.com\/fr\/wp-json\/wp\/v2\/comments?post=494795"}],"version-history":[{"count":0,"href":"https:\/\/www.europesays.com\/fr\/wp-json\/wp\/v2\/posts\/494795\/revisions"}],"wp:featuredmedia":[{"embeddable":true,"href":"https:\/\/www.europesays.com\/fr\/wp-json\/wp\/v2\/media\/494796"}],"wp:attachment":[{"href":"https:\/\/www.europesays.com\/fr\/wp-json\/wp\/v2\/media?parent=494795"}],"wp:term":[{"taxonomy":"category","embeddable":true,"href":"https:\/\/www.europesays.com\/fr\/wp-json\/wp\/v2\/categories?post=494795"},{"taxonomy":"post_tag","embeddable":true,"href":"https:\/\/www.europesays.com\/fr\/wp-json\/wp\/v2\/tags?post=494795"}],"curies":[{"name":"wp","href":"https:\/\/api.w.org\/{rel}","templated":true}]}}