{"id":494801,"date":"2025-10-28T06:03:19","date_gmt":"2025-10-28T06:03:19","guid":{"rendered":"https:\/\/www.europesays.com\/fr\/494801\/"},"modified":"2025-10-28T06:03:19","modified_gmt":"2025-10-28T06:03:19","slug":"orvault-sur-le-podium-departemental-du-paris-brest","status":"publish","type":"post","link":"https:\/\/www.europesays.com\/fr\/494801\/","title":{"rendered":"Orvault. Sur le podium d\u00e9partemental du Paris-Brest"},"content":{"rendered":"<p>Le 2\u00a0octobre dernier, l\u2019\u00e9quipe de \u00ab\u00a0L\u2019Amour est dans le bl\u00e9\u00a0\u00bb d\u2019Orvault a brillamment particip\u00e9 au concours d\u00e9partemental Saint-Michel, organis\u00e9 par la F\u00e9d\u00e9ration des Boulangers.<\/p>\n<p>\u00ab\u00a0Parmi 21\u00a0participants, nous avons d\u00e9croch\u00e9 une superbe deuxi\u00e8me?place, une v\u00e9ritable fiert\u00e9 pour notre maison\u00a0\u00bb, explique Am\u00e9lie Gendron.<\/p>\n<p>\u00ab\u00a0C\u2019est Lilou, jeune dipl\u00f4m\u00e9e d\u2019un BTM p\u00e2tissier cet \u00e9t\u00e9, qui a remport\u00e9 cette belle distinction. Form\u00e9e au sein de notre entreprise, elle a su mettre en valeur tout son savoir-faire \u00e0 travers un Paris-Brest raffin\u00e9, \u00e9quilibr\u00e9 et gourmand. Cette r\u00e9ussite illustre \u00e0 la fois le talent de Lilou, la qualit\u00e9 de la formation transmise au sein de notre \u00e9quipe, et l\u2019engagement de la nouvelle g\u00e9n\u00e9ration d\u2019artisans p\u00e2tissiers.\u00a0\u00bb<\/p>\n<p>Le concours Saint-Michel, organis\u00e9 chaque ann\u00e9e par la F\u00e9d\u00e9ration des Boulangers, met en avant la cr\u00e9ativit\u00e9 et la technicit\u00e9 des jeunes professionnels du d\u00e9partement.<\/p>\n<p>F\u00e9licitations \u00e0 Lilou pour cette magnifique deuxi\u00e8me place, et un grand bravo \u00e0 toute l\u2019\u00e9quipe pour son accompagnement et sa passion du m\u00e9tier. Rendez-vous l\u2019an prochain pour viser la premi\u00e8re marche du podium\u00a0!<\/p>\n<p>\u00a0<\/p>\n","protected":false},"excerpt":{"rendered":"Le 2\u00a0octobre dernier, l\u2019\u00e9quipe de \u00ab\u00a0L\u2019Amour est dans le bl\u00e9\u00a0\u00bb d\u2019Orvault a brillamment particip\u00e9 au concours d\u00e9partemental Saint-Michel,&hellip;\n","protected":false},"author":2,"featured_media":494802,"comment_status":"","ping_status":"","sticky":false,"template":"","format":"standard","meta":{"footnotes":""},"categories":[2818],"tags":[1111,11,33961,1777,674,1011,27,766,12,4151,61742,2636,44246,25],"class_list":{"0":"post-494801","1":"post","2":"type-post","3":"status-publish","4":"format-standard","5":"has-post-thumbnail","7":"category-nantes","8":"tag-actu","9":"tag-actualites","10":"tag-departemental","11":"tag-eu","12":"tag-europe","13":"tag-fr","14":"tag-france","15":"tag-nantes","16":"tag-news","17":"tag-orvault","18":"tag-paris-brest","19":"tag-pays-de-la-loire","20":"tag-podium","21":"tag-republique-francaise"},"share_on_mastodon":{"url":"https:\/\/pubeurope.com\/@fr\/115450282266723089","error":""},"_links":{"self":[{"href":"https:\/\/www.europesays.com\/fr\/wp-json\/wp\/v2\/posts\/494801","targetHints":{"allow":["GET"]}}],"collection":[{"href":"https:\/\/www.europesays.com\/fr\/wp-json\/wp\/v2\/posts"}],"about":[{"href":"https:\/\/www.europesays.com\/fr\/wp-json\/wp\/v2\/types\/post"}],"author":[{"embeddable":true,"href":"https:\/\/www.europesays.com\/fr\/wp-json\/wp\/v2\/users\/2"}],"replies":[{"embeddable":true,"href":"https:\/\/www.europesays.com\/fr\/wp-json\/wp\/v2\/comments?post=494801"}],"version-history":[{"count":0,"href":"https:\/\/www.europesays.com\/fr\/wp-json\/wp\/v2\/posts\/494801\/revisions"}],"wp:featuredmedia":[{"embeddable":true,"href":"https:\/\/www.europesays.com\/fr\/wp-json\/wp\/v2\/media\/494802"}],"wp:attachment":[{"href":"https:\/\/www.europesays.com\/fr\/wp-json\/wp\/v2\/media?parent=494801"}],"wp:term":[{"taxonomy":"category","embeddable":true,"href":"https:\/\/www.europesays.com\/fr\/wp-json\/wp\/v2\/categories?post=494801"},{"taxonomy":"post_tag","embeddable":true,"href":"https:\/\/www.europesays.com\/fr\/wp-json\/wp\/v2\/tags?post=494801"}],"curies":[{"name":"wp","href":"https:\/\/api.w.org\/{rel}","templated":true}]}}