{"id":494816,"date":"2025-10-28T06:12:18","date_gmt":"2025-10-28T06:12:18","guid":{"rendered":"https:\/\/www.europesays.com\/fr\/494816\/"},"modified":"2025-10-28T06:12:18","modified_gmt":"2025-10-28T06:12:18","slug":"un-chien-enferme-une-semaine-dans-une-voiture-sauve-par-des-policiers","status":"publish","type":"post","link":"https:\/\/www.europesays.com\/fr\/494816\/","title":{"rendered":"un chien enferm\u00e9 une semaine dans une voiture sauv\u00e9 par des policiers"},"content":{"rendered":"<p class=\"article-p mdl\">L&rsquo;attention des riverains de ce quartier du XIIIe arrondissement de Marseille a s\u00fbrement permis de sauver la vie de ce jeune American Staffordshire terrier. Dimanche 26 octobre, les policiers municipaux, alert\u00e9s par des habitants, ont secouru <strong>un chien enferm\u00e9 depuis une semaine dans une voiture<\/strong>.\u00a0<\/p>\n<p class=\"article-p mdl\">Dans l&rsquo;habitacle de la Peugeot 206, l&rsquo;animal a \u00e9t\u00e9 retrouv\u00e9 <strong>tr\u00e8s amaigri, d\u00e9shydrat\u00e9 et apeur\u00e9<\/strong>, r\u00e9v\u00e8le\u00a0<a class=\"link\" href=\"https:\/\/www.laprovence.com\/article\/faits-divers-justice\/253323498900714\/enferme-depuis-une-semaine-dans-une-voiture-a-marseille-un-chien-deshydrate-libere-par-des-policiers-municipaux\" target=\"_blank\" rel=\"noopener\">La Provence<\/a>. Il vivait sans eau ni nourriture, au milieu de ses propres excr\u00e9ments, qu&rsquo;il avait fini par manger.\u00a0<\/p>\n<p class=\"article-p mdl\">Les policiers ont \u00e9t\u00e9 contraints de briser une vitre du v\u00e9hicule pour lib\u00e9rer l&rsquo;American Staffordshire terrier, qui a ensuite \u00e9t\u00e9 <strong>confi\u00e9 \u00e0 une association de protection animale<\/strong>, indique le quotidien marseillais. Elle a lanc\u00e9 un appel au don pour financer les soins du chien.<\/p>\n<p class=\"article-p mdl\">Une <strong>enqu\u00eate a \u00e9t\u00e9 ouverte pour maltraitance animale<\/strong> et pour retrouver le propri\u00e9taire de l&rsquo;animal.\u00a0La voiture sera bient\u00f4t transport\u00e9e en fourri\u00e8re.<\/p>\n<blockquote class=\"twitter-tweet\">\n<p lang=\"fr\" dir=\"ltr\">\ud83d\ude93\ud83d\udc36 Ce matin, les scooters Nord, appuy\u00e9s par la Brigade Nord, sont intervenus dans le 13\u1d49 pour secourir une femelle staff enferm\u00e9e dans une voiture, sans eau ni nourriture. <br \/>Apr\u00e8s avis OPJ, la vitre a \u00e9t\u00e9 bris\u00e9e et l\u2019animal pris en charge. \ud83d\udc6e\u200d\u2642\ufe0f\ud83d\udc99<br \/>Merci pour l\u2019alerte ! <a href=\"https:\/\/t.co\/9J6e8AKe2f\">pic.twitter.com\/9J6e8AKe2f<\/a><\/p>\n<p>\u2014 Police Municipale de Marseille (@PMMarseille) <a href=\"https:\/\/twitter.com\/PMMarseille\/status\/1982478736613310971?ref_src=twsrc%5Etfw\" target=\"_blank\" rel=\"noopener\">October 26, 2025<\/a><\/p><\/blockquote>\n<p>    La r\u00e9daction vous recommande<\/p>\n<p class=\"s-newsletter__title\">\n                L\u2019actualit\u00e9 par la r\u00e9daction de RTL dans votre bo\u00eete mail.\n            <\/p>\n<p class=\"s-newsletter__subtitle\">\n                Gr\u00e2ce \u00e0 votre compte RTL abonnez-vous \u00e0 la newsletter RTL info pour suivre toute l&rsquo;actualit\u00e9 au quotidien\n            <\/p>\n<p>\n                                    Lire la suite\n                                <\/p>\n<p>                            <script async src=\"https:\/\/platform.twitter.com\/widgets.js\" charset=\"utf-8\"><\/script><\/p>\n","protected":false},"excerpt":{"rendered":"L&rsquo;attention des riverains de ce quartier du XIIIe arrondissement de Marseille a s\u00fbrement permis de sauver la vie&hellip;\n","protected":false},"author":2,"featured_media":494817,"comment_status":"","ping_status":"","sticky":false,"template":"","format":"standard","meta":{"footnotes":""},"categories":[2814],"tags":[1111,11,1867,1777,674,118,107,1011,27,19232,884,12,882,25],"class_list":{"0":"post-494816","1":"post","2":"type-post","3":"status-publish","4":"format-standard","5":"has-post-thumbnail","7":"category-marseille","8":"tag-actu","9":"tag-actualites","10":"tag-animaux","11":"tag-eu","12":"tag-europe","13":"tag-faits-divers","14":"tag-fil-info","15":"tag-fr","16":"tag-france","17":"tag-maltraitance","18":"tag-marseille","19":"tag-news","20":"tag-provence-alpes-cote-dazur","21":"tag-republique-francaise"},"share_on_mastodon":{"url":"https:\/\/pubeurope.com\/@fr\/115450317677157416","error":""},"_links":{"self":[{"href":"https:\/\/www.europesays.com\/fr\/wp-json\/wp\/v2\/posts\/494816","targetHints":{"allow":["GET"]}}],"collection":[{"href":"https:\/\/www.europesays.com\/fr\/wp-json\/wp\/v2\/posts"}],"about":[{"href":"https:\/\/www.europesays.com\/fr\/wp-json\/wp\/v2\/types\/post"}],"author":[{"embeddable":true,"href":"https:\/\/www.europesays.com\/fr\/wp-json\/wp\/v2\/users\/2"}],"replies":[{"embeddable":true,"href":"https:\/\/www.europesays.com\/fr\/wp-json\/wp\/v2\/comments?post=494816"}],"version-history":[{"count":0,"href":"https:\/\/www.europesays.com\/fr\/wp-json\/wp\/v2\/posts\/494816\/revisions"}],"wp:featuredmedia":[{"embeddable":true,"href":"https:\/\/www.europesays.com\/fr\/wp-json\/wp\/v2\/media\/494817"}],"wp:attachment":[{"href":"https:\/\/www.europesays.com\/fr\/wp-json\/wp\/v2\/media?parent=494816"}],"wp:term":[{"taxonomy":"category","embeddable":true,"href":"https:\/\/www.europesays.com\/fr\/wp-json\/wp\/v2\/categories?post=494816"},{"taxonomy":"post_tag","embeddable":true,"href":"https:\/\/www.europesays.com\/fr\/wp-json\/wp\/v2\/tags?post=494816"}],"curies":[{"name":"wp","href":"https:\/\/api.w.org\/{rel}","templated":true}]}}