{"id":494820,"date":"2025-10-28T06:14:48","date_gmt":"2025-10-28T06:14:48","guid":{"rendered":"https:\/\/www.europesays.com\/fr\/494820\/"},"modified":"2025-10-28T06:14:48","modified_gmt":"2025-10-28T06:14:48","slug":"montblanc-lyon-une-nouvelle-boutique-pour-ecrire-un-nouveau-chapitre","status":"publish","type":"post","link":"https:\/\/www.europesays.com\/fr\/494820\/","title":{"rendered":"Montblanc Lyon. Une nouvelle boutique pour \u00e9crire un nouveau chapitre"},"content":{"rendered":"<p>\t\t\t\t<img fetchpriority=\"high\" decoding=\"async\" width=\"900\" height=\"607\" src=\"https:\/\/www.europesays.com\/fr\/wp-content\/uploads\/2025\/10\/01-Montblanc_1.jpg\" alt=\"\" title=\"01 Montblanc_1\"   class=\"wp-image-166293\"\/><\/p>\n<p>Photos \u00a9 Saby Maviel pour Lyon People et DR <\/p>\n<p><strong>Texte\u00a0: Morgan Couturier \u2013<\/strong> Trois mois apr\u00e8s la fermeture de sa boutique historique, Montblanc a inaugur\u00e9 son nouvel \u00e9crin \u00e0 Lyon. Un court d\u00e9m\u00e9nagement qui permet \u00e0 la c\u00e9l\u00e8bre enseigne de stylos de luxe de gagner en \u00e9l\u00e9gance et en attractivit\u00e9.<\/p>\n<p>Il fallait bien cela pour accompagner cette \u00e9criture l\u00e9g\u00e8re et ces traits fluides, sortis de la plume des stylos Montblanc. L\u2019historique boutique du 98 rue du Pr\u00e9sident Edouard Herriot, ferm\u00e9e le 26 juillet dernier, la marque allemande s\u2019est donc offert un nouvel \u00e9crin luxueux de 93m2, en lieu et place des Trois Archers, o\u00f9 la gamme Meisterst\u00fcck, les pi\u00e8ces de collection d\u00e9di\u00e9es \u00e0 Van Gogh ou Renoir et les sacs de voyage \u00e9taient d\u00e9j\u00e0 expos\u00e9s.<\/p>\n<p><a href=\"https:\/\/www.lyonpeople.com\/?attachment_id=166291\" rel=\"attachment wp-att-166291 noopener\" target=\"_blank\"><img loading=\"lazy\" decoding=\"async\" class=\"alignnone size-full wp-image-166291\" src=\"data:image\/svg+xml,%3Csvg%20xmlns=\" http:=\"\" alt=\"\" width=\"900\" height=\"620\" data-lazy- data-lazy- data-lazy-src=\"https:\/\/www.europesays.com\/fr\/wp-content\/uploads\/2025\/10\/03-Montblanc.jpg\"\/><\/a><\/p>\n<p>\u00ab Nous avions deux boutiques qui \u00e9taient proches. Les fusionner permet d\u2019\u00e9lever la marque\u00a0\u00bb, a ainsi expos\u00e9 la directrice g\u00e9n\u00e9rale, <strong>St\u00e9phanie Martinez<\/strong>. D\u00e9sormais, les amoureux de l\u2019enseigne centenaire peuvent profiter d\u2019un \u00ab\u00a0\u00e9crin renouvel\u00e9, d\u00e9di\u00e9 \u00e0 l\u2019art de l\u2019\u00e9criture\u00a0\u00bb, dans lequel \u00ab\u00a0l\u2019esprit chaleureux de Montblanc\u00a0\u00bb trouve sa place dans une boutique plus lumineuse et design.<\/p>\n<p><a href=\"https:\/\/www.lyonpeople.com\/?attachment_id=166292\" rel=\"attachment wp-att-166292 noopener\" target=\"_blank\"><img loading=\"lazy\" decoding=\"async\" class=\"alignnone size-full wp-image-166292\" src=\"data:image\/svg+xml,%3Csvg%20xmlns=\" http:=\"\" alt=\"\" width=\"900\" height=\"600\" data-lazy- data-lazy- data-lazy-src=\"https:\/\/www.europesays.com\/fr\/wp-content\/uploads\/2025\/10\/05-Montblanc.jpg\"\/><\/a><\/p>\n<p>\u00ab\u00a0Je suis pr\u00eate \u00e0 sortir mon arc et mes fl\u00e8ches pour gravir le toit du monde\u00a0\u00bb, s\u2019est r\u00e9jouie de son c\u00f4t\u00e9 <strong>St\u00e9phanie Benaud<\/strong>, propuls\u00e9e directrice de la boutique, apr\u00e8s avoir incarn\u00e9 40 ans d\u2019histoire autour des rayons des Trois Archers. Un nouveau chapitre en somme. Calligraphi\u00e9 \u00e9videmment, avec \u00e9l\u00e9gance et raffinement.<\/p>\n<p style=\"text-align: center;\"><strong>Montblanc Lyon<br \/>Mardi 14 octobre 2025<\/strong><\/p>\n<p>                                <a href=\"https:\/\/www.europesays.com\/fr\/wp-content\/uploads\/2025\/10\/1-Montblanc.jpg\" title=\"1. St\u00e9phanie Benaud, directrice de la boutique Montblanc Lyon et St\u00e9phanie Martinez, directrice g\u00e9n\u00e9rale France de Montblanc\" data-rl_title=\"1. St\u00e9phanie Benaud, directrice de la boutique Montblanc Lyon et St\u00e9phanie Martinez, directrice g\u00e9n\u00e9rale France de Montblanc\" class=\"rl-gallery-link\" data-rl_caption=\"\" data-rel=\"lightbox-gallery-bGlnaHRib3gtZ2FsbGVyeS0w\" data-rl_><img loading=\"lazy\" decoding=\"async\" width=\"900\" height=\"600\" src=\"data:image\/svg+xml,%3Csvg%20xmlns=\" http:=\"\" class=\"attachment-large size-large\" alt=\"\" aria-describedby=\"gallery--166294\" data-lazy- data-lazy- data-lazy-src=\"https:\/\/www.europesays.com\/fr\/wp-content\/uploads\/2025\/10\/1-Montblanc.jpg\"\/><\/a><\/p>\n<p>\n                                1. St\u00e9phanie Benaud, directrice de la boutique Montblanc Lyon et St\u00e9phanie Martinez, directrice g\u00e9n\u00e9rale France de Montblanc<\/p>\n<p>                                <a href=\"https:\/\/www.europesays.com\/fr\/wp-content\/uploads\/2025\/10\/2-Montblanc.jpg\" title=\"2. Christelle Fleitou et Jocelyne Di Mayo, clientes Montblanc\" data-rl_title=\"2. Christelle Fleitou et Jocelyne Di Mayo, clientes Montblanc\" class=\"rl-gallery-link\" data-rl_caption=\"\" data-rel=\"lightbox-gallery-bGlnaHRib3gtZ2FsbGVyeS0w\" data-rl_><img loading=\"lazy\" decoding=\"async\" width=\"900\" height=\"600\" src=\"data:image\/svg+xml,%3Csvg%20xmlns=\" http:=\"\" class=\"attachment-large size-large\" alt=\"\" aria-describedby=\"gallery--166295\" data-lazy- data-lazy- data-lazy-src=\"https:\/\/www.europesays.com\/fr\/wp-content\/uploads\/2025\/10\/2-Montblanc.jpg\"\/><\/a><\/p>\n<p>\n                                2. Christelle Fleitou et Jocelyne Di Mayo, clientes Montblanc<\/p>\n<p><br style=\"clear: both\"\/><\/p>\n<p>                                <a href=\"https:\/\/www.europesays.com\/fr\/wp-content\/uploads\/2025\/10\/3-Montblanc.jpg\" title=\"3. St\u00e9phanie Martinez, directrice g\u00e9n\u00e9rale France de Montblanc, le chef Guy Lassausaie, Anne-Charlotte Mistral (Montblanc) et Laurence Duchamp (LDS And Co)\" data-rl_title=\"3. St\u00e9phanie Martinez, directrice g\u00e9n\u00e9rale France de Montblanc, le chef Guy Lassausaie, Anne-Charlotte Mistral (Montblanc) et Laurence Duchamp (LDS And Co)\" class=\"rl-gallery-link\" data-rl_caption=\"\" data-rel=\"lightbox-gallery-bGlnaHRib3gtZ2FsbGVyeS0w\" data-rl_><img loading=\"lazy\" decoding=\"async\" width=\"900\" height=\"610\" src=\"data:image\/svg+xml,%3Csvg%20xmlns=\" http:=\"\" class=\"attachment-large size-large\" alt=\"\" aria-describedby=\"gallery--166296\" data-lazy- data-lazy- data-lazy-src=\"https:\/\/www.europesays.com\/fr\/wp-content\/uploads\/2025\/10\/3-Montblanc.jpg\"\/><\/a><\/p>\n<p>\n                                3. St\u00e9phanie Martinez, directrice g\u00e9n\u00e9rale France de Montblanc, le chef Guy Lassausaie, Anne-Charlotte Mistral (Montblanc) et Laurence Duchamp (LDS And Co)<\/p>\n<p>                                <a href=\"https:\/\/www.europesays.com\/fr\/wp-content\/uploads\/2025\/10\/4-Montblanc.jpg\" title=\"4. Emmanuelle Da Silva alias Trendyemma, Luka Magat et Marie Moyenin (@marieandmood)\" data-rl_title=\"4. Emmanuelle Da Silva alias Trendyemma, Luka Magat et Marie Moyenin (@marieandmood)\" class=\"rl-gallery-link\" data-rl_caption=\"\" data-rel=\"lightbox-gallery-bGlnaHRib3gtZ2FsbGVyeS0w\" data-rl_><img loading=\"lazy\" decoding=\"async\" width=\"900\" height=\"640\" src=\"data:image\/svg+xml,%3Csvg%20xmlns=\" http:=\"\" class=\"attachment-large size-large\" alt=\"\" aria-describedby=\"gallery--166297\" data-lazy- data-lazy- data-lazy-src=\"https:\/\/www.europesays.com\/fr\/wp-content\/uploads\/2025\/10\/4-Montblanc.jpg\"\/><\/a><\/p>\n<p>\n                                4. Emmanuelle Da Silva alias Trendyemma, Luka Magat et Marie Moyenin (@marieandmood)<\/p>\n<p><br style=\"clear: both\"\/><\/p>\n<p>                                <a href=\"https:\/\/www.europesays.com\/fr\/wp-content\/uploads\/2025\/10\/5-Montblanc.jpg\" title=\"5. Carolane Domart (@carolane_dt) et Justine Dalle Vedove (@lapetite_lyonnaise)\" data-rl_title=\"5. Carolane Domart (@carolane_dt) et Justine Dalle Vedove (@lapetite_lyonnaise)\" class=\"rl-gallery-link\" data-rl_caption=\"\" data-rel=\"lightbox-gallery-bGlnaHRib3gtZ2FsbGVyeS0w\" data-rl_><img loading=\"lazy\" decoding=\"async\" width=\"900\" height=\"639\" src=\"data:image\/svg+xml,%3Csvg%20xmlns=\" http:=\"\" class=\"attachment-large size-large\" alt=\"\" aria-describedby=\"gallery--166298\" data-lazy- data-lazy- data-lazy-src=\"https:\/\/www.europesays.com\/fr\/wp-content\/uploads\/2025\/10\/5-Montblanc.jpg\"\/><\/a><\/p>\n<p>\n                                5. Carolane Domart (@carolane_dt) et Justine Dalle Vedove (@lapetite_lyonnaise)<\/p>\n<p>                                <a href=\"https:\/\/www.europesays.com\/fr\/wp-content\/uploads\/2025\/10\/6-Montblanc.jpg\" title=\"6. St\u00e9phanie Benaud, directrice de la boutique Montblanc Lyon, entour\u00e9e de Marie-Carmen et Michel Levacher et Christophe Th\u00e9atre (Audexcom)\" data-rl_title=\"6. St\u00e9phanie Benaud, directrice de la boutique Montblanc Lyon, entour\u00e9e de Marie-Carmen et Michel Levacher et Christophe Th\u00e9atre (Audexcom)\" class=\"rl-gallery-link\" data-rl_caption=\"\" data-rel=\"lightbox-gallery-bGlnaHRib3gtZ2FsbGVyeS0w\" data-rl_><img loading=\"lazy\" decoding=\"async\" width=\"900\" height=\"600\" src=\"data:image\/svg+xml,%3Csvg%20xmlns=\" http:=\"\" class=\"attachment-large size-large\" alt=\"\" aria-describedby=\"gallery--166299\" data-lazy- data-lazy- data-lazy-src=\"https:\/\/www.europesays.com\/fr\/wp-content\/uploads\/2025\/10\/6-Montblanc.jpg\"\/><\/a><\/p>\n<p>\n                                6. St\u00e9phanie Benaud, directrice de la boutique Montblanc Lyon, entour\u00e9e de Marie-Carmen et Michel Levacher et Christophe Th\u00e9atre (Audexcom)<\/p>\n<p><br style=\"clear: both\"\/><\/p>\n<p>                                <a href=\"https:\/\/www.europesays.com\/fr\/wp-content\/uploads\/2025\/10\/7-Montblanc.jpg\" title=\"7. Ali Ben Hamad (MD Lease) et Arthur Maier (Maier Horloger Joaillier)\" data-rl_title=\"7. Ali Ben Hamad (MD Lease) et Arthur Maier (Maier Horloger Joaillier)\" class=\"rl-gallery-link\" data-rl_caption=\"\" data-rel=\"lightbox-gallery-bGlnaHRib3gtZ2FsbGVyeS0w\" data-rl_><img loading=\"lazy\" decoding=\"async\" width=\"900\" height=\"649\" src=\"data:image\/svg+xml,%3Csvg%20xmlns=\" http:=\"\" class=\"attachment-large size-large\" alt=\"\" aria-describedby=\"gallery--166300\" data-lazy- data-lazy- data-lazy-src=\"https:\/\/www.europesays.com\/fr\/wp-content\/uploads\/2025\/10\/7-Montblanc.jpg\"\/><\/a><\/p>\n<p>\n                                7. Ali Ben Hamad (MD Lease) et Arthur Maier (Maier Horloger Joaillier)<\/p>\n<p>                                <a href=\"https:\/\/www.europesays.com\/fr\/wp-content\/uploads\/2025\/10\/8-Montblanc.jpg\" title=\"8. Victor et son papa, Franck Seimann (Favis)\" data-rl_title=\"8. Victor et son papa, Franck Seimann (Favis)\" class=\"rl-gallery-link\" data-rl_caption=\"\" data-rel=\"lightbox-gallery-bGlnaHRib3gtZ2FsbGVyeS0w\" data-rl_><img loading=\"lazy\" decoding=\"async\" width=\"900\" height=\"641\" src=\"data:image\/svg+xml,%3Csvg%20xmlns=\" http:=\"\" class=\"attachment-large size-large\" alt=\"\" aria-describedby=\"gallery--166301\" data-lazy- data-lazy- data-lazy-src=\"https:\/\/www.europesays.com\/fr\/wp-content\/uploads\/2025\/10\/8-Montblanc.jpg\"\/><\/a><\/p>\n<p>\n                                8. Victor et son papa, Franck Seimann (Favis)<\/p>\n<p><br style=\"clear: both\"\/><\/p>\n<p>                                <a href=\"https:\/\/www.europesays.com\/fr\/wp-content\/uploads\/2025\/10\/9-Montblanc.jpg\" title=\"9. Lemmy et Carla Brou (Caf\u00e9 Terroir)\" data-rl_title=\"9. Lemmy et Carla Brou (Caf\u00e9 Terroir)\" class=\"rl-gallery-link\" data-rl_caption=\"\" data-rel=\"lightbox-gallery-bGlnaHRib3gtZ2FsbGVyeS0w\" data-rl_><img loading=\"lazy\" decoding=\"async\" width=\"900\" height=\"600\" src=\"data:image\/svg+xml,%3Csvg%20xmlns=\" http:=\"\" class=\"attachment-large size-large\" alt=\"\" aria-describedby=\"gallery--166302\" data-lazy- data-lazy- data-lazy-src=\"https:\/\/www.europesays.com\/fr\/wp-content\/uploads\/2025\/10\/9-Montblanc.jpg\"\/><\/a><\/p>\n<p>\n                                9. Lemmy et Carla Brou (Caf\u00e9 Terroir)<\/p>\n<p>                                <a href=\"https:\/\/www.europesays.com\/fr\/wp-content\/uploads\/2025\/10\/10-Montblanc.jpg\" title=\"10. Virginie Begin et Cyril Carcano (Magnom)\" data-rl_title=\"10. Virginie Begin et Cyril Carcano (Magnom)\" class=\"rl-gallery-link\" data-rl_caption=\"\" data-rel=\"lightbox-gallery-bGlnaHRib3gtZ2FsbGVyeS0w\" data-rl_><img loading=\"lazy\" decoding=\"async\" width=\"900\" height=\"600\" src=\"data:image\/svg+xml,%3Csvg%20xmlns=\" http:=\"\" class=\"attachment-large size-large\" alt=\"\" aria-describedby=\"gallery--166303\" data-lazy- data-lazy- data-lazy-src=\"https:\/\/www.europesays.com\/fr\/wp-content\/uploads\/2025\/10\/10-Montblanc.jpg\"\/><\/a><\/p>\n<p>\n                                10. Virginie Begin et Cyril Carcano (Magnom)<\/p>\n<p><br style=\"clear: both\"\/><\/p>\n<p>                                <a href=\"https:\/\/www.europesays.com\/fr\/wp-content\/uploads\/2025\/10\/11-Montblanc.jpg\" title=\"11. Sophie Ajello (SAS Trigone), entour\u00e9e de Morgan Couturier, Flavie Laforet et Nicolas Winckler (Lyon People)\" data-rl_title=\"11. Sophie Ajello (SAS Trigone), entour\u00e9e de Morgan Couturier, Flavie Laforet et Nicolas Winckler (Lyon People)\" class=\"rl-gallery-link\" data-rl_caption=\"\" data-rel=\"lightbox-gallery-bGlnaHRib3gtZ2FsbGVyeS0w\" data-rl_><img loading=\"lazy\" decoding=\"async\" width=\"900\" height=\"600\" src=\"data:image\/svg+xml,%3Csvg%20xmlns=\" http:=\"\" class=\"attachment-large size-large\" alt=\"\" aria-describedby=\"gallery--166304\" data-lazy- data-lazy- data-lazy-src=\"https:\/\/www.europesays.com\/fr\/wp-content\/uploads\/2025\/10\/11-Montblanc.jpg\"\/><\/a><\/p>\n<p>\n                                11. Sophie Ajello (SAS Trigone), entour\u00e9e de Morgan Couturier, Flavie Laforet et Nicolas Winckler (Lyon People)<\/p>\n<p>                                <a href=\"https:\/\/www.europesays.com\/fr\/wp-content\/uploads\/2025\/10\/12-Montblanc.jpg\" title=\"12. Simon Bruillere et Nelson Soares, clients Montblanc\" data-rl_title=\"12. Simon Bruillere et Nelson Soares, clients Montblanc\" class=\"rl-gallery-link\" data-rl_caption=\"\" data-rel=\"lightbox-gallery-bGlnaHRib3gtZ2FsbGVyeS0w\" data-rl_><img loading=\"lazy\" decoding=\"async\" width=\"900\" height=\"656\" src=\"data:image\/svg+xml,%3Csvg%20xmlns=\" http:=\"\" class=\"attachment-large size-large\" alt=\"\" aria-describedby=\"gallery--166305\" data-lazy- data-lazy- data-lazy-src=\"https:\/\/www.europesays.com\/fr\/wp-content\/uploads\/2025\/10\/12-Montblanc.jpg\"\/><\/a><\/p>\n<p>\n                                12. Simon Bruillere et Nelson Soares, clients Montblanc<\/p>\n<p><br style=\"clear: both\"\/><\/p>\n<p>                                <a href=\"https:\/\/www.europesays.com\/fr\/wp-content\/uploads\/2025\/10\/13-Montblanc.jpg\" title=\"13. Le docteur Julien Gadoud, le docteur \u00c9meraude Rivoire et leur fille Isaure\" data-rl_title=\"13. Le docteur Julien Gadoud, le docteur \u00c9meraude Rivoire et leur fille Isaure\" class=\"rl-gallery-link\" data-rl_caption=\"\" data-rel=\"lightbox-gallery-bGlnaHRib3gtZ2FsbGVyeS0w\" data-rl_><img loading=\"lazy\" decoding=\"async\" width=\"900\" height=\"600\" src=\"data:image\/svg+xml,%3Csvg%20xmlns=\" http:=\"\" class=\"attachment-large size-large\" alt=\"\" aria-describedby=\"gallery--166306\" data-lazy- data-lazy- data-lazy-src=\"https:\/\/www.europesays.com\/fr\/wp-content\/uploads\/2025\/10\/13-Montblanc.jpg\"\/><\/a><\/p>\n<p>\n                                13. Le docteur Julien Gadoud, le docteur \u00c9meraude Rivoire et leur fille Isaure<\/p>\n<p>                                <a href=\"https:\/\/www.europesays.com\/fr\/wp-content\/uploads\/2025\/10\/14-Montblanc.jpg\" title=\"14. Agn\u00e8s (Montblanc) entour\u00e9 de Nicolas et son p\u00e8re Christophe Duverne, clients Montblanc\" data-rl_title=\"14. Agn\u00e8s (Montblanc) entour\u00e9 de Nicolas et son p\u00e8re Christophe Duverne, clients Montblanc\" class=\"rl-gallery-link\" data-rl_caption=\"\" data-rel=\"lightbox-gallery-bGlnaHRib3gtZ2FsbGVyeS0w\" data-rl_><img loading=\"lazy\" decoding=\"async\" width=\"900\" height=\"600\" src=\"data:image\/svg+xml,%3Csvg%20xmlns=\" http:=\"\" class=\"attachment-large size-large\" alt=\"\" aria-describedby=\"gallery--166307\" data-lazy- data-lazy- data-lazy-src=\"https:\/\/www.europesays.com\/fr\/wp-content\/uploads\/2025\/10\/14-Montblanc.jpg\"\/><\/a><\/p>\n<p>\n                                14. Agn\u00e8s (Montblanc) entour\u00e9 de Nicolas et son p\u00e8re Christophe Duverne, clients Montblanc<\/p>\n<p><br style=\"clear: both\"\/><\/p>\n<p>                                <a href=\"https:\/\/www.europesays.com\/fr\/wp-content\/uploads\/2025\/10\/15-Montblanc.jpg\" title=\"15. St\u00e9phanie Rigaud, sa fille Victorine Rigaud-Girard (Digital College) et Catherine Paviot (Mercedes Bocage)\" data-rl_title=\"15. St\u00e9phanie Rigaud, sa fille Victorine Rigaud-Girard (Digital College) et Catherine Paviot (Mercedes Bocage)\" class=\"rl-gallery-link\" data-rl_caption=\"\" data-rel=\"lightbox-gallery-bGlnaHRib3gtZ2FsbGVyeS0w\" data-rl_><img loading=\"lazy\" decoding=\"async\" width=\"900\" height=\"600\" src=\"data:image\/svg+xml,%3Csvg%20xmlns=\" http:=\"\" class=\"attachment-large size-large\" alt=\"\" aria-describedby=\"gallery--166308\" data-lazy- data-lazy- data-lazy-src=\"https:\/\/www.europesays.com\/fr\/wp-content\/uploads\/2025\/10\/15-Montblanc.jpg\"\/><\/a><\/p>\n<p>\n                                15. St\u00e9phanie Rigaud, sa fille Victorine Rigaud-Girard (Digital College) et Catherine Paviot (Mercedes Bocage)<\/p>\n<p>                                <a href=\"https:\/\/www.europesays.com\/fr\/wp-content\/uploads\/2025\/10\/16-Montblanc.jpg\" title=\"16. Lionel Rigaud (Groupe Carrion) et Jean-Michel Paviot (Mercedes Bocage)\" data-rl_title=\"16. Lionel Rigaud (Groupe Carrion) et Jean-Michel Paviot (Mercedes Bocage)\" class=\"rl-gallery-link\" data-rl_caption=\"\" data-rel=\"lightbox-gallery-bGlnaHRib3gtZ2FsbGVyeS0w\" data-rl_><img loading=\"lazy\" decoding=\"async\" width=\"900\" height=\"626\" src=\"data:image\/svg+xml,%3Csvg%20xmlns=\" http:=\"\" class=\"attachment-large size-large\" alt=\"\" aria-describedby=\"gallery--166309\" data-lazy- data-lazy- data-lazy-src=\"https:\/\/www.europesays.com\/fr\/wp-content\/uploads\/2025\/10\/16-Montblanc.jpg\"\/><\/a><\/p>\n<p>\n                                16. Lionel Rigaud (Groupe Carrion) et Jean-Michel Paviot (Mercedes Bocage)<\/p>\n<p><br style=\"clear: both\"\/><\/p>\n<p>                                <a href=\"https:\/\/www.europesays.com\/fr\/wp-content\/uploads\/2025\/10\/17-Montblanc.jpg\" title=\"17. Valentine et ses parents, Vanessa Arcos (Detra Vox) et S\u00e9bastien Arcos (EKLYA Business School)\" data-rl_title=\"17. Valentine et ses parents, Vanessa Arcos (Detra Vox) et S\u00e9bastien Arcos (EKLYA Business School)\" class=\"rl-gallery-link\" data-rl_caption=\"\" data-rel=\"lightbox-gallery-bGlnaHRib3gtZ2FsbGVyeS0w\" data-rl_><img loading=\"lazy\" decoding=\"async\" width=\"900\" height=\"600\" src=\"data:image\/svg+xml,%3Csvg%20xmlns=\" http:=\"\" class=\"attachment-large size-large\" alt=\"\" aria-describedby=\"gallery--166310\" data-lazy- data-lazy- data-lazy-src=\"https:\/\/www.europesays.com\/fr\/wp-content\/uploads\/2025\/10\/17-Montblanc.jpg\"\/><\/a><\/p>\n<p>\n                                17. Valentine et ses parents, Vanessa Arcos (Detra Vox) et S\u00e9bastien Arcos (EKLYA Business School)<\/p>\n<p>                                <a href=\"https:\/\/www.europesays.com\/fr\/wp-content\/uploads\/2025\/10\/18-Montblanc.jpg\" title=\"18. Laurence Duchamp (LDS And Co) et St\u00e9phanie Martinez, directrice g\u00e9n\u00e9rale France de Montblanc\" data-rl_title=\"18. Laurence Duchamp (LDS And Co) et St\u00e9phanie Martinez, directrice g\u00e9n\u00e9rale France de Montblanc\" class=\"rl-gallery-link\" data-rl_caption=\"\" data-rel=\"lightbox-gallery-bGlnaHRib3gtZ2FsbGVyeS0w\" data-rl_><img loading=\"lazy\" decoding=\"async\" width=\"900\" height=\"600\" src=\"data:image\/svg+xml,%3Csvg%20xmlns=\" http:=\"\" class=\"attachment-large size-large\" alt=\"\" aria-describedby=\"gallery--166311\" data-lazy- data-lazy- data-lazy-src=\"https:\/\/www.europesays.com\/fr\/wp-content\/uploads\/2025\/10\/18-Montblanc.jpg\"\/><\/a><\/p>\n<p>\n                                18. Laurence Duchamp (LDS And Co) et St\u00e9phanie Martinez, directrice g\u00e9n\u00e9rale France de Montblanc<\/p>\n<p><br style=\"clear: both\"\/><\/p>\n<p>                                <a href=\"https:\/\/www.europesays.com\/fr\/wp-content\/uploads\/2025\/10\/19-Montblanc.jpg\" title=\"19. Les fr\u00e8res Jean-Charles et Fr\u00e9d\u00e9ric Liabeuf (Transport Liabeuf)\" data-rl_title=\"19. Les fr\u00e8res Jean-Charles et Fr\u00e9d\u00e9ric Liabeuf (Transport Liabeuf)\" class=\"rl-gallery-link\" data-rl_caption=\"\" data-rel=\"lightbox-gallery-bGlnaHRib3gtZ2FsbGVyeS0w\" data-rl_><img loading=\"lazy\" decoding=\"async\" width=\"900\" height=\"600\" src=\"data:image\/svg+xml,%3Csvg%20xmlns=\" http:=\"\" class=\"attachment-large size-large\" alt=\"\" aria-describedby=\"gallery--166312\" data-lazy- data-lazy- data-lazy-src=\"https:\/\/www.europesays.com\/fr\/wp-content\/uploads\/2025\/10\/19-Montblanc.jpg\"\/><\/a><\/p>\n<p>\n                                19. Les fr\u00e8res Jean-Charles et Fr\u00e9d\u00e9ric Liabeuf (Transport Liabeuf)<\/p>\n<p>                                <a href=\"https:\/\/www.europesays.com\/fr\/wp-content\/uploads\/2025\/10\/20-Montblanc.jpg\" title=\"20. Xavier Picot et Yoann Bernetiere (Finyx Conseil)\" data-rl_title=\"20. Xavier Picot et Yoann Bernetiere (Finyx Conseil)\" class=\"rl-gallery-link\" data-rl_caption=\"\" data-rel=\"lightbox-gallery-bGlnaHRib3gtZ2FsbGVyeS0w\" data-rl_><img loading=\"lazy\" decoding=\"async\" width=\"900\" height=\"600\" src=\"data:image\/svg+xml,%3Csvg%20xmlns=\" http:=\"\" class=\"attachment-large size-large\" alt=\"\" aria-describedby=\"gallery--166313\" data-lazy- data-lazy- data-lazy-src=\"https:\/\/www.europesays.com\/fr\/wp-content\/uploads\/2025\/10\/20-Montblanc.jpg\"\/><\/a><\/p>\n<p>\n                                20. Xavier Picot et Yoann Bernetiere (Finyx Conseil)<\/p>\n<p><br style=\"clear: both\"\/><\/p>\n<p>                                <a href=\"https:\/\/www.europesays.com\/fr\/wp-content\/uploads\/2025\/10\/21-Montblanc.jpg\" title=\"21. St\u00e9phanie Martinez, directrice g\u00e9n\u00e9rale France de Montblanc, St\u00e9phanie Benaud, directrice de la boutique Montblanc Lyon, accompagn\u00e9es de Jean-Louis et Arthur Maier (Maier Horloger Joaillier)\" data-rl_title=\"21. St\u00e9phanie Martinez, directrice g\u00e9n\u00e9rale France de Montblanc, St\u00e9phanie Benaud, directrice de la boutique Montblanc Lyon, accompagn\u00e9es de Jean-Louis et Arthur Maier (Maier Horloger Joaillier)\" class=\"rl-gallery-link\" data-rl_caption=\"\" data-rel=\"lightbox-gallery-bGlnaHRib3gtZ2FsbGVyeS0w\" data-rl_><img loading=\"lazy\" decoding=\"async\" width=\"900\" height=\"600\" src=\"data:image\/svg+xml,%3Csvg%20xmlns=\" http:=\"\" class=\"attachment-large size-large\" alt=\"\" aria-describedby=\"gallery--166314\" data-lazy- data-lazy- data-lazy-src=\"https:\/\/www.europesays.com\/fr\/wp-content\/uploads\/2025\/10\/21-Montblanc.jpg\"\/><\/a><\/p>\n<p>\n                                21. St\u00e9phanie Martinez, directrice g\u00e9n\u00e9rale France de Montblanc, St\u00e9phanie Benaud, directrice de la boutique Montblanc Lyon, accompagn\u00e9es de Jean-Louis et Arthur Maier (Maier Horloger Joaillier)<\/p>\n<p>                                <a href=\"https:\/\/www.europesays.com\/fr\/wp-content\/uploads\/2025\/10\/22-Montblanc.jpg\" title=\"22. Pedro Mendes et Jos\u00e9 Barreiro, clients Montblanc\" data-rl_title=\"22. Pedro Mendes et Jos\u00e9 Barreiro, clients Montblanc\" class=\"rl-gallery-link\" data-rl_caption=\"\" data-rel=\"lightbox-gallery-bGlnaHRib3gtZ2FsbGVyeS0w\" data-rl_><img loading=\"lazy\" decoding=\"async\" width=\"900\" height=\"600\" src=\"data:image\/svg+xml,%3Csvg%20xmlns=\" http:=\"\" class=\"attachment-large size-large\" alt=\"\" aria-describedby=\"gallery--166315\" data-lazy- data-lazy- data-lazy-src=\"https:\/\/www.europesays.com\/fr\/wp-content\/uploads\/2025\/10\/22-Montblanc.jpg\"\/><\/a><\/p>\n<p>\n                                22. Pedro Mendes et Jos\u00e9 Barreiro, clients Montblanc<\/p>\n<p><br style=\"clear: both\"\/><\/p>\n<p>                                <a href=\"https:\/\/www.europesays.com\/fr\/wp-content\/uploads\/2025\/10\/23-Montblanc.jpg\" title=\"23. Maria Barreiro et C\u00e9line Mendes, clientes Montblanc\" data-rl_title=\"23. Maria Barreiro et C\u00e9line Mendes, clientes Montblanc\" class=\"rl-gallery-link\" data-rl_caption=\"\" data-rel=\"lightbox-gallery-bGlnaHRib3gtZ2FsbGVyeS0w\" data-rl_><img loading=\"lazy\" decoding=\"async\" width=\"900\" height=\"665\" src=\"data:image\/svg+xml,%3Csvg%20xmlns=\" http:=\"\" class=\"attachment-large size-large\" alt=\"\" aria-describedby=\"gallery--166316\" data-lazy- data-lazy- data-lazy-src=\"https:\/\/www.europesays.com\/fr\/wp-content\/uploads\/2025\/10\/23-Montblanc.jpg\"\/><\/a><\/p>\n<p>\n                                23. Maria Barreiro et C\u00e9line Mendes, clientes Montblanc<\/p>\n<p>                                <a href=\"https:\/\/www.europesays.com\/fr\/wp-content\/uploads\/2025\/10\/24-Montblanc.jpg\" title=\"24. Emmanuel Fay, client Montblanc et Olivier Duvilla (River Side)\" data-rl_title=\"24. Emmanuel Fay, client Montblanc et Olivier Duvilla (River Side)\" class=\"rl-gallery-link\" data-rl_caption=\"\" data-rel=\"lightbox-gallery-bGlnaHRib3gtZ2FsbGVyeS0w\" data-rl_><img loading=\"lazy\" decoding=\"async\" width=\"900\" height=\"600\" src=\"data:image\/svg+xml,%3Csvg%20xmlns=\" http:=\"\" class=\"attachment-large size-large\" alt=\"\" aria-describedby=\"gallery--166317\" data-lazy- data-lazy- data-lazy-src=\"https:\/\/www.europesays.com\/fr\/wp-content\/uploads\/2025\/10\/24-Montblanc.jpg\"\/><\/a><\/p>\n<p>\n                                24. Emmanuel Fay, client Montblanc et Olivier Duvilla (River Side)<\/p>\n<p><br style=\"clear: both\"\/><\/p>\n<p>                                <a href=\"https:\/\/www.europesays.com\/fr\/wp-content\/uploads\/2025\/10\/25-Montblanc.jpg\" title=\"25. Oph\u00e9lie Bosello (Montblanc), Pierre et Nadine Larroumes\" data-rl_title=\"25. Oph\u00e9lie Bosello (Montblanc), Pierre et Nadine Larroumes\" class=\"rl-gallery-link\" data-rl_caption=\"\" data-rel=\"lightbox-gallery-bGlnaHRib3gtZ2FsbGVyeS0w\" data-rl_><img loading=\"lazy\" decoding=\"async\" width=\"900\" height=\"600\" src=\"data:image\/svg+xml,%3Csvg%20xmlns=\" http:=\"\" class=\"attachment-large size-large\" alt=\"\" aria-describedby=\"gallery--166318\" data-lazy- data-lazy- data-lazy-src=\"https:\/\/www.europesays.com\/fr\/wp-content\/uploads\/2025\/10\/25-Montblanc.jpg\"\/><\/a><\/p>\n<p>\n                                25. Oph\u00e9lie Bosello (Montblanc), Pierre et Nadine Larroumes<\/p>\n<p>                                <a href=\"https:\/\/www.europesays.com\/fr\/wp-content\/uploads\/2025\/10\/26-Montblanc.jpg\" title=\"26. Fanny Rochat et Henrique Mendes, clients Montblanc\" data-rl_title=\"26. Fanny Rochat et Henrique Mendes, clients Montblanc\" class=\"rl-gallery-link\" data-rl_caption=\"\" data-rel=\"lightbox-gallery-bGlnaHRib3gtZ2FsbGVyeS0w\" data-rl_><img loading=\"lazy\" decoding=\"async\" width=\"900\" height=\"652\" src=\"data:image\/svg+xml,%3Csvg%20xmlns=\" http:=\"\" class=\"attachment-large size-large\" alt=\"\" aria-describedby=\"gallery--166319\" data-lazy- data-lazy- data-lazy-src=\"https:\/\/www.europesays.com\/fr\/wp-content\/uploads\/2025\/10\/26-Montblanc.jpg\"\/><\/a><\/p>\n<p>\n                                26. Fanny Rochat et Henrique Mendes, clients Montblanc<\/p>\n<p><br style=\"clear: both\"\/><\/p>\n<p>                                <a href=\"https:\/\/www.europesays.com\/fr\/wp-content\/uploads\/2025\/10\/27-Montblanc.jpg\" title=\"27. St\u00e9phanie Benaud, directrice de la boutique Montblanc Lyon, entour\u00e9e de Laurent et Cathy Carrion (Groupe Carrion)\" data-rl_title=\"27. St\u00e9phanie Benaud, directrice de la boutique Montblanc Lyon, entour\u00e9e de Laurent et Cathy Carrion (Groupe Carrion)\" class=\"rl-gallery-link\" data-rl_caption=\"\" data-rel=\"lightbox-gallery-bGlnaHRib3gtZ2FsbGVyeS0w\" data-rl_><img loading=\"lazy\" decoding=\"async\" width=\"900\" height=\"600\" src=\"data:image\/svg+xml,%3Csvg%20xmlns=\" http:=\"\" class=\"attachment-large size-large\" alt=\"\" aria-describedby=\"gallery--166320\" data-lazy- data-lazy- data-lazy-src=\"https:\/\/www.europesays.com\/fr\/wp-content\/uploads\/2025\/10\/27-Montblanc.jpg\"\/><\/a><\/p>\n<p>\n                                27. St\u00e9phanie Benaud, directrice de la boutique Montblanc Lyon, entour\u00e9e de Laurent et Cathy Carrion (Groupe Carrion)<\/p>\n<p>                                <a href=\"https:\/\/www.europesays.com\/fr\/wp-content\/uploads\/2025\/10\/28-Montblanc.jpg\" title=\"28. J\u00e9r\u00f4me Murgia et Augustine Cayre (Ferrari)\" data-rl_title=\"28. J\u00e9r\u00f4me Murgia et Augustine Cayre (Ferrari)\" class=\"rl-gallery-link\" data-rl_caption=\"\" data-rel=\"lightbox-gallery-bGlnaHRib3gtZ2FsbGVyeS0w\" data-rl_><img loading=\"lazy\" decoding=\"async\" width=\"900\" height=\"600\" src=\"data:image\/svg+xml,%3Csvg%20xmlns=\" http:=\"\" class=\"attachment-large size-large\" alt=\"\" aria-describedby=\"gallery--166321\" data-lazy- data-lazy- data-lazy-src=\"https:\/\/www.europesays.com\/fr\/wp-content\/uploads\/2025\/10\/28-Montblanc.jpg\"\/><\/a><\/p>\n<p>\n                                28. J\u00e9r\u00f4me Murgia et Augustine Cayre (Ferrari)<\/p>\n<p><br style=\"clear: both\"\/><\/p>\n<p>                                <a href=\"https:\/\/www.europesays.com\/fr\/wp-content\/uploads\/2025\/10\/29-Montblanc.jpg\" title=\"29. DJ Lune\" data-rl_title=\"29. DJ Lune\" class=\"rl-gallery-link\" data-rl_caption=\"\" data-rel=\"lightbox-gallery-bGlnaHRib3gtZ2FsbGVyeS0w\" data-rl_><img loading=\"lazy\" decoding=\"async\" width=\"900\" height=\"600\" src=\"data:image\/svg+xml,%3Csvg%20xmlns=\" http:=\"\" class=\"attachment-large size-large\" alt=\"\" aria-describedby=\"gallery--166322\" data-lazy- data-lazy- data-lazy-src=\"https:\/\/www.europesays.com\/fr\/wp-content\/uploads\/2025\/10\/29-Montblanc.jpg\"\/><\/a><\/p>\n<p>\n                                 29. DJ Lune<\/p>\n<p>                                <a href=\"https:\/\/www.europesays.com\/fr\/wp-content\/uploads\/2025\/10\/30-Montblanc.jpg\" title=\"30. Pierre-Adrien de Grandi et Anne-Charlotte Mistral (Montblanc)\" data-rl_title=\"30. Pierre-Adrien de Grandi et Anne-Charlotte Mistral (Montblanc)\" class=\"rl-gallery-link\" data-rl_caption=\"\" data-rel=\"lightbox-gallery-bGlnaHRib3gtZ2FsbGVyeS0w\" data-rl_><img loading=\"lazy\" decoding=\"async\" width=\"900\" height=\"600\" src=\"data:image\/svg+xml,%3Csvg%20xmlns=\" http:=\"\" class=\"attachment-large size-large\" alt=\"\" aria-describedby=\"gallery--166323\" data-lazy- data-lazy- data-lazy-src=\"https:\/\/www.europesays.com\/fr\/wp-content\/uploads\/2025\/10\/30-Montblanc.jpg\"\/><\/a><\/p>\n<p>\n                                30. Pierre-Adrien de Grandi et Anne-Charlotte Mistral (Montblanc)<\/p>\n<p><br style=\"clear: both\"\/><\/p>\n<p>                                <a href=\"https:\/\/www.europesays.com\/fr\/wp-content\/uploads\/2025\/10\/31-Montblanc.jpg\" title=\"31. Illiasse Bammou (Shadow Agency), Wassila Hadj (WT Conciergerie) et Arthur Maier (Maier Horloger Joaillier)\" data-rl_title=\"31. Illiasse Bammou (Shadow Agency), Wassila Hadj (WT Conciergerie) et Arthur Maier (Maier Horloger Joaillier)\" class=\"rl-gallery-link\" data-rl_caption=\"\" data-rel=\"lightbox-gallery-bGlnaHRib3gtZ2FsbGVyeS0w\" data-rl_><img loading=\"lazy\" decoding=\"async\" width=\"900\" height=\"600\" src=\"data:image\/svg+xml,%3Csvg%20xmlns=\" http:=\"\" class=\"attachment-large size-large\" alt=\"\" aria-describedby=\"gallery--166324\" data-lazy- data-lazy- data-lazy-src=\"https:\/\/www.europesays.com\/fr\/wp-content\/uploads\/2025\/10\/31-Montblanc.jpg\"\/><\/a><\/p>\n<p>\n                                31. Illiasse Bammou (Shadow Agency), Wassila Hadj (WT Conciergerie) et Arthur Maier (Maier Horloger Joaillier)<\/p>\n<p>                                <a href=\"https:\/\/www.europesays.com\/fr\/wp-content\/uploads\/2025\/10\/32-Montblanc.jpg\" title=\"32. Alexcia Couly, Miss Rh\u00f4ne-Alpes 2024 et Aur\u00e9lien Giraud, champion du monde 2023 de skateboard\" data-rl_title=\"32. Alexcia Couly, Miss Rh\u00f4ne-Alpes 2024 et Aur\u00e9lien Giraud, champion du monde 2023 de skateboard\" class=\"rl-gallery-link\" data-rl_caption=\"\" data-rel=\"lightbox-gallery-bGlnaHRib3gtZ2FsbGVyeS0w\" data-rl_><img loading=\"lazy\" decoding=\"async\" width=\"900\" height=\"600\" src=\"data:image\/svg+xml,%3Csvg%20xmlns=\" http:=\"\" class=\"attachment-large size-large\" alt=\"\" aria-describedby=\"gallery--166325\" data-lazy- data-lazy- data-lazy-src=\"https:\/\/www.europesays.com\/fr\/wp-content\/uploads\/2025\/10\/32-Montblanc.jpg\"\/><\/a><\/p>\n<p>\n                                32. Alexcia Couly, Miss Rh\u00f4ne-Alpes 2024 et Aur\u00e9lien Giraud, champion du monde 2023 de skateboard <\/p>\n<p><br style=\"clear: both\"\/><\/p>\n<p>                                <a href=\"https:\/\/www.europesays.com\/fr\/wp-content\/uploads\/2025\/10\/33-Montblanc.jpg\" title=\"33. Luka Magat, S\u00e9vane Tchepitchian et Pierre-Adrien de Grandi (Montblanc)\" data-rl_title=\"33. Luka Magat, S\u00e9vane Tchepitchian et Pierre-Adrien de Grandi (Montblanc)\" class=\"rl-gallery-link\" data-rl_caption=\"\" data-rel=\"lightbox-gallery-bGlnaHRib3gtZ2FsbGVyeS0w\" data-rl_><img loading=\"lazy\" decoding=\"async\" width=\"900\" height=\"600\" src=\"data:image\/svg+xml,%3Csvg%20xmlns=\" http:=\"\" class=\"attachment-large size-large\" alt=\"\" aria-describedby=\"gallery--166326\" data-lazy- data-lazy- data-lazy-src=\"https:\/\/www.europesays.com\/fr\/wp-content\/uploads\/2025\/10\/33-Montblanc.jpg\"\/><\/a><\/p>\n<p>\n                                33. Luka Magat, S\u00e9vane Tchepitchian et Pierre-Adrien de Grandi (Montblanc)<\/p>\n<p>                                <a href=\"https:\/\/www.europesays.com\/fr\/wp-content\/uploads\/2025\/10\/34-Montblanc.jpg\" title=\"34. S\u00e9vane Tchepitchian et Emma Kassarian (Montblanc)\" data-rl_title=\"34. S\u00e9vane Tchepitchian et Emma Kassarian (Montblanc)\" class=\"rl-gallery-link\" data-rl_caption=\"\" data-rel=\"lightbox-gallery-bGlnaHRib3gtZ2FsbGVyeS0w\" data-rl_><img loading=\"lazy\" decoding=\"async\" width=\"900\" height=\"600\" src=\"data:image\/svg+xml,%3Csvg%20xmlns=\" http:=\"\" class=\"attachment-large size-large\" alt=\"\" aria-describedby=\"gallery--166327\" data-lazy- data-lazy- data-lazy-src=\"https:\/\/www.europesays.com\/fr\/wp-content\/uploads\/2025\/10\/34-Montblanc.jpg\"\/><\/a><\/p>\n<p>\n                                34. S\u00e9vane Tchepitchian et Emma Kassarian (Montblanc)<\/p>\n<p><br style=\"clear: both\"\/><\/p>\n<p>                                <a href=\"https:\/\/www.europesays.com\/fr\/wp-content\/uploads\/2025\/10\/35-Montblanc.jpg\" title=\"35. Lionel Rigaud, Laurent Carrion (Groupe Carrion) et Jean-Michel Paviot (Mercedes Bocage)\" data-rl_title=\"35. Lionel Rigaud, Laurent Carrion (Groupe Carrion) et Jean-Michel Paviot (Mercedes Bocage)\" class=\"rl-gallery-link\" data-rl_caption=\"\" data-rel=\"lightbox-gallery-bGlnaHRib3gtZ2FsbGVyeS0w\" data-rl_><img loading=\"lazy\" decoding=\"async\" width=\"900\" height=\"600\" src=\"data:image\/svg+xml,%3Csvg%20xmlns=\" http:=\"\" class=\"attachment-large size-large\" alt=\"\" aria-describedby=\"gallery--166328\" data-lazy- data-lazy- data-lazy-src=\"https:\/\/www.europesays.com\/fr\/wp-content\/uploads\/2025\/10\/35-Montblanc.jpg\"\/><\/a><\/p>\n<p>\n                                35. Lionel Rigaud, Laurent Carrion (Groupe Carrion) et Jean-Michel Paviot (Mercedes Bocage)<\/p>\n<p>                                <a href=\"https:\/\/www.europesays.com\/fr\/wp-content\/uploads\/2025\/10\/36-Montblanc.jpg\" title=\"36. le chef Georges Reynon entour\u00e9 de St\u00e9phanie Benaud, directrice de la boutique Montblanc Lyon et St\u00e9phanie Martinez, directrice g\u00e9n\u00e9rale France de Montblanc\" data-rl_title=\"36. le chef Georges Reynon entour\u00e9 de St\u00e9phanie Benaud, directrice de la boutique Montblanc Lyon et St\u00e9phanie Martinez, directrice g\u00e9n\u00e9rale France de Montblanc\" class=\"rl-gallery-link\" data-rl_caption=\"\" data-rel=\"lightbox-gallery-bGlnaHRib3gtZ2FsbGVyeS0w\" data-rl_><img loading=\"lazy\" decoding=\"async\" width=\"900\" height=\"600\" src=\"data:image\/svg+xml,%3Csvg%20xmlns=\" http:=\"\" class=\"attachment-large size-large\" alt=\"\" aria-describedby=\"gallery--166329\" data-lazy- data-lazy- data-lazy-src=\"https:\/\/www.europesays.com\/fr\/wp-content\/uploads\/2025\/10\/36-Montblanc.jpg\"\/><\/a><\/p>\n<p>\n                                36. le chef Georges Reynon entour\u00e9 de St\u00e9phanie Benaud, directrice de la boutique Montblanc Lyon et St\u00e9phanie Martinez, directrice g\u00e9n\u00e9rale France de Montblanc<\/p>\n<p><br style=\"clear: both\"\/><\/p>\n<p>                                <a href=\"https:\/\/www.europesays.com\/fr\/wp-content\/uploads\/2025\/10\/37-Montblanc.jpg\" title=\"37. Orel Mangala (Olympique Lyonnais) entour\u00e9 de Wassila Hadj (WT Conciergerie), Luka Magat (Montblanc) et Illiasse Bammou (Shadow Agency)\" data-rl_title=\"37. Orel Mangala (Olympique Lyonnais) entour\u00e9 de Wassila Hadj (WT Conciergerie), Luka Magat (Montblanc) et Illiasse Bammou (Shadow Agency)\" class=\"rl-gallery-link\" data-rl_caption=\"\" data-rel=\"lightbox-gallery-bGlnaHRib3gtZ2FsbGVyeS0w\" data-rl_><img loading=\"lazy\" decoding=\"async\" width=\"900\" height=\"600\" src=\"data:image\/svg+xml,%3Csvg%20xmlns=\" http:=\"\" class=\"attachment-large size-large\" alt=\"\" aria-describedby=\"gallery--166330\" data-lazy- data-lazy- data-lazy-src=\"https:\/\/www.europesays.com\/fr\/wp-content\/uploads\/2025\/10\/37-Montblanc.jpg\"\/><\/a><\/p>\n<p>\n                                37. Orel Mangala (Olympique Lyonnais) entour\u00e9 de Wassila Hadj (WT Conciergerie), Luka Magat (Montblanc) et Illiasse Bammou (Shadow Agency)<\/p>\n<p>                                <a href=\"https:\/\/www.europesays.com\/fr\/wp-content\/uploads\/2025\/10\/OR41561.jpg\" title=\"38. Les joueurs de l&#039;Olympique Lyonnais, Orel Mangala et Ernest Nuamah\" data-rl_title=\"38. Les joueurs de l&#039;Olympique Lyonnais, Orel Mangala et Ernest Nuamah\" class=\"rl-gallery-link\" data-rl_caption=\"\" data-rel=\"lightbox-gallery-bGlnaHRib3gtZ2FsbGVyeS0w\" data-rl_><img loading=\"lazy\" decoding=\"async\" width=\"900\" height=\"600\" src=\"data:image\/svg+xml,%3Csvg%20xmlns=\" http:=\"\" class=\"attachment-large size-large\" alt=\"\" aria-describedby=\"gallery--166331\" data-lazy- data-lazy- data-lazy-src=\"https:\/\/www.europesays.com\/fr\/wp-content\/uploads\/2025\/10\/OR41561.jpg\"\/><\/a><\/p>\n<p>\n                                38. Les joueurs de l\u2019Olympique Lyonnais, Orel Mangala et Ernest Nuamah<\/p>\n<p><br style=\"clear: both\"\/><\/p>\n","protected":false},"excerpt":{"rendered":"Photos \u00a9 Saby Maviel pour Lyon People et DR Texte\u00a0: Morgan Couturier \u2013 Trois mois apr\u00e8s la fermeture&hellip;\n","protected":false},"author":2,"featured_media":494821,"comment_status":"","ping_status":"","sticky":false,"template":"","format":"standard","meta":{"footnotes":""},"categories":[1889],"tags":[4257,1111,47,4258,11,2430,1777,674,1011,27,2428,61743,12,25],"class_list":{"0":"post-494820","1":"post","2":"type-post","3":"status-publish","4":"format-standard","5":"has-post-thumbnail","7":"category-lyon","8":"tag-0top","9":"tag-actu","10":"tag-actualite","11":"tag-actualite-lyon","12":"tag-actualites","13":"tag-auvergne-rhone-alpes","14":"tag-eu","15":"tag-europe","16":"tag-fr","17":"tag-france","18":"tag-lyon","19":"tag-montblanc","20":"tag-news","21":"tag-republique-francaise"},"share_on_mastodon":{"url":"https:\/\/pubeurope.com\/@fr\/115450329916936741","error":""},"_links":{"self":[{"href":"https:\/\/www.europesays.com\/fr\/wp-json\/wp\/v2\/posts\/494820","targetHints":{"allow":["GET"]}}],"collection":[{"href":"https:\/\/www.europesays.com\/fr\/wp-json\/wp\/v2\/posts"}],"about":[{"href":"https:\/\/www.europesays.com\/fr\/wp-json\/wp\/v2\/types\/post"}],"author":[{"embeddable":true,"href":"https:\/\/www.europesays.com\/fr\/wp-json\/wp\/v2\/users\/2"}],"replies":[{"embeddable":true,"href":"https:\/\/www.europesays.com\/fr\/wp-json\/wp\/v2\/comments?post=494820"}],"version-history":[{"count":0,"href":"https:\/\/www.europesays.com\/fr\/wp-json\/wp\/v2\/posts\/494820\/revisions"}],"wp:featuredmedia":[{"embeddable":true,"href":"https:\/\/www.europesays.com\/fr\/wp-json\/wp\/v2\/media\/494821"}],"wp:attachment":[{"href":"https:\/\/www.europesays.com\/fr\/wp-json\/wp\/v2\/media?parent=494820"}],"wp:term":[{"taxonomy":"category","embeddable":true,"href":"https:\/\/www.europesays.com\/fr\/wp-json\/wp\/v2\/categories?post=494820"},{"taxonomy":"post_tag","embeddable":true,"href":"https:\/\/www.europesays.com\/fr\/wp-json\/wp\/v2\/tags?post=494820"}],"curies":[{"name":"wp","href":"https:\/\/api.w.org\/{rel}","templated":true}]}}