{"id":494826,"date":"2025-10-28T06:19:13","date_gmt":"2025-10-28T06:19:13","guid":{"rendered":"https:\/\/www.europesays.com\/fr\/494826\/"},"modified":"2025-10-28T06:19:13","modified_gmt":"2025-10-28T06:19:13","slug":"emmanuel-gregoire-veut-un-metro-ouvert-24h-24-a-paris-largument-des-nuisances-sonores-est-absurde","status":"publish","type":"post","link":"https:\/\/www.europesays.com\/fr\/494826\/","title":{"rendered":"Emmanuel Gr\u00e9goire veut un m\u00e9tro ouvert 24h\/24 \u00e0 Paris\u2026 \u00ab L\u2019argument des nuisances sonores est absurde \u00bb"},"content":{"rendered":"<p class=\"mb-4 text-lg md:leading-8 break-words\"><strong>Interview &#8211; Le candidat socialiste \u00e0 la mairie de Paris Emmanuel Gr\u00e9goire propose d\u2019ouvrir le m\u00e9tro toute la nuit. Entre attractivit\u00e9, culture et surtout travail, il explique le fond de son projet \u00e0 \u00ab\u00a020 Minutes\u00a0\u00bb<\/strong><\/p>\n<p class=\"mb-4 text-lg md:leading-8 break-words\">Il fut une \u00e9poque o\u00f9 <a href=\"https:\/\/www.20minutes.fr\/paris\/?at_medium=RSS%20feed&amp;at_campaign=ynews&amp;utm_source=yahoo&amp;utm_medium=rss&amp;utm_campaign=news_feed&amp;utm_content=in_article_link\" rel=\"nofollow noopener\" target=\"_blank\" data-ylk=\"slk:Paris;elm:context_link;itc:0;sec:content-canvas\" class=\"link \">Paris<\/a> \u00e9tait consid\u00e9r\u00e9e comme une de ces villes qui ne dorment jamais. Mais depuis plusieurs d\u00e9cennies, la capitale a laiss\u00e9 cette r\u00e9putation \u00e0 <a href=\"https:\/\/www.20minutes.fr\/dossier\/new_york?at_medium=RSS%20feed&amp;at_campaign=ynews&amp;utm_source=yahoo&amp;utm_medium=rss&amp;utm_campaign=news_feed&amp;utm_content=in_article_link\" rel=\"nofollow noopener\" target=\"_blank\" data-ylk=\"slk:New York;elm:context_link;itc:0;sec:content-canvas\" class=\"link \">New York<\/a>. Malgr\u00e9 une vie nocturne riche, la Ville Lumi\u00e8re \u00e9teint une grande partie de ses feux et ferme <a href=\"https:\/\/www.20minutes.fr\/dossier\/metro?at_medium=RSS%20feed&amp;at_campaign=ynews&amp;utm_source=yahoo&amp;utm_medium=rss&amp;utm_campaign=news_feed&amp;utm_content=in_article_link\" rel=\"nofollow noopener\" target=\"_blank\" data-ylk=\"slk:ses stations de m\u00e9tro;elm:context_link;itc:0;sec:content-canvas\" class=\"link \">ses stations de m\u00e9tro<\/a> vers 1 heure du matin en semaine (2 heures le week-end). Une pratique \u00e0 renverser, selon <a href=\"https:\/\/www.20minutes.fr\/politique\/4161239-20250701-municipales-paris-malgre-opposition-anne-hidalgo-ps-choisit-emmanuel-gregoire-veut-rassembler-gauche?at_medium=RSS%20feed&amp;at_campaign=ynews&amp;utm_source=yahoo&amp;utm_medium=rss&amp;utm_campaign=news_feed&amp;utm_content=in_article_link\" rel=\"nofollow noopener\" target=\"_blank\" data-ylk=\"slk:Emmanuel Gr\u00e9goire;elm:context_link;itc:0;sec:content-canvas\" class=\"link \">Emmanuel Gr\u00e9goire<\/a>.<\/p>\n<p class=\"mb-4 text-lg md:leading-8 break-words\">Le candidat <a href=\"https:\/\/www.20minutes.fr\/politique\/ps\/?at_medium=RSS%20feed&amp;at_campaign=ynews&amp;utm_source=yahoo&amp;utm_medium=rss&amp;utm_campaign=news_feed&amp;utm_content=in_article_link\" rel=\"nofollow noopener\" target=\"_blank\" data-ylk=\"slk:socialiste;elm:context_link;itc:0;sec:content-canvas\" class=\"link \">socialiste<\/a> \u00e0 la mairie de Paris pour les municipales de\u00a02026 a affirm\u00e9, il y a quelques jours, vouloir instaurer un m\u00e9tro qui fonctionnerait 24h\/24. De quoi soulever les critiques de nombreux Parisiens et \u00e9lus d\u2019opposition. Lui n\u2019en d\u00e9mord pas, jusqu\u2019\u00e0 avoir lanc\u00e9 une p\u00e9tition. Pour 20 Minutes, il explique son id\u00e9e qui s\u2019inscrit dans un projet plus large de mobilit\u00e9.<\/p>\n<p>Sans crier gare, vous proposez un m\u00e9tro ouvert toute la nuit \u00e0 Paris. D\u2019o\u00f9 \u00e9merge cette id\u00e9e\u00a0?<\/p>\n<p class=\"mb-4 text-lg md:leading-8 break-words\">De base, c\u2019est d\u2019abord une id\u00e9e citoyenne. J\u2019ai eu l\u2019occasion dans ma vie de voyager et de constater que \u00e7a fait bien longtemps que d\u2019autres grandes villes du monde ont des m\u00e9tros la nuit\u00a0: New York, <a href=\"https:\/\/www.20minutes.fr\/dossier\/londres?at_medium=RSS%20feed&amp;at_campaign=ynews&amp;utm_source=yahoo&amp;utm_medium=rss&amp;utm_campaign=news_feed&amp;utm_content=in_article_link\" rel=\"nofollow noopener\" target=\"_blank\" data-ylk=\"slk:Londres;elm:context_link;itc:0;sec:content-canvas\" class=\"link \">Londres<\/a>, Berlin par exemple. J\u2019ai pu relever le gain de qualit\u00e9 de vie et de service que cela offrait aux usagers. Ouvrir le m\u00e9tro, c&rsquo;est rendre la ville \u00e0 celles et ceux qui la font vivre quotidiennement. Aucune capitale ne peut tol\u00e9rer que ses citoyens soient priv\u00e9s de mobilit\u00e9 nocturne s\u00fbre et abordable.<\/p>\n<p class=\"mb-4 text-lg md:leading-8 break-words\">C\u2019est aussi une bataille mondiale d\u2019attractivit\u00e9 et de dynamisme. \u00c0 cet \u00e9gard, je vois comme une injustice qu\u2019une (&#8230;)<\/p>\n<p class=\"mb-4 text-lg md:leading-8 break-words\"><a href=\"https:\/\/www.20minutes.fr\/paris\/4181820-20251028-municipales-2026-emmanuel-gregoire-veut-metro-ouvert-24h-24-paris-argument-nuisances-sonores-absurde?at_medium=RSS%20feed&amp;at_campaign=ynews&amp;utm_source=yahoo&amp;utm_medium=rss&amp;utm_campaign=news_feed&amp;utm_content=read_more_link&quot;\" rel=\"nofollow noopener\" target=\"_blank\" data-ylk=\"slk:Lire la suite sur 20minutes;elm:context_link;itc:0;sec:content-canvas\" class=\"link \">Lire la suite sur 20minutes<\/a><\/p>\n<p>\u00c0 lire aussi :<br \/><a href=\"https:\/\/www.20minutes.fr\/paris\/4122019-20241119-paris-ancien-premier-adjoint-anne-hidalgo-emmanuel-gregoire-candidat-mairie-paris?at_medium=RSS%20feed&amp;at_campaign=ynews&amp;utm_source=yahoo&amp;utm_medium=rss&amp;utm_campaign=news_feed&amp;utm_content=related_content_link\" rel=\"nofollow noopener\" target=\"_blank\" data-ylk=\"slk:Paris\u00a0: L\u2019ancien premier adjoint d\u2019Anne Hidalgo, Emmanuel Gr\u00e9goire candidat \u00e0 la mairie de Paris;elm:context_link;itc:0;sec:content-canvas\" class=\"link \">Paris\u00a0: L\u2019ancien premier adjoint d\u2019Anne Hidalgo, Emmanuel Gr\u00e9goire candidat \u00e0 la mairie de Paris<\/a><br \/><a href=\"https:\/\/www.20minutes.fr\/economie\/4165962-20250730-paris-153-millions-benefices-six-mois-ratp-va-beaucoup-mieux?at_medium=RSS%20feed&amp;at_campaign=ynews&amp;utm_source=yahoo&amp;utm_medium=rss&amp;utm_campaign=news_feed&amp;utm_content=related_content_link\" rel=\"nofollow noopener\" target=\"_blank\" data-ylk=\"slk:Paris\u00a0: 153\u00a0millions de b\u00e9n\u00e9fices en six mois\u2026 La RATP va (beaucoup) mieux;elm:context_link;itc:0;sec:content-canvas\" class=\"link \">Paris\u00a0: 153\u00a0millions de b\u00e9n\u00e9fices en six mois\u2026 La RATP va (beaucoup) mieux<\/a><\/p>\n","protected":false},"excerpt":{"rendered":"Interview &#8211; Le candidat socialiste \u00e0 la mairie de Paris Emmanuel Gr\u00e9goire propose d\u2019ouvrir le m\u00e9tro toute la&hellip;\n","protected":false},"author":2,"featured_media":494827,"comment_status":"","ping_status":"","sticky":false,"template":"","format":"standard","meta":{"footnotes":""},"categories":[1888],"tags":[1111,1928,11,1927,61744,8186,1777,674,1011,27,52280,2381,12,1926,626,1925,25,20285],"class_list":{"0":"post-494826","1":"post","2":"type-post","3":"status-publish","4":"format-standard","5":"has-post-thumbnail","7":"category-paris","8":"tag-actu","9":"tag-actu-paris","10":"tag-actualites","11":"tag-actualites-paris","12":"tag-candidat-socialiste","13":"tag-emmanuel-gregoire","14":"tag-eu","15":"tag-europe","16":"tag-fr","17":"tag-france","18":"tag-le-metro","19":"tag-mairie-de-paris","20":"tag-news","21":"tag-news-paris","22":"tag-paris","23":"tag-paris-news","24":"tag-republique-francaise","25":"tag-stations-de-metro"},"share_on_mastodon":{"url":"","error":""},"_links":{"self":[{"href":"https:\/\/www.europesays.com\/fr\/wp-json\/wp\/v2\/posts\/494826","targetHints":{"allow":["GET"]}}],"collection":[{"href":"https:\/\/www.europesays.com\/fr\/wp-json\/wp\/v2\/posts"}],"about":[{"href":"https:\/\/www.europesays.com\/fr\/wp-json\/wp\/v2\/types\/post"}],"author":[{"embeddable":true,"href":"https:\/\/www.europesays.com\/fr\/wp-json\/wp\/v2\/users\/2"}],"replies":[{"embeddable":true,"href":"https:\/\/www.europesays.com\/fr\/wp-json\/wp\/v2\/comments?post=494826"}],"version-history":[{"count":0,"href":"https:\/\/www.europesays.com\/fr\/wp-json\/wp\/v2\/posts\/494826\/revisions"}],"wp:featuredmedia":[{"embeddable":true,"href":"https:\/\/www.europesays.com\/fr\/wp-json\/wp\/v2\/media\/494827"}],"wp:attachment":[{"href":"https:\/\/www.europesays.com\/fr\/wp-json\/wp\/v2\/media?parent=494826"}],"wp:term":[{"taxonomy":"category","embeddable":true,"href":"https:\/\/www.europesays.com\/fr\/wp-json\/wp\/v2\/categories?post=494826"},{"taxonomy":"post_tag","embeddable":true,"href":"https:\/\/www.europesays.com\/fr\/wp-json\/wp\/v2\/tags?post=494826"}],"curies":[{"name":"wp","href":"https:\/\/api.w.org\/{rel}","templated":true}]}}