{"id":494828,"date":"2025-10-28T06:20:11","date_gmt":"2025-10-28T06:20:11","guid":{"rendered":"https:\/\/www.europesays.com\/fr\/494828\/"},"modified":"2025-10-28T06:20:11","modified_gmt":"2025-10-28T06:20:11","slug":"la-rue-mouffetard-restera-toujours-la-rue-mouffetard-a-paris-lemblematique-artere-a-t-elle-perdu-son-ame","status":"publish","type":"post","link":"https:\/\/www.europesays.com\/fr\/494828\/","title":{"rendered":"\u00ab\u00a0La rue Mouffetard restera toujours la rue Mouffetard\u00a0\u00bb\u00a0: \u00e0 Paris, l\u2019embl\u00e9matique art\u00e8re a-t-elle perdu son \u00e2me\u00a0?"},"content":{"rendered":"<p class=\"col subheadline margin_bottom_subheadline widescreen-12 desktop-10\">Nouveaux pav\u00e9s, jardini\u00e8res en bord de chauss\u00e9e\u2026 Achev\u00e9s cet \u00e9t\u00e9, les travaux effectu\u00e9s par la Ville sur une portion de la rue Mouffetard font r\u00e9agir, certains riverains regrettant la \u00ab\u00a0perte d\u2019identit\u00e9\u00a0\u00bb de la voie. Une critique balay\u00e9e par plusieurs commer\u00e7ants et la municipalit\u00e9, qui d\u00e9fendent un quartier plus apais\u00e9.<\/p>\n<p>Par <a href=\"https:\/\/www.leparisien.fr\/auteur\/auguste-canier\/\" class=\"author_link\" rel=\"nofollow noopener\" target=\"_blank\">Auguste Canier<\/a>\u00a0<\/p>\n<p>Le 28 octobre 2025 \u00e0 06h51<\/p>\n","protected":false},"excerpt":{"rendered":"Nouveaux pav\u00e9s, jardini\u00e8res en bord de chauss\u00e9e\u2026 Achev\u00e9s cet \u00e9t\u00e9, les travaux effectu\u00e9s par la Ville sur une&hellip;\n","protected":false},"author":2,"featured_media":494829,"comment_status":"","ping_status":"","sticky":false,"template":"","format":"standard","meta":{"footnotes":""},"categories":[1888],"tags":[11,1777,674,1011,27,1944,12,626,25],"class_list":{"0":"post-494828","1":"post","2":"type-post","3":"status-publish","4":"format-standard","5":"has-post-thumbnail","7":"category-paris","8":"tag-actualites","9":"tag-eu","10":"tag-europe","11":"tag-fr","12":"tag-france","13":"tag-ma-ville","14":"tag-news","15":"tag-paris","16":"tag-republique-francaise"},"share_on_mastodon":{"url":"https:\/\/pubeurope.com\/@fr\/115450349088642491","error":""},"_links":{"self":[{"href":"https:\/\/www.europesays.com\/fr\/wp-json\/wp\/v2\/posts\/494828","targetHints":{"allow":["GET"]}}],"collection":[{"href":"https:\/\/www.europesays.com\/fr\/wp-json\/wp\/v2\/posts"}],"about":[{"href":"https:\/\/www.europesays.com\/fr\/wp-json\/wp\/v2\/types\/post"}],"author":[{"embeddable":true,"href":"https:\/\/www.europesays.com\/fr\/wp-json\/wp\/v2\/users\/2"}],"replies":[{"embeddable":true,"href":"https:\/\/www.europesays.com\/fr\/wp-json\/wp\/v2\/comments?post=494828"}],"version-history":[{"count":0,"href":"https:\/\/www.europesays.com\/fr\/wp-json\/wp\/v2\/posts\/494828\/revisions"}],"wp:featuredmedia":[{"embeddable":true,"href":"https:\/\/www.europesays.com\/fr\/wp-json\/wp\/v2\/media\/494829"}],"wp:attachment":[{"href":"https:\/\/www.europesays.com\/fr\/wp-json\/wp\/v2\/media?parent=494828"}],"wp:term":[{"taxonomy":"category","embeddable":true,"href":"https:\/\/www.europesays.com\/fr\/wp-json\/wp\/v2\/categories?post=494828"},{"taxonomy":"post_tag","embeddable":true,"href":"https:\/\/www.europesays.com\/fr\/wp-json\/wp\/v2\/tags?post=494828"}],"curies":[{"name":"wp","href":"https:\/\/api.w.org\/{rel}","templated":true}]}}