{"id":494838,"date":"2025-10-28T06:25:16","date_gmt":"2025-10-28T06:25:16","guid":{"rendered":"https:\/\/www.europesays.com\/fr\/494838\/"},"modified":"2025-10-28T06:25:16","modified_gmt":"2025-10-28T06:25:16","slug":"un-nouveau-symbole-des-relations-strategiques","status":"publish","type":"post","link":"https:\/\/www.europesays.com\/fr\/494838\/","title":{"rendered":"un nouveau symbole des relations strat\u00e9giques"},"content":{"rendered":"<p>ARTA &#8211; L\u2019achat d\u2019un avion de combat Eurofighter est devenu un nouveau symbole des relations strat\u00e9giques de la Turquie avec la Grande-Bretagne, a d\u00e9clar\u00e9 le pr\u00e9sident Recep Tayyip Erdo\u011fan.<\/p>\n<p>ar &#8211; la Turquie et la Grande-Bretagne ont sign\u00e9 un accord de 8 milliards de livres (177 486 480 000 000 IDR) pour l\u2019achat de 20 avions Eurofighter typhon, renfor\u00e7ant la coop\u00e9ration bilat\u00e9rale de d\u00e9fense entre les deux alli\u00e9s de l\u2019Organisation du Trait\u00e9 de d\u00e9fense de l\u2019Atlantique Nord (OTAN).<\/p>\n<p>ronyme : Le pr\u00e9sident Recep Tayyip Erdo\u011fan a d\u00e9clar\u00e9 que le r\u00e8glement de mise en \u0153uvre de l\u2019achat d\u2019avions de combat Eurofighter Typhoon avait \u00e9t\u00e9 sign\u00e9 lors d\u2019une r\u00e9union inter-delegation.<\/p>\n<p>ronyme. \u00ab Je consid\u00e8re cet accord comme un nouveau symbole des relations strat\u00e9giques entre nos deux alli\u00e9s \u00e9troits. Je suis s\u00fbr que cette coop\u00e9ration avec le Royaume-Uni ouvrira \u00e9galement la voie \u00e0 des projets conjoints dans l\u2019industrie de la d\u00e9fense \u00bb, a d\u00e9clar\u00e9 le pr\u00e9sident Erdogan Daily Sabah le 28 octobre.<\/p>\n<p>in, le Premier ministre britannique Keir Starmer a d\u00e9clar\u00e9 que l\u2019accord d\u2019avion de combat entre les deux pays renforcerait la s\u00e9curit\u00e9 dans l\u2019OTAN et renforcerait la coop\u00e9ration bilat\u00e9rale dans l\u2019industrie de la d\u00e9fense.<\/p>\n<p>London a d\u00e9clar\u00e9 que Ankara recevrait le premier typhon de 20 typhons d\u2019ici 20 ans. Starmer a d\u00e9clar\u00e9 que l\u2019accord, dont les discussions commencent en 2023, inclurait la possibilit\u00e9 d\u2019acheter plus, cit\u00e9 par Reuters.<\/p>\n<p>r\u00e9nal en plus des avions de combat, les deux dirigeants ont annonc\u00e9 le lancement du premier cadre bilat\u00e9ral de coop\u00e9ration entre la Grande-Bretagne et la Turquie.<\/p>\n<p>Starmer l\u2019a qualifi\u00e9 de \u00ab moments importants qui refl\u00e8tent l\u2019approfondissement et l\u2019\u00e9tendue de notre coop\u00e9ration existante et nos ambitions d\u2019aller plus loin \u00bb.<\/p>\n<p>al Erdoan a d\u00e9clar\u00e9: \u00ab Nous nous engageons \u00e0 augmenter le volume de nos commerces avec le Royaume-Uni, d\u2019abord de 30 milliards de dollars am\u00e9ricains \u00e0 40 milliards de dollars am\u00e9ricains. Nous sommes d\u00e9termin\u00e9s \u00e0 renforcer nos relations \u00e9conomiques. \u00bb<\/p>\n<p>ar nyler a not\u00e9 que la Turquie ach\u00e8terait 12 avions d\u2019 Eurofighter au Qatar, 12 d\u2019Oman et 20 de la Grande-Bretagne.<\/p>\n<p>ar &#8211; en juillet, Ankara et Londres ont sign\u00e9 un accord d&rsquo;achat pr\u00e9liminaire approuv\u00e9 par les membres du consortium Eurofighter, \u00e0 savoir la Grande-Bretagne, l\u2019Allemagne, l\u2019Italie et l\u2019Espagne, repr\u00e9sent\u00e9s par Airbus, BAE Systems et Leonardo.<\/p>\n<p>ronyme : L&rsquo;Allemagne a initialement bloqu\u00e9 les ventes, mais a r\u00e9voqu\u00e9 son refus en juillet, ce qui a ouvert la voie \u00e0 ces ventes.<\/p>\n<p>rimoine : la semaine derni\u00e8re, le pr\u00e9sident Erdoan s&rsquo;est rendu au Qatar et \u00e0 Oman pour discuter du plan d&rsquo;achat, ce qui, selon le pr\u00e9sident, s&rsquo;est dirig\u00e9 vers une \u00ab positive \u00bb.<\/p>\n<p>The English, Chinese, Japanese, Arabic, and French versions are automatically generated by the AI. So there may still be inaccuracies in translating, please always see Indonesian as our main language.<br \/>\n                                    (system supported by DigitalSiber.id)<\/p>\n","protected":false},"excerpt":{"rendered":"ARTA &#8211; L\u2019achat d\u2019un avion de combat Eurofighter est devenu un nouveau symbole des relations strat\u00e9giques de la&hellip;\n","protected":false},"author":2,"featured_media":494839,"comment_status":"","ping_status":"","sticky":false,"template":"","format":"standard","meta":{"footnotes":""},"categories":[1588],"tags":[11,40663,15145,1777,690,674,14,2581,5803,12,61747,473,1853,61746,1851,1850,1852],"class_list":{"0":"post-494838","1":"post","2":"type-post","3":"status-publish","4":"format-standard","5":"has-post-thumbnail","7":"category-royaume-uni","8":"tag-actualites","9":"tag-avion-de-combat","10":"tag-britannique","11":"tag-eu","12":"tag-eurofighter","13":"tag-europe","14":"tag-international","15":"tag-keir-starmer","16":"tag-man","17":"tag-news","18":"tag-recep-tayyip-er-sedan","19":"tag-royaume-uni","20":"tag-royaume-uni-de-grande-bretagne-et-dirlande-du-nord","21":"tag-turki","22":"tag-uk","23":"tag-united-kingdom","24":"tag-united-kingdom-of-great-britain-and-northern-ireland"},"share_on_mastodon":{"url":"https:\/\/pubeurope.com\/@fr\/115450368712894644","error":""},"_links":{"self":[{"href":"https:\/\/www.europesays.com\/fr\/wp-json\/wp\/v2\/posts\/494838","targetHints":{"allow":["GET"]}}],"collection":[{"href":"https:\/\/www.europesays.com\/fr\/wp-json\/wp\/v2\/posts"}],"about":[{"href":"https:\/\/www.europesays.com\/fr\/wp-json\/wp\/v2\/types\/post"}],"author":[{"embeddable":true,"href":"https:\/\/www.europesays.com\/fr\/wp-json\/wp\/v2\/users\/2"}],"replies":[{"embeddable":true,"href":"https:\/\/www.europesays.com\/fr\/wp-json\/wp\/v2\/comments?post=494838"}],"version-history":[{"count":0,"href":"https:\/\/www.europesays.com\/fr\/wp-json\/wp\/v2\/posts\/494838\/revisions"}],"wp:featuredmedia":[{"embeddable":true,"href":"https:\/\/www.europesays.com\/fr\/wp-json\/wp\/v2\/media\/494839"}],"wp:attachment":[{"href":"https:\/\/www.europesays.com\/fr\/wp-json\/wp\/v2\/media?parent=494838"}],"wp:term":[{"taxonomy":"category","embeddable":true,"href":"https:\/\/www.europesays.com\/fr\/wp-json\/wp\/v2\/categories?post=494838"},{"taxonomy":"post_tag","embeddable":true,"href":"https:\/\/www.europesays.com\/fr\/wp-json\/wp\/v2\/tags?post=494838"}],"curies":[{"name":"wp","href":"https:\/\/api.w.org\/{rel}","templated":true}]}}