{"id":494853,"date":"2025-10-28T06:35:21","date_gmt":"2025-10-28T06:35:21","guid":{"rendered":"https:\/\/www.europesays.com\/fr\/494853\/"},"modified":"2025-10-28T06:35:21","modified_gmt":"2025-10-28T06:35:21","slug":"tennis-le-0-7-stratospherique-des-francais-au-rolex-paris-masters","status":"publish","type":"post","link":"https:\/\/www.europesays.com\/fr\/494853\/","title":{"rendered":"Tennis | Le 0\/7 stratosph\u00e9rique des Fran\u00e7ais au Rolex Paris Masters"},"content":{"rendered":"<p><a href=\"https:\/\/amzn.to\/3J4MzhY\" target=\"_blank\" rel=\"nofollow noopener\"><br \/>\n  <img decoding=\"async\" src=\"https:\/\/www.europesays.com\/fr\/wp-content\/uploads\/2025\/10\/eea7497d-banniere-promo-v2.png\"\/><br \/>\n<\/a><\/p>\n<p><strong>Alors que le mois de d\u00e9cembre est encore loin, <a href=\"https:\/\/fflose.com\/tennis-raquette-brisee-point-venu-dailleurs-la-finale-irreelle-de-corentin-moutet\/\" rel=\"nofollow noopener\" target=\"_blank\">les Bleus du tennis<\/a> ont tout de m\u00eame tenu \u00e0 nous offrir un cadeau de No\u00ebl en avance au Rolex Paris Masters. Enfin, sept pour \u00eatre pr\u00e9cis.<\/strong><\/p>\n<p>Le tennis fran\u00e7ais se porte \u00e0 merveille au Masters de Paris<\/p>\n<p>Comme vous le savez, le dernier Masters 1000 de la saison a lieu \u00e0 Paris. Et pour l\u2019occasion, de nombreux espoirs accompagnent les Mousquetaires en terre fran\u00e7aise. Il faut bien avouer que cet espoir contraste avec celui \u00e0 Roland-Garros, o\u00f9 les Bleus disparaissent tr\u00e8s rapidement du tableau masculin. Parfois m\u00eame d\u00e8s le deuxi\u00e8me tour. Alors \u00e0 Nanterre, nouveau lieu du tournoi, les premiers regards se tournaient vers les Fran\u00e7ais pr\u00e9sents en qualifications. Et il faut dire qu\u2019il n\u2019y a pas eu de jaloux.<\/p>\n<p>En effet, Ugo Blanchet, Pierre-Hugues Herbert, Quentin Halys, Adrian Mannarino, Kyrian Jacquet, Luca Van Assche et Valentin Royer ont tous r\u00e9pondu pr\u00e9sents pour ne pas int\u00e9grer le tableau principal du tournoi. Sept Fran\u00e7ais, pour exactement sept \u00e9liminations d\u00e8s les qualifs. On est sur un ratio extr\u00eamement int\u00e9ressant.<\/p>\n<blockquote class=\"twitter-tweet\">\n<p dir=\"ltr\" lang=\"fr\">AUCUN FRAN\u00c7AIS NE SORTIRA DES QUALIFICATIONS \u00c0 PARIS \ud83d\ude28\ud83c\uddeb\ud83c\uddf7<\/p>\n<p>Premier tour<br \/>\u274c BLANCHET<br \/>\u274c HERBERT<br \/>\u274c MANNARINO<br \/>\u274c HALYS<br \/>\u274c JACQUET<br \/>\u274c VAN ASSCHE<\/p>\n<p>Deuxi\u00e8me tour<br \/>\u274c ROYER <a href=\"https:\/\/t.co\/u0DuzFKi3Y\" rel=\"nofollow\">pic.twitter.com\/u0DuzFKi3Y<\/a><\/p>\n<p>\u2014 Univers Tennis \ud83c\udfbe (@UniversTennis) <a href=\"https:\/\/twitter.com\/UniversTennis\/status\/1982423564495241305?ref_src=twsrc%5Etfw\" rel=\"nofollow noopener\" target=\"_blank\">October 26, 2025<\/a><\/p>\n<\/blockquote>\n<p>                         <a href=\"https:\/\/fflose.com\/author\/tomgaleron\/\" class=\"url\" title=\"Tom\" rel=\"nofollow noopener\" target=\"_blank\"> <img loading=\"lazy\" decoding=\"async\" alt=\"Tom\" src=\"https:\/\/www.europesays.com\/fr\/wp-content\/uploads\/2025\/10\/1761633321_149_fa539669b9b6c266044bdafc0534c1c7e71784259f6e9e9e6fab2d5d73302c49\"  class=\"avatar avatar-250 photo\" height=\"250\" width=\"250\"\/><\/a> <\/p>\n<p>Natif de Marseille, autant vous dire qu&rsquo;il est pr\u00e9f\u00e9rable de ne pas me parler de football en ce moment. Merci pour votre compr\u00e9hension.<\/p>\n<p> <a href=\"https:\/\/fflose.com\/author\/tomgaleron\/\" class=\"url\" title=\"Tom\" rel=\"nofollow noopener\" target=\"_blank\"><img loading=\"lazy\" decoding=\"async\" alt=\"Tom\" src=\"https:\/\/www.europesays.com\/fr\/wp-content\/uploads\/2025\/10\/1761633321_149_fa539669b9b6c266044bdafc0534c1c7e71784259f6e9e9e6fab2d5d73302c49\"  class=\"avatar avatar-250 photo\" height=\"250\" width=\"250\"\/><\/a>  <\/p>\n<p><script async src=\"https:\/\/platform.twitter.com\/widgets.js\" charset=\"utf-8\"><\/script><\/p>\n","protected":false},"excerpt":{"rendered":"Alors que le mois de d\u00e9cembre est encore loin, les Bleus du tennis ont tout de m\u00eame tenu&hellip;\n","protected":false},"author":2,"featured_media":494854,"comment_status":"","ping_status":"","sticky":false,"template":"","format":"standard","meta":{"footnotes":""},"categories":[1415],"tags":[1011,27,60,1467],"class_list":{"0":"post-494853","1":"post","2":"type-post","3":"status-publish","4":"format-standard","5":"has-post-thumbnail","7":"category-tennis","8":"tag-fr","9":"tag-france","10":"tag-sports","11":"tag-tennis"},"share_on_mastodon":{"url":"https:\/\/pubeurope.com\/@fr\/115450408692939015","error":""},"_links":{"self":[{"href":"https:\/\/www.europesays.com\/fr\/wp-json\/wp\/v2\/posts\/494853","targetHints":{"allow":["GET"]}}],"collection":[{"href":"https:\/\/www.europesays.com\/fr\/wp-json\/wp\/v2\/posts"}],"about":[{"href":"https:\/\/www.europesays.com\/fr\/wp-json\/wp\/v2\/types\/post"}],"author":[{"embeddable":true,"href":"https:\/\/www.europesays.com\/fr\/wp-json\/wp\/v2\/users\/2"}],"replies":[{"embeddable":true,"href":"https:\/\/www.europesays.com\/fr\/wp-json\/wp\/v2\/comments?post=494853"}],"version-history":[{"count":0,"href":"https:\/\/www.europesays.com\/fr\/wp-json\/wp\/v2\/posts\/494853\/revisions"}],"wp:featuredmedia":[{"embeddable":true,"href":"https:\/\/www.europesays.com\/fr\/wp-json\/wp\/v2\/media\/494854"}],"wp:attachment":[{"href":"https:\/\/www.europesays.com\/fr\/wp-json\/wp\/v2\/media?parent=494853"}],"wp:term":[{"taxonomy":"category","embeddable":true,"href":"https:\/\/www.europesays.com\/fr\/wp-json\/wp\/v2\/categories?post=494853"},{"taxonomy":"post_tag","embeddable":true,"href":"https:\/\/www.europesays.com\/fr\/wp-json\/wp\/v2\/tags?post=494853"}],"curies":[{"name":"wp","href":"https:\/\/api.w.org\/{rel}","templated":true}]}}