{"id":494855,"date":"2025-10-28T06:39:16","date_gmt":"2025-10-28T06:39:16","guid":{"rendered":"https:\/\/www.europesays.com\/fr\/494855\/"},"modified":"2025-10-28T06:39:16","modified_gmt":"2025-10-28T06:39:16","slug":"un-coureur-de-conti-a-luc-haguenau-actualite","status":"publish","type":"post","link":"https:\/\/www.europesays.com\/fr\/494855\/","title":{"rendered":"Un coureur de Conti \u00e0 l&rsquo;UC Haguenau &#8211; Actualit\u00e9"},"content":{"rendered":"<p>                                                                    <img decoding=\"async\" src=\"https:\/\/www.europesays.com\/fr\/wp-content\/uploads\/2025\/10\/68ffd53d31cf2.jpg\" height=\"auto\" loading=\"lazy\"\/><br \/>\n                                                                    Cr\u00e9dit photo Nicolas Mabyle &#8211; DirectVelo<\/p>\n<p class=\"images-caption\">Cr\u00e9dit photo Nicolas Mabyle &#8211; DirectVelo<\/p>\n<p class=\"metadata\">\n            Par<br \/>\n        <strong class=\"text-black\">DOMINIQUE TURGIS<\/strong><br \/>\n                    <br \/>Le<br \/>\n    28 octobre 2025, 06:22<\/p>\n<p style=\"text-align: justify;\">L&rsquo;UC Haguenau annonce le renfort pour l&rsquo;ann\u00e9e prochaine d&rsquo;un coureur de la r\u00e9serve Continentale de Tudor, Roman Holzer.<\/p>\n<p>Le coureur suisse de 22 ans, s&rsquo;est distingu\u00e9 en 2025 avec la 8e place de la 2e \u00e9tape de l&rsquo;Orlen Nations Grand Prix en Coupe des Nations. Roman Holzer a aussi termin\u00e9 8e du Grand Prix du Tessin, 13e d&rsquo;une \u00e9tape de la Fl\u00e8che du Sud, 16e du Championnat de Suisse Espoirs, 17e du Grand Prix de la Ville de Lillers et 21e du Tour des 100 Communes. En 2024, il avait termin\u00e9 3e du Championnat de Suisse Espoirs.<\/p>\n<p>Suivez toutes les mutations de l&rsquo;hiver <a href=\"https:\/\/www.directvelo.com\/mutations\/2026#amateur-dn3\" target=\"_blank\" rel=\"noopener\"><strong>en cliquant ici<\/strong><\/a>.<\/p>\n<p>            En savoir plus : coureurs et \u00e9quipes associ\u00e9s<\/p>\n<p>                Coureurs<\/p>\n<p>                    <img decoding=\"async\" src=\"https:\/\/www.europesays.com\/fr\/wp-content\/uploads\/2025\/10\/678a22bbc721f.png\" height=\"auto\" loading=\"lazy\"\/><\/p>\n<p>                            Portrait de Roman HOLZER<\/p>\n<p>                \u00c9quipes<\/p>\n","protected":false},"excerpt":{"rendered":"Cr\u00e9dit photo Nicolas Mabyle &#8211; DirectVelo Cr\u00e9dit photo Nicolas Mabyle &#8211; DirectVelo Par DOMINIQUE TURGIS Le 28 octobre&hellip;\n","protected":false},"author":2,"featured_media":494856,"comment_status":"","ping_status":"","sticky":false,"template":"","format":"standard","meta":{"footnotes":""},"categories":[1411],"tags":[834,828,836,829,837,827,83,826,824,823,1154,207,814,817,815,816,822,821,832,211,839,1011,27,820,818,819,835,831,830,833,838,60,212,208,825],"class_list":{"0":"post-494855","1":"post","2":"type-post","3":"status-publish","4":"format-standard","5":"has-post-thumbnail","7":"category-cyclisme","8":"tag-attaque","9":"tag-belgique","10":"tag-braquet","11":"tag-bretagne","12":"tag-chute","13":"tag-competition","14":"tag-coupe-de-france","15":"tag-coureur","16":"tag-course-cyclisme","17":"tag-course-cycliste","18":"tag-cycling","19":"tag-cyclisme","20":"tag-direct","21":"tag-direct-velo","22":"tag-directvelo","23":"tag-directvelo-com","24":"tag-epreuve","25":"tag-epreuve-cycliste","26":"tag-federation-francaise-de-cyclisme","27":"tag-ffc","28":"tag-flandres","29":"tag-fr","30":"tag-france","31":"tag-live","32":"tag-live-course","33":"tag-live-epreuve","34":"tag-peloton","35":"tag-radio-peloton","36":"tag-radio-tour","37":"tag-ravitaillement","38":"tag-relance","39":"tag-sports","40":"tag-uci","41":"tag-velo","42":"tag-velos"},"share_on_mastodon":{"url":"https:\/\/pubeurope.com\/@fr\/115450424610205059","error":""},"_links":{"self":[{"href":"https:\/\/www.europesays.com\/fr\/wp-json\/wp\/v2\/posts\/494855","targetHints":{"allow":["GET"]}}],"collection":[{"href":"https:\/\/www.europesays.com\/fr\/wp-json\/wp\/v2\/posts"}],"about":[{"href":"https:\/\/www.europesays.com\/fr\/wp-json\/wp\/v2\/types\/post"}],"author":[{"embeddable":true,"href":"https:\/\/www.europesays.com\/fr\/wp-json\/wp\/v2\/users\/2"}],"replies":[{"embeddable":true,"href":"https:\/\/www.europesays.com\/fr\/wp-json\/wp\/v2\/comments?post=494855"}],"version-history":[{"count":0,"href":"https:\/\/www.europesays.com\/fr\/wp-json\/wp\/v2\/posts\/494855\/revisions"}],"wp:featuredmedia":[{"embeddable":true,"href":"https:\/\/www.europesays.com\/fr\/wp-json\/wp\/v2\/media\/494856"}],"wp:attachment":[{"href":"https:\/\/www.europesays.com\/fr\/wp-json\/wp\/v2\/media?parent=494855"}],"wp:term":[{"taxonomy":"category","embeddable":true,"href":"https:\/\/www.europesays.com\/fr\/wp-json\/wp\/v2\/categories?post=494855"},{"taxonomy":"post_tag","embeddable":true,"href":"https:\/\/www.europesays.com\/fr\/wp-json\/wp\/v2\/tags?post=494855"}],"curies":[{"name":"wp","href":"https:\/\/api.w.org\/{rel}","templated":true}]}}