{"id":494862,"date":"2025-10-28T06:44:12","date_gmt":"2025-10-28T06:44:12","guid":{"rendered":"https:\/\/www.europesays.com\/fr\/494862\/"},"modified":"2025-10-28T06:44:12","modified_gmt":"2025-10-28T06:44:12","slug":"dans-lamour-est-dans-le-pre-la-pretendante-soso-lache-une-phrase-assassine-et-choque","status":"publish","type":"post","link":"https:\/\/www.europesays.com\/fr\/494862\/","title":{"rendered":"Dans \u00ab\u00a0L\u2019Amour est dans le pr\u00e9\u00a0\u00bb, la pr\u00e9tendante Soso l\u00e2che une phrase assassine et choque"},"content":{"rendered":"<p>        <img decoding=\"async\" loading=\"lazy\" src=\"https:\/\/www.europesays.com\/fr\/wp-content\/uploads\/2025\/10\/3a27624_upload-1-ro2eciif2z6v-g4tc9plwcaavtkk.jfif.jpeg\"  width=\"728\" height=\"410\" alt=\"Dans l\u2019\u00e9pisode de la saison 20\u00a0de \u00ab\u00a0L\u2019Amour est dans le pr\u00e9\u00a0\u00bb, diffus\u00e9 ce lundi 27\u00a0octobre au soir sur M6, Jean-Louis s\u2019est s\u00e9par\u00e9 de l\u2019une de ses pr\u00e9tendantes.\"\/>  <\/p>\n<p>M6\u00a0capture d\u2019\u00e9cran<\/p>\n<p>Dans l\u2019\u00e9pisode de la saison 20\u00a0de \u00ab\u00a0L\u2019Amour est dans le pr\u00e9\u00a0\u00bb, diffus\u00e9 ce lundi 27\u00a0octobre au soir sur M6, Jean-Louis s\u2019est s\u00e9par\u00e9 de l\u2019une de ses pr\u00e9tendantes.<\/p>\n<p class=\"asset asset-text\">T\u00c9L\u00c9VISION &#8211; Des mots tr\u00e8s durs. Dans l\u2019\u00e9pisode de la saison 20\u00a0de <a href=\"https:\/\/www.huffingtonpost.fr\/divertissement\/article\/l-amour-est-dans-le-pre-le-geste-fort-de-l-agriculteur-laurent-veuf-depuis-2023-pour-ses-pretendantes_255958.html\" target=\"_blank\" rel=\"noopener\">L\u2019Amour est dans le pr\u00e9<\/a>, diffus\u00e9 ce lundi 27\u00a0octobre au soir sur M6, <a href=\"https:\/\/www.huffingtonpost.fr\/divertissement\/article\/l-amour-est-dans-le-pre-sur-m6-qui-sont-les-agriculteurs-de-la-saison-20-clx2_244752.html\" target=\"_blank\" rel=\"noopener\">l\u2019\u00e9leveur du Tarn Jean-Louis<\/a> faisait face \u00e0 un dilemme compliqu\u00e9\u00a0: choisir entre ses deux pr\u00e9tendantes, Sophie ou \u00ab\u00a0Soso\u00a0\u00bb, pour poursuivre l\u2019aventure amoureuse \u00e0 la ferme avec lui. Le d\u00e9part de l\u2019une des candidates s\u2019est transform\u00e9 en clash.<\/p>\n<p class=\"asset asset-text\">Entre Soso et Jean-Louis, l\u2019ambiance \u00e9tait un peu froide d\u00e8s le d\u00e9but de l\u2019\u00e9pisode. Lors d\u2019un date dans les herbes hautes pour cueillir des respounchous, l\u2019\u00e9leveur est tomb\u00e9 \u00e0 la renverse. Les fesses dans le ravin, Jean-Louis esp\u00e9rait sans doute recevoir un peu d\u2019aide de sa pr\u00e9tendante. Que nenni, Soso s\u2019est esclaff\u00e9e\u00a0: \u00ab\u00a0V\u2019la mon Jean-Louis tomb\u00e9 par terre\u00a0!\u00a0\u00bb<\/p>\n<p class=\"asset asset-text\">L\u2019histoire ne dit pas si cette chute malencontreuse a fait pencher la balance vers Soso la blonde ou Sophie la brune. Mais une chose est s\u00fbre, quelques heures plus tard, le choix de Jean-Louis \u00e9tait fait\u00a0: Soso ne continuerait pas \u00e0 la ferme \u00e0 ses c\u00f4t\u00e9s.<\/p>\n<p>    \u00ab\u00a0Vous irez le mettre sur la tombe de votre mari\u00a0\u00bb    <\/p>\n<p class=\"asset asset-text\">\u00ab\u00a0Vous \u00eates deux tr\u00e8s belles nanas mais le choix est fait et c\u2019est plut\u00f4t Sophie qui rentre dans ma vie tous les jours mais \u00e7a se joue \u00e0 des d\u00e9tails tout simples&#8230;\u00a0\u00bb, se justifie l\u2019\u00e9leveur de 53\u00a0ans. \u00ab\u00a0Et les d\u00e9tails c\u2019\u00e9tait quoi\u00a0?\u00a0\u00bb, la questionne la pr\u00e9tendante \u00e9conduite. L\u2019agriculteur adepte de la polyculture\u00a0qui vit avec sa m\u00e8re ne sait pas vraiment quoi r\u00e9pondre. \u00ab\u00a0D\u00e8s que je peux partir, je pars. Et si je peux \u00e9viter de croiser Sophie\u00a0\u00bb, l\u00e2che-t-elle.<\/p>\n<p class=\"asset asset-text\">La situation d\u00e9g\u00e9n\u00e8re vraiment au moment du d\u00e9part. Soso fait ses adieux \u00e0 la m\u00e8re de Jean-Louis, Lucette. Et en profite pour lui rendre le bouquet de fleurs que lui avait offert l\u2019agriculteur avec cette phrase cruelle\u00a0: \u00ab\u00a0Le bouquet de fleurs que Jean-Louis m\u2019a offert, vous irez le mettre sur la tombe de votre mari. Gardez-le, vous penserez \u00e0 moi comme \u00e7a.\u00a0\u00bb Et de poursuivre \u00e0 l\u2019attention de Jean-Louis\u00a0: \u00ab\u00a0Vous irez mettre avec ta m\u00e8re, avec ta m\u00e8re seulement, le bouquet de fleurs pour ton p\u00e8re\u00a0!\u00a0\u00bb<\/p>\n<p> La lecture de ce contenu est susceptible d\u2019entra\u00eener un d\u00e9p\u00f4t de cookies de la part de l\u2019op\u00e9rateur tiers qui l\u2019h\u00e9berge. Compte-tenu des choix que vous avez exprim\u00e9s en mati\u00e8re de d\u00e9p\u00f4t de cookies, nous avons bloqu\u00e9 l\u2019affichage de ce contenu. Si vous souhaitez y acc\u00e9der, vous devez accepter la cat\u00e9gorie de cookies \u201cContenus tiers\u201d en cliquant sur le bouton ci-dessous. <\/p>\n<p> Lire la Vid\u00e9o           <\/p>\n<p> La lecture de ce contenu est susceptible d\u2019entra\u00eener un d\u00e9p\u00f4t de cookies de la part de l\u2019op\u00e9rateur tiers qui l\u2019h\u00e9berge. Compte-tenu des choix que vous avez exprim\u00e9s en mati\u00e8re de d\u00e9p\u00f4t de cookies, nous avons bloqu\u00e9 l\u2019affichage de ce contenu. Si vous souhaitez y acc\u00e9der, vous devez accepter la cat\u00e9gorie de cookies \u201cContenus tiers\u201d en cliquant sur le bouton ci-dessous. <\/p>\n<p> Lire la Vid\u00e9o        <\/p>\n<p class=\"asset asset-text\">De nombreux t\u00e9l\u00e9spectateurs ont \u00e9t\u00e9 choqu\u00e9s par cette phrase et l\u2019ont fait savoir sur X (ex-Twitter). \u00ab\u00a0C\u2019est limite du non-respect\u00a0\u00bb, tance un fan de L\u2019Amour est dans le pr\u00e9, tandis qu\u2019un autre d\u00e9nonce des propos \u00ab\u00a0scandaleux\u00a0\u00bb ou \u00ab\u00a0inacceptables\u00a0\u00bb. D\u2019autres se demandent si les propos n\u2019auraient pas pu \u00eatre coup\u00e9s au montage.<\/p>\n","protected":false},"excerpt":{"rendered":"M6\u00a0capture d\u2019\u00e9cran Dans l\u2019\u00e9pisode de la saison 20\u00a0de \u00ab\u00a0L\u2019Amour est dans le pr\u00e9\u00a0\u00bb, diffus\u00e9 ce lundi 27\u00a0octobre au&hellip;\n","protected":false},"author":2,"featured_media":494863,"comment_status":"","ping_status":"","sticky":false,"template":"","format":"standard","meta":{"footnotes":""},"categories":[1356],"tags":[58,59,1011,27,42835,494,252,1364],"class_list":{"0":"post-494862","1":"post","2":"type-post","3":"status-publish","4":"format-standard","5":"has-post-thumbnail","7":"category-television","8":"tag-divertissement","9":"tag-entertainment","10":"tag-fr","11":"tag-france","12":"tag-l-amour-est-dans-le-pre","13":"tag-m6","14":"tag-television","15":"tag-tv"},"share_on_mastodon":{"url":"https:\/\/pubeurope.com\/@fr\/115450443637957805","error":""},"_links":{"self":[{"href":"https:\/\/www.europesays.com\/fr\/wp-json\/wp\/v2\/posts\/494862","targetHints":{"allow":["GET"]}}],"collection":[{"href":"https:\/\/www.europesays.com\/fr\/wp-json\/wp\/v2\/posts"}],"about":[{"href":"https:\/\/www.europesays.com\/fr\/wp-json\/wp\/v2\/types\/post"}],"author":[{"embeddable":true,"href":"https:\/\/www.europesays.com\/fr\/wp-json\/wp\/v2\/users\/2"}],"replies":[{"embeddable":true,"href":"https:\/\/www.europesays.com\/fr\/wp-json\/wp\/v2\/comments?post=494862"}],"version-history":[{"count":0,"href":"https:\/\/www.europesays.com\/fr\/wp-json\/wp\/v2\/posts\/494862\/revisions"}],"wp:featuredmedia":[{"embeddable":true,"href":"https:\/\/www.europesays.com\/fr\/wp-json\/wp\/v2\/media\/494863"}],"wp:attachment":[{"href":"https:\/\/www.europesays.com\/fr\/wp-json\/wp\/v2\/media?parent=494862"}],"wp:term":[{"taxonomy":"category","embeddable":true,"href":"https:\/\/www.europesays.com\/fr\/wp-json\/wp\/v2\/categories?post=494862"},{"taxonomy":"post_tag","embeddable":true,"href":"https:\/\/www.europesays.com\/fr\/wp-json\/wp\/v2\/tags?post=494862"}],"curies":[{"name":"wp","href":"https:\/\/api.w.org\/{rel}","templated":true}]}}