{"id":494874,"date":"2025-10-28T06:51:11","date_gmt":"2025-10-28T06:51:11","guid":{"rendered":"https:\/\/www.europesays.com\/fr\/494874\/"},"modified":"2025-10-28T06:51:11","modified_gmt":"2025-10-28T06:51:11","slug":"lidl-devoile-son-accessoire-a-1999-e-qui-double-la-chaleur-des-novembre","status":"publish","type":"post","link":"https:\/\/www.europesays.com\/fr\/494874\/","title":{"rendered":"Lidl d\u00e9voile son accessoire \u00e0 19,99 \u20ac qui double la chaleur d\u00e8s novembre"},"content":{"rendered":"<p>Les soir\u00e9es rallongent, les b\u00fbches cr\u00e9pitent et pourtant la pi\u00e8ce reste ti\u00e8de au niveau du sol. Un d\u00e9tail change tout.<\/p>\n<p>La stratification de l\u2019air cr\u00e9e cet inconfort bien connu: chaud au plafond, froid aux pieds. Un petit appareil thermique, vendu chez Lidl, promet de remettre l\u2019air en mouvement sans consommer un watt. R\u00e9sultat attendu: un salon plus homog\u00e8ne, moins de zones glac\u00e9es, et une impression de chaleur bien plus rapide.<\/p>\n<p> Pourquoi ce petit ventilateur fait parler de lui <\/p>\n<p>Le produit en question est un ventilateur pour po\u00eale et chemin\u00e9e qui s\u2019active uniquement gr\u00e2ce \u00e0 la chaleur. Pas de c\u00e2ble, pas de prise. On le pose sur une zone chaude du po\u00eale, ou on le fixe au conduit selon le mod\u00e8le, et les pales se mettent \u00e0 tourner lorsque la temp\u00e9rature d\u00e9passe environ 65 \u00b0C. Le flux d\u2019air expulse la chaleur vers l\u2019avant et sur les c\u00f4t\u00e9s, l\u00e0 o\u00f9 les personnes vivent la pi\u00e8ce: canap\u00e9, coin lecture, tapis des enfants.<\/p>\n<blockquote>\n<p>Sans \u00e9lectricit\u00e9, il lance le brassage d\u00e8s 65 \u00b0C et r\u00e9duit nettement les zones froides pr\u00e8s du sol.<\/p>\n<\/blockquote>\n<p> Ce principe r\u00e9pond \u00e0 un probl\u00e8me tr\u00e8s concret: dans une pi\u00e8ce chauff\u00e9e au bois, l\u2019air chaud stagne sous le plafond. En le poussant au niveau de vie, on gagne en confort \u00e0 temp\u00e9rature identique, et on \u00e9vite de surchauffer pour compenser un ressenti trop frais.<\/p>\n<p> Le principe thermo\u00e9lectrique, simple et fiable <\/p>\n<p> Au c\u0153ur de l\u2019appareil, un module thermo\u00e9lectrique transforme l\u2019\u00e9cart de temp\u00e9rature entre sa base et sa partie sup\u00e9rieure en courant. Ce courant alimente le petit moteur qui entra\u00eene les pales. Plus la surface chauffante monte en temp\u00e9rature, plus la rotation acc\u00e9l\u00e8re, dans la limite fix\u00e9e par la conception.<\/p>\n<p> Les mod\u00e8les distribu\u00e9s par Lidl annoncent un d\u00e9marrage autour de 65 \u00b0C, avec une plage d\u2019utilisation g\u00e9n\u00e9ralement comprise entre 65 \u00b0C et 345 \u00b0C. Le carter en aluminium et acier aide \u00e0 dissiper la chaleur au bon endroit et \u00e0 prot\u00e9ger les composants. Ce fonctionnement autonome \u00e9limine les rallonges disgracieuses et toute d\u00e9pense d\u2019\u00e9nergie suppl\u00e9mentaire.<\/p>\n<p> Quel mod\u00e8le Lidl choisir et o\u00f9 l\u2019installer <\/p>\n<p> Lidl propose deux versions sous la marque Tronic: l\u2019une autoportante \u00e0 poser sur le po\u00eale, l\u2019autre \u00e0 fixer sur le tuyau via un collier de serrage. Toutes deux emploient des pales en aluminium d\u2019environ 18 cm, un format courant et efficace pour brasser l\u2019air d\u2019un salon standard.<\/p>\n<tr> Version Emplacement Atout principal Id\u00e9al quand <\/tr>\n<tr>\n<td>Autoportante<\/td>\n<td>Plateau du po\u00eale<\/td>\n<td>Mise en place imm\u00e9diate, sans per\u00e7age<\/td>\n<td>Plateau large et bien d\u00e9gag\u00e9, po\u00eale au centre de la pi\u00e8ce<\/td>\n<\/tr>\n<tr>\n<td>Avec collier<\/td>\n<td>Conduit de fum\u00e9e<\/td>\n<td>Orientation fine du flux, gain de place<\/td>\n<td>Po\u00eale encastr\u00e9 ou proche d\u2019un mur, besoin de diriger l\u2019air<\/td>\n<\/tr>\n<p> La pose prend deux minutes et ne demande aucun outil. La priorit\u00e9 consiste \u00e0 garantir un contact stable avec la zone chaude, puis \u00e0 orienter le flux vers la zone de vie, pas vers un obstacle.<\/p>\n<ul>\n<li>Attendre que la surface atteigne au moins 65 \u00b0C avant la mise en place.<\/li>\n<li>Laisser 20 \u00e0 30 cm d\u00e9gag\u00e9s devant les pales pour \u00e9viter la d\u00e9perdition dans un mur.<\/li>\n<li>Utiliser un gant isolant pour d\u00e9placer l\u2019appareil chaud.<\/li>\n<li>Retirer le ventilateur une fois le po\u00eale froid pour \u00e9viter les chocs thermiques.<\/li>\n<li>\u00c9viter toute pose sur une vitre ou une surface vernie non pr\u00e9vue pour.<\/li>\n<\/ul>\n<blockquote>\n<p>Prix rep\u00e9r\u00e9: 19,99 \u20ac, r\u00e9f\u00e9rence 100397513 selon arrivages, sous marque Tronic. Mat\u00e9riaux: aluminium et acier inoxydable.<\/p>\n<\/blockquote>\n<p>Des effets concrets sur le confort et la facture <\/p>\n<p> Le premier b\u00e9n\u00e9fice se ressent au niveau des jambes. Le flux abaisse l\u2019\u00e9cart de temp\u00e9rature entre le sol et la hauteur d\u2019\u00e9paule. Les enfants qui jouent par terre cessent de grelotter. Les adultes ne montent plus le po\u00eale d\u2019un cran \u00ab pour compenser \u00bb un froid localis\u00e9.<\/p>\n<p> Deuxi\u00e8me effet: la perception de chaleur s\u2019am\u00e9liore \u00e0 r\u00e9glage identique. Dans une pi\u00e8ce bien isol\u00e9e, on atteint plus vite une ambiance homog\u00e8ne. Les retours d\u2019exp\u00e9rience indiquent une baisse de consommation de bois ou de pellets de 7 \u00e0 20 % selon la surface, la hauteur sous plafond et la position du po\u00eale. Plus la pi\u00e8ce est haute et cloisonn\u00e9e, plus le brassage fait la diff\u00e9rence.<\/p>\n<p> Ce ventilateur ne cr\u00e9e pas d\u2019\u00e9nergie. Il optimise la diffusion de celle d\u00e9j\u00e0 produite. C\u2019est pr\u00e9cis\u00e9ment ce qui permet de r\u00e9duire les flamb\u00e9es trop g\u00e9n\u00e9reuses, de ralentir la cadence d\u2019alimentation et de passer plus de temps \u00e0 profiter de la soir\u00e9e qu\u2019\u00e0 recharger le foyer.<\/p>\n<p> La promesse de chaleur doubl\u00e9e, mythe ou r\u00e9alit\u00e9 ? <\/p>\n<p> Le terme \u00ab doubl\u00e9e \u00bb d\u00e9crit souvent la sensation de chaleur per\u00e7ue dans la zone de vie, pas la puissance thermique du po\u00eale. Un test simple avec deux thermom\u00e8tres \u2014 l\u2019un au sol, l\u2019autre \u00e0 1,5 m \u2014 montre vite l\u2019apport du brassage: l\u2019\u00e9cart de plusieurs degr\u00e9s se resserre, et la temp\u00e9rature utile grimpe l\u00e0 o\u00f9 l\u2019on s\u2019assoit.<\/p>\n<p> Sur un petit salon, cette redistribution peut donner l\u2019impression qu\u2019une m\u00eame flamb\u00e9e \u00ab chauffe deux fois mieux \u00bb parce qu\u2019elle sert r\u00e9ellement tous les occupants, pas seulement le plafond. Sur un grand volume ouvert, le gain reste net, mais d\u00e9pend davantage de l\u2019orientation du flux et de l\u2019absence d\u2019obstacles.<\/p>\n<p> Astuces pour maximiser le gain <\/p>\n<ul>\n<li>Orienter le souffle vers les zones occup\u00e9es (canap\u00e9, bureau), pas vers un couloir vide.<\/li>\n<li>Limiter les entr\u00e9es d\u2019air parasite: boudins de porte, joints de fen\u00eatres, rideaux \u00e9pais.<\/li>\n<li>Sur po\u00eale \u00e0 pellets, viser la zone m\u00e9tallique la plus chaude et respecter les consignes du fabricant.<\/li>\n<li>Ajouter un tapis \u00e9pais dans les pi\u00e8ces carrel\u00e9es pour r\u00e9duire la sensation de froid au sol.<\/li>\n<li>D\u00e9poussi\u00e9rer r\u00e9guli\u00e8rement les pales: la poussi\u00e8re freine le flux et jaunit au contact de la chaleur.<\/li>\n<li>Installer un d\u00e9tecteur de monoxyde de carbone et ventiler correctement la pi\u00e8ce chauff\u00e9e au bois.<\/li>\n<\/ul>\n<p> Questions pratiques avant d\u2019acheter <\/p>\n<p> Bruit: ces mod\u00e8les restent tr\u00e8s discrets, avec un l\u00e9ger chuintement d\u2019air. S\u2019il siffle, v\u00e9rifier l\u2019alignement des pales et l\u2019absence d\u2019obstacle proche. Dimensions: avec des pales d\u2019environ 18 cm, ils rentrent sur la plupart des plateaux. Compatibilit\u00e9: il convient aux po\u00eales \u00e0 bois, certains po\u00eales \u00e0 pellets et inserts, d\u00e8s lors qu\u2019une zone m\u00e9tallique assez chaude est accessible et plane.<\/p>\n<p> Temp\u00e9ratures: respecter la plage donn\u00e9e par la notice (pas plus de 345 \u00b0C sur la base). Pr\u00e9f\u00e9rer une position qui chauffe suffisamment le module sans l\u2019exposer \u00e0 une surchauffe locale. Garantie: Lidl propose g\u00e9n\u00e9ralement une garantie fabricant sur ces r\u00e9f\u00e9rences, \u00e0 v\u00e9rifier au moment de l\u2019achat en magasin.<\/p>\n<p> Des chiffres utiles pour se projeter <\/p>\n<p> Exemple concret: un salon de 28 m\u00b2, hauteur sous plafond 2,5 m, po\u00eale lat\u00e9ral. Sans brassage, on observe souvent 3 \u00e0 5 \u00b0C d\u2019\u00e9cart entre plafond et sol apr\u00e8s 30 minutes. Avec ventilateur, l\u2019\u00e9cart tombe fr\u00e9quemment autour de 1 \u00e0 2 \u00b0C. Cons\u00e9quence: la pi\u00e8ce para\u00eet plus vite \u00ab habitable \u00bb et l\u2019on \u00e9vite d\u2019ouvrir en grand l\u2019arriv\u00e9e d\u2019air du po\u00eale pour rattraper un ressenti trop frais.<\/p>\n<p> Pour estimer l\u2019\u00e9conomie possible, noter la quantit\u00e9 de bois consomm\u00e9e sur une semaine comparable (m\u00e9t\u00e9o et usage voisins), puis r\u00e9p\u00e9ter avec le ventilateur. Une r\u00e9duction de 1 b\u00fbche par jour sur un panier de 6 repr\u00e9sente d\u00e9j\u00e0 une baisse d\u2019environ 15 \u00e0 20 % sur la p\u00e9riode, avec un confort imm\u00e9diat.<\/p>\n<blockquote>\n<p>Un accessoire \u00e0 19,99 \u20ac qui s\u2019active automatiquement, am\u00e9liore le ressenti et peut r\u00e9duire la consommation de 7 \u00e0 20 %: l\u2019\u00e9quation s\u00e9duit \u00e0 l\u2019approche de l\u2019hiver.<\/p>\n<\/blockquote>\n<p>Ce qu\u2019il faut retenir avant de passer en caisse <\/p>\n<ul>\n<li>But: corriger la stratification de l\u2019air, pas augmenter la puissance du po\u00eale.<\/li>\n<li>Placement: viser la zone la plus chaude, orienter vers l\u2019occupation r\u00e9elle de la pi\u00e8ce.<\/li>\n<li>S\u00e9curit\u00e9: manipulation avec gant, retrait \u00e0 froid, d\u00e9tecteur de CO recommand\u00e9.<\/li>\n<li>Mod\u00e8les: autoportant pour la simplicit\u00e9, collier pour les configurations murales.<\/li>\n<li>Prix et mat\u00e9riaux: 19,99 \u20ac, aluminium et acier inoxydable, disponibilit\u00e9 selon arrivages Lidl.<\/li>\n<\/ul>\n","protected":false},"excerpt":{"rendered":"Les soir\u00e9es rallongent, les b\u00fbches cr\u00e9pitent et pourtant la pi\u00e8ce reste ti\u00e8de au niveau du sol. Un d\u00e9tail&hellip;\n","protected":false},"author":2,"featured_media":494875,"comment_status":"","ping_status":"","sticky":false,"template":"","format":"standard","meta":{"footnotes":""},"categories":[6],"tags":[35,10281,33,34,1011,27],"class_list":{"0":"post-494874","1":"post","2":"type-post","3":"status-publish","4":"format-standard","5":"has-post-thumbnail","7":"category-economie","8":"tag-business","9":"tag-buzz-nonli","10":"tag-economie","11":"tag-economy","12":"tag-fr","13":"tag-france"},"share_on_mastodon":{"url":"https:\/\/pubeurope.com\/@fr\/115450471016733943","error":""},"_links":{"self":[{"href":"https:\/\/www.europesays.com\/fr\/wp-json\/wp\/v2\/posts\/494874","targetHints":{"allow":["GET"]}}],"collection":[{"href":"https:\/\/www.europesays.com\/fr\/wp-json\/wp\/v2\/posts"}],"about":[{"href":"https:\/\/www.europesays.com\/fr\/wp-json\/wp\/v2\/types\/post"}],"author":[{"embeddable":true,"href":"https:\/\/www.europesays.com\/fr\/wp-json\/wp\/v2\/users\/2"}],"replies":[{"embeddable":true,"href":"https:\/\/www.europesays.com\/fr\/wp-json\/wp\/v2\/comments?post=494874"}],"version-history":[{"count":0,"href":"https:\/\/www.europesays.com\/fr\/wp-json\/wp\/v2\/posts\/494874\/revisions"}],"wp:featuredmedia":[{"embeddable":true,"href":"https:\/\/www.europesays.com\/fr\/wp-json\/wp\/v2\/media\/494875"}],"wp:attachment":[{"href":"https:\/\/www.europesays.com\/fr\/wp-json\/wp\/v2\/media?parent=494874"}],"wp:term":[{"taxonomy":"category","embeddable":true,"href":"https:\/\/www.europesays.com\/fr\/wp-json\/wp\/v2\/categories?post=494874"},{"taxonomy":"post_tag","embeddable":true,"href":"https:\/\/www.europesays.com\/fr\/wp-json\/wp\/v2\/tags?post=494874"}],"curies":[{"name":"wp","href":"https:\/\/api.w.org\/{rel}","templated":true}]}}