{"id":494878,"date":"2025-10-28T06:53:09","date_gmt":"2025-10-28T06:53:09","guid":{"rendered":"https:\/\/www.europesays.com\/fr\/494878\/"},"modified":"2025-10-28T06:53:09","modified_gmt":"2025-10-28T06:53:09","slug":"les-ossements-retrouves-a-rivesaltes-sont-coherents-avec-les-corps-de-harkis-disparus-ouest-france","status":"publish","type":"post","link":"https:\/\/www.europesays.com\/fr\/494878\/","title":{"rendered":"Les ossements retrouv\u00e9s \u00e0 Rivesaltes sont \u00ab coh\u00e9rents \u00bb avec les corps de Harkis disparus &#8211; Ouest-France"},"content":{"rendered":"<ol>\n<li><a href=\"https:\/\/news.google.com\/rss\/articles\/CBMi-wFBVV95cUxQa3NzemY1TG1PNDluSzY2ZkFXbWVWWW9memFvd2VjYmJBTkJxY3owTW9KMjA4UzhZaF84YmpRc29SNGZZSE5XeUZOd1RSNUNiTVVFN0NuY2hxcTFMUHE5QjQ2a1dVMWlLT0pyc0YxLVRzb1JOdnBRYmhjSko4bzB2di1Sd0tzdHQ4eUtVWDN3N1lnLWdIUTAtRWwyM3k2LVdKZnhRa29uV2hkTHNjbUJOUGU0Sk54YjBITjlKa1hnTWhKTU5IQzNuOTdVNHBaWXBmYkpEMnN5Mi1LR0dCMzNkdDFkanJhdTNaNXRBUmlXSGN0SWdCblNGb1oySQ?oc=5\" target=\"_blank\" rel=\"nofollow noopener\">Les ossements retrouv\u00e9s \u00e0 Rivesaltes sont \u00ab coh\u00e9rents \u00bb avec les corps de Harkis disparus<\/a>&nbsp;&nbsp;Ouest-France<\/li>\n<li><a href=\"https:\/\/news.google.com\/rss\/articles\/CBMigwJBVV95cUxOeGJTZ0xvRXFxODdYc3dqVEFGei0yTVc3VXFyTkFCaVp6ek0yejZsR0NXamZHUk5ZZFpQNW9zZGFSTUFGN0lfVTY2bklPZzI5RjZINmtMTU91al9hRTV4aVRPUGstajdKNXFZV09mZTZsekpTellCU1lyR1NyMzNUZ25lSXF4NGJzelFiQXYxSHJtMWR6eXUwNnJtLXp3ME56N2EtdXgyRFBKWXhSSXdwTDU1UTBUaUtoVnRsNHB1d2dHcDJjMDJMYjBYR2xxTmswcTNEdDNwSkdFbE1mcnFxWi16aThPTGRBdmJUYlAzaGp6dnNRYUN5LThheVhYVUlWbWF3?oc=5\" target=\"_blank\" rel=\"nofollow noopener\">\u00ab\u00a0C&rsquo;est tr\u00e8s important \u00a0\u00bb : des pr\u00e9l\u00e8vements ADN r\u00e9alis\u00e9s sur le cimeti\u00e8re harki de Saint-Maurice l&rsquo;Ardoise<\/a>&nbsp;&nbsp;francebleu.fr<\/li>\n<li><a href=\"https:\/\/news.google.com\/rss\/articles\/CBMi6wFBVV95cUxQZkJydFdwUkhFb2VmQXA3OGczaDdaT2xXWEE2NHIzanZ0LTh4VHJmZ2xZSHVrczNrRnhSbjVpTG5mRlBDRXRmZ1RkWDBETjcxVDhyOEctb0d4cEhCVUJxU0RBZV9iLXNRa1JZaGpzYXhqdklFbjBQTHkyOXpXNDdQTVgtWVpzakZVb3p0Q2VTdGNvYXJIdHRub2lPbTVIRmpnTTJXZ0pMUVl2S0JxTUlTYTNZX3BvMHdhWVlMX1M1NjJwZkFvT3VSYXpyUlZZUW9ScE1kZTZoNEJVbDZaWHdfQ3FuN2Vxc2NwcXdR?oc=5\" target=\"_blank\" rel=\"nofollow noopener\">Des pr\u00e9l\u00e8vements ADN effectu\u00e9s au cimeti\u00e8re harki de Saint-Maurice-l&rsquo;Ardoise<\/a>&nbsp;&nbsp;francebleu.fr<\/li>\n<li><a href=\"https:\/\/news.google.com\/rss\/articles\/CBMijwJBVV95cUxQYWFqcGIwRm1fdkFPejI4LXhqNFFaYWlKV3k0Z3p2YVdqVkx3bVIzd1BnUG1FeVdRRURTTWFETjI3cVJKbmtsaWZOekd6MkRjUFNtQ2cxTVE3YVR4NDdiUnhXSXprVHJrRVp6RDF5U1RHS1Z3UWYxVDcxWWpWeUs4eVZ5bmxwcmdzdUh2SldMOVpqUzRJd1lTLVpIcXlsMUM5TWVab0VLWjJJSnpDNVRWT0JaRkY4ZHh5X3FaTzlnNXZ4ZzdlMkh6b2xuUXUzQ0JBNXV5UVo5OURCT08yQjJqUGxlXzlfOEU2YmxzemF5VHBFbnZYMF8xazd6M0Iydm1PVnBiNUhYdDRPS2xmRnRR?oc=5\" target=\"_blank\" rel=\"nofollow noopener\">\u00ab\u00a0Mon fr\u00e8re jumeau est dans ce magma d\u2019ossements\u00a0\u00bb : les restes de 49 enfants harkis identifi\u00e9s 65 ans apr\u00e8s leur mort au camp de Rivesaltes<\/a>&nbsp;&nbsp;Midi Libre<\/li>\n<li><a href=\"https:\/\/news.google.com\/rss\/articles\/CBMi5AFBVV95cUxOU21ZQ2pzdlM3WDkyclYxckVyRGF1S1hpemJYb0drdzNTVGRSeUJXUHoxemZwd3B0dllnak5ydy1mdnV4blFoRVBZZHhHYk1RWGZhT2tDUndyRzBDSENDbGZYUDVmaGRqWnFPZlRMcVJfZXFzSjh5TE1kYjRHU1hCbk1oa21QYjh3MThyaVBOeHh4SzNYa0ZaZW9XYi1MYk1Ga190WmFkdTE4cm1aWlA2S2NkajRUN2cyQ1lMVW1zcjdjc0dNV0JfRl9PaHdoMU1WNC1ZTXBOSWpweEdEelIwdkhaaW0?oc=5\" target=\"_blank\" rel=\"nofollow noopener\">Ossements d\u00e9couverts au cimeti\u00e8re de Rivesaltes : \u00ab\u00a0\u00c0 99, 9 %\u00a0\u00bb, il s\u2019agit des harkis disparus du camp Joffre<\/a>&nbsp;&nbsp;L&rsquo;Ind\u00e9pendant<\/li>\n<\/ol>\n","protected":false},"excerpt":{"rendered":"Les ossements retrouv\u00e9s \u00e0 Rivesaltes sont \u00ab coh\u00e9rents \u00bb avec les corps de Harkis disparus&nbsp;&nbsp;Ouest-France \u00ab\u00a0C&rsquo;est tr\u00e8s important&hellip;\n","protected":false},"author":2,"featured_media":395849,"comment_status":"","ping_status":"","sticky":false,"template":"","format":"standard","meta":{"footnotes":""},"categories":[4],"tags":[11,1011,27,12,25],"class_list":{"0":"post-494878","1":"post","2":"type-post","3":"status-publish","4":"format-standard","5":"has-post-thumbnail","7":"category-france","8":"tag-actualites","9":"tag-fr","10":"tag-france","11":"tag-news","12":"tag-republique-francaise"},"share_on_mastodon":{"url":"https:\/\/pubeurope.com\/@fr\/115450478888134295","error":""},"_links":{"self":[{"href":"https:\/\/www.europesays.com\/fr\/wp-json\/wp\/v2\/posts\/494878","targetHints":{"allow":["GET"]}}],"collection":[{"href":"https:\/\/www.europesays.com\/fr\/wp-json\/wp\/v2\/posts"}],"about":[{"href":"https:\/\/www.europesays.com\/fr\/wp-json\/wp\/v2\/types\/post"}],"author":[{"embeddable":true,"href":"https:\/\/www.europesays.com\/fr\/wp-json\/wp\/v2\/users\/2"}],"replies":[{"embeddable":true,"href":"https:\/\/www.europesays.com\/fr\/wp-json\/wp\/v2\/comments?post=494878"}],"version-history":[{"count":0,"href":"https:\/\/www.europesays.com\/fr\/wp-json\/wp\/v2\/posts\/494878\/revisions"}],"wp:featuredmedia":[{"embeddable":true,"href":"https:\/\/www.europesays.com\/fr\/wp-json\/wp\/v2\/media\/395849"}],"wp:attachment":[{"href":"https:\/\/www.europesays.com\/fr\/wp-json\/wp\/v2\/media?parent=494878"}],"wp:term":[{"taxonomy":"category","embeddable":true,"href":"https:\/\/www.europesays.com\/fr\/wp-json\/wp\/v2\/categories?post=494878"},{"taxonomy":"post_tag","embeddable":true,"href":"https:\/\/www.europesays.com\/fr\/wp-json\/wp\/v2\/tags?post=494878"}],"curies":[{"name":"wp","href":"https:\/\/api.w.org\/{rel}","templated":true}]}}