{"id":494881,"date":"2025-10-28T06:55:14","date_gmt":"2025-10-28T06:55:14","guid":{"rendered":"https:\/\/www.europesays.com\/fr\/494881\/"},"modified":"2025-10-28T06:55:14","modified_gmt":"2025-10-28T06:55:14","slug":"tout-savoir-sur-le-trail-urbain-de-saint-etienne","status":"publish","type":"post","link":"https:\/\/www.europesays.com\/fr\/494881\/","title":{"rendered":"tout savoir sur le Trail Urbain de Saint-\u00c9tienne"},"content":{"rendered":"<p>\u00ab\u00a0On a d\u00e9j\u00e0 2\u00a0000 inscrits et on attend 3\u00a0000 personnes au d\u00e9part cette ann\u00e9e\u00a0\u00bb, confie Pierre Gardet, vice-pr\u00e9sident de l\u2019association d\u2019athl\u00e9tisme Coquelicot 42 et coordinateur du Saint\u00e9 Trail Urbain (STU). Le nombre d\u2019inscrits a encore bondi cette ann\u00e9e puisqu\u2019il n\u2019\u00e9tait que 1\u00a0100 \u00e0 la m\u00eame p\u00e9riode l\u2019ann\u00e9e derni\u00e8re.<\/p>\n<p>Comme \u00e0 chaque \u00e9dition, la volont\u00e9 de faire d\u00e9couvrir la ville aux sept collines est pr\u00e9sente\u00a0: d\u00e9couverte du patrimoine, parcours culinaire, marche, trail acharn\u00e9, parcours enfants, et m\u00eame un parcours d\u00e9guis\u00e9 pour Halloween. L\u2019Office du Mouvement Sportif St\u00e9phanois (OMSS) n\u2019a pas fait les choses \u00e0 moiti\u00e9.<\/p>\n<p>Pour la premi\u00e8re fois depuis son lancement, un parcours de 42\u00a0km fera transpirer les coureurs les plus aguerris. Petit tour d&rsquo;horizon des points essentiels.<\/p>\n<p>  L\u2019Halloween Run<\/p>\n<p>La f\u00eate d\u2019Halloween s\u2019invite \u00e0 l\u2019occasion du STU 2025. Grande nouveaut\u00e9 cette ann\u00e9e\u00a0: des centaines de coureurs sont attendues le 1er\u00a0novembre, \u00e0 18\u00a0h, pour une course non chronom\u00e9tr\u00e9e de 5\u00a0km, ouverte \u00e0 tous. L&rsquo;id\u00e9e\u00a0: courir d\u00e9guis\u00e9 dans le th\u00e8me d\u2019Halloween, avec une lampe frontale, et participer aux animations d\u2019horreur organis\u00e9es par la soci\u00e9t\u00e9 <a href=\"https:\/\/www.leprogres.fr\/loire-42-edition-saint-etienne-metropole\/2017\/12\/11\/un-deuxieme-espace-pour-1909-escape-game\" target=\"_blank\" rel=\"nofollow noopener\">1909 Escape Game<\/a>.<\/p>\n<p>  Le samedi 1\u1d49\u02b3 novembre<\/p>\n<p>En plus de l\u2019Halloween Run, le circuit de marche guid\u00e9e fait son retour. Les amateurs de balade pourront d\u00e9couvrir la ville \u00e0 leur rythme, sur un parcours de 6\u00a0km. Les marcheurs partiront en groupe, accompagn\u00e9s de guides qui leur livreront des anecdotes <a href=\"https:\/\/www.leprogres.fr\/environnement\/2020\/07\/04\/sainte-vu-du-ciel-comment-le-centre-ville-a-evolue-en-60-ans\" target=\"_blank\" rel=\"nofollow noopener\">sur l&rsquo;architecture<\/a>, les monuments et les histoires de quartier.<\/p>\n<p>Les enfants pourront, eux aussi, prendre part \u00e0 l\u2019aventure, lors de la \u00ab Course des Matrus \u00bb, \u00e0 partir de 16\u00a0h, au parc Fran\u00e7ois-Mitterrand. R\u00e9serv\u00e9e aux 4 \u2013 15 ans, elle se d\u00e9cline en deux trac\u00e9s\u00a0: 300\u00a0m pour les plus petits et 1\u00a0200\u00a0m pour les plus grands.<\/p>\n<p>  Le dimanche 2\u00a0novembre<\/p>\n<p>Un 12, un 20, un 30 et m\u00eame un 42 kilom\u00e8tres\u00a0! C\u2019est la grande nouveaut\u00e9 de cette ann\u00e9e\u00a0: le dimanche, les amateurs de d\u00e9fis extr\u00eames pourront s\u2019essayer au parcours le plus long jamais propos\u00e9 par le trail. Intitul\u00e9 \u00ab\u00a0La VERTigineuse\u00a0\u00bb, l\u2019itin\u00e9raire traversera 35 lieux embl\u00e9matiques de la ville, avec un d\u00e9nivel\u00e9 positif d\u2019environ 1\u00a0000\u00a0m. Ce parcours pr\u00e9voit un d\u00e9tour par Montreynaud afin de boucler la 7\u1d49 colline de la ville \u2014 une premi\u00e8re pour l\u2019\u00e9v\u00e9nement.<\/p>\n<p>Autre nouveaut\u00e9\u00a0: la possibilit\u00e9 pour les coureurs de r\u00e9ellement traverser les structures situ\u00e9es sur leur chemin.<\/p>\n<p>\u00ab\u00a0Cette ann\u00e9e, on veut vraiment pousser le c\u00f4t\u00e9 d\u00e9couverte. L\u00e0 o\u00f9, d\u2019habitude, les coureurs passaient devant ou dans la rue \u00e0 c\u00f4t\u00e9, cette fois, on va entrer\u00a0: que ce soit dans le plan\u00e9tarium, l\u2019h\u00f4tel de ville, en traversant les salons, ou encore le th\u00e9\u00e2tre Massenet. On veut faire un vrai tour du patrimoine\u00a0\u00bb, indique Pierre Gardet.<\/p>\n<p>Tous les participants des parcours trail passeront par <a href=\"https:\/\/www.leprogres.fr\/asse\/stade-geoffroy-guichard\" target=\"_blank\" rel=\"nofollow noopener\">le stade Geoffrey-Guichard<\/a>, en y entrant par l\u2019acc\u00e8s r\u00e9serv\u00e9 aux joueurs.<\/p>\n<p>Les amateurs d\u2019exp\u00e9riences culinaires pourront \u00e9galement participer \u00e0 la marche gourmande\u00a0: un itin\u00e9raire agr\u00e9ment\u00e9 d\u2019un ravitaillement \u00ab\u00a0am\u00e9lior\u00e9\u00a0\u00bb, sp\u00e9cialement con\u00e7u par <a href=\"https:\/\/www.leprogres.fr\/culture-loisirs\/2024\/11\/25\/avec-ses-170-adherents-les-locaux-de-la-boule-du-cros-vont-s-agrandir-en-2025\" target=\"_blank\" rel=\"nofollow noopener\">La Boule du Cros<\/a>, au 8\u1d49 kilom\u00e8tre.<\/p>\n<p>  Des stands pour pas courir le ventre vide<\/p>\n<p>Un stand de restauration (repas froid) et une buvette seront install\u00e9s au niveau du d\u00e9part des trails sur le gymnase omnisports, en plus des points de ravitaillement pr\u00e9vus sur les diff\u00e9rents parcours propos\u00e9s (un \u00e0 quatre selon la distance).<\/p>\n<p>  Par ici l\u2019inscription<\/p>\n<p>Les inscriptions sur le site internet \u00ab\u00a0Saint\u00e9 Trail Urbain\u00a0\u00bb sont ouvertes jusqu\u2019au jeudi 30\u00a0octobre\u00a0; cependant, il sera possible de s\u2019inscrire sur place pour le dimanche, jusqu\u2019au samedi matin.<\/p>\n<p>La Course des Matrus est gratuite, mais l\u2019inscription reste obligatoire. Les parcours trail co\u00fbteront entre 20 et 50\u00a0euros selon la distance choisie. Quant aux marches, l\u2019itin\u00e9raire gourmand sera propos\u00e9 au prix de 12\u00a0euros, et le parcours guid\u00e9 \u00e0 5\u00a0euros.<\/p>\n<p>Des frais de dossier et d\u2019inscription sont \u00e0 pr\u00e9voir, en plus des tarifs des courses, pour les trails du dimanche\u00a0: une licence de la F\u00e9d\u00e9ration fran\u00e7aise d\u2019athl\u00e9tisme ou une attestation Parcours Pr\u00e9vention Sant\u00e9 (PPS) est obligatoire pour participer.<\/p>\n<p>  1 brassard =\u00a01\u00a0euro pour un institut m\u00e9dico-\u00e9ducatif<\/p>\n<p>L&rsquo;OMSS reversera 1\u00a0euro en faveur de <a href=\"https:\/\/www.adapei42.fr\/etablissement\/ime-de-saint-etienne\/\" target=\"_blank\" rel=\"nofollow noopener\">l\u2019IME de Saint-\u00c9tienne<\/a> pour chaque brassard retir\u00e9 par les traileurs. La structure accueille 55 enfants, adolescents et jeunes adultes souffrant de pathologies du neurod\u00e9veloppement\u00a0: d\u00e9ficience intellectuelle, trouble d\u00e9ficitaire de l\u2019attention avec ou sans hyperactivit\u00e9 (TDAH) ou encore trouble du spectre autistique.<\/p>\n<p>L&rsquo;\u00e9dition 2025 du Saint\u00e9 Trail Urbain s&rsquo;annonce riche en activit\u00e9s. La hausse du nombre de participants t\u00e9moigne de l\u2019engouement autour de l\u2019\u00e9v\u00e9nement\u00a0: n\u2019h\u00e9sitez pas \u00e0 retirer votre brassard le week-end du 1er novembre.<\/p>\n<p class=\"note\">Inscriptions : https:\/\/www.logicourse.fr\/inscriptions-3\/987-stu25.html<\/p>\n","protected":false},"excerpt":{"rendered":"\u00ab\u00a0On a d\u00e9j\u00e0 2\u00a0000 inscrits et on attend 3\u00a0000 personnes au d\u00e9part cette ann\u00e9e\u00a0\u00bb, confie Pierre Gardet, vice-pr\u00e9sident&hellip;\n","protected":false},"author":2,"featured_media":494882,"comment_status":"","ping_status":"","sticky":false,"template":"","format":"standard","meta":{"footnotes":""},"categories":[9653],"tags":[1111,11,4132,2430,7782,1687,7539,1777,674,107,1011,27,3367,12,25,4001,7538,517],"class_list":{"0":"post-494881","1":"post","2":"type-post","3":"status-publish","4":"format-standard","5":"has-post-thumbnail","7":"category-saint-etienne","8":"tag-actu","9":"tag-actualites","10":"tag-athletisme","11":"tag-auvergne-rhone-alpes","12":"tag-balades-et-randonnees","13":"tag-culture-loisirs","14":"tag-edition-loire-sud","15":"tag-eu","16":"tag-europe","17":"tag-fil-info","18":"tag-fr","19":"tag-france","20":"tag-loire","21":"tag-news","22":"tag-republique-francaise","23":"tag-saint-etienne","24":"tag-saint-etienne-ville","25":"tag-sport"},"share_on_mastodon":{"url":"https:\/\/pubeurope.com\/@fr\/115450486823577722","error":""},"_links":{"self":[{"href":"https:\/\/www.europesays.com\/fr\/wp-json\/wp\/v2\/posts\/494881","targetHints":{"allow":["GET"]}}],"collection":[{"href":"https:\/\/www.europesays.com\/fr\/wp-json\/wp\/v2\/posts"}],"about":[{"href":"https:\/\/www.europesays.com\/fr\/wp-json\/wp\/v2\/types\/post"}],"author":[{"embeddable":true,"href":"https:\/\/www.europesays.com\/fr\/wp-json\/wp\/v2\/users\/2"}],"replies":[{"embeddable":true,"href":"https:\/\/www.europesays.com\/fr\/wp-json\/wp\/v2\/comments?post=494881"}],"version-history":[{"count":0,"href":"https:\/\/www.europesays.com\/fr\/wp-json\/wp\/v2\/posts\/494881\/revisions"}],"wp:featuredmedia":[{"embeddable":true,"href":"https:\/\/www.europesays.com\/fr\/wp-json\/wp\/v2\/media\/494882"}],"wp:attachment":[{"href":"https:\/\/www.europesays.com\/fr\/wp-json\/wp\/v2\/media?parent=494881"}],"wp:term":[{"taxonomy":"category","embeddable":true,"href":"https:\/\/www.europesays.com\/fr\/wp-json\/wp\/v2\/categories?post=494881"},{"taxonomy":"post_tag","embeddable":true,"href":"https:\/\/www.europesays.com\/fr\/wp-json\/wp\/v2\/tags?post=494881"}],"curies":[{"name":"wp","href":"https:\/\/api.w.org\/{rel}","templated":true}]}}