{"id":494899,"date":"2025-10-28T07:08:25","date_gmt":"2025-10-28T07:08:25","guid":{"rendered":"https:\/\/www.europesays.com\/fr\/494899\/"},"modified":"2025-10-28T07:08:25","modified_gmt":"2025-10-28T07:08:25","slug":"entreprises-grenoble-dans-le-top-5-mondial-des-deeptech-la-cera-signe-un-partenariat-avec-la-ldlc-arena-lactu-en-bref","status":"publish","type":"post","link":"https:\/\/www.europesays.com\/fr\/494899\/","title":{"rendered":"Entreprises. Grenoble dans le top 5 mondial des\u00a0deeptech, la\u00a0CERA signe un partenariat avec la LDLC Arena&#8230;\u00a0L&rsquo;actu en bref"},"content":{"rendered":"<p>  &#13;<br \/>\n      <a href=\"https:\/\/cdn-s-www.ledauphine.com\/images\/b5dd8239-11b5-4bc6-a39c-3c2d1ba9d3b8\/NW_raw\/photo-quobly-cyril-marcilhacy-1761579799.jpg\" title=\"Photo Quobly \/Cyril Marcilhacy\" class=\"chocolat-image GA-tracking\" data-ga_type=\"click\" data-ga_category=\"D\u00e9tail\" data-ga_action=\"zoomer\" data-ga_label=\"agrandir image\" target=\"_blank\" rel=\"noopener\">&#13;<br \/>\n          <img loading=\"lazy\" decoding=\"async\" src=\"https:\/\/www.europesays.com\/fr\/wp-content\/uploads\/2025\/10\/photo-quobly-cyril-marcilhacy-1761579799.jpg\" data-mobile=\"NW_listC_M|1761579799\" data-base=\"NW_listC|1761579799\" alt=\"Photo Quobly \/Cyril Marcilhacy\"\/>&#13;<br \/>\n      <\/a>&#13;<\/p>\n<p>Photo Quobly \/Cyril Marcilhacy<\/p>\n<p>&#13;<\/p>\n<p>  Is\u00e8re\u00a0: Grenoble dans le top 5 mondial des\u00a0deeptech<\/p>\n<p>Le Global Tech Ecosystem Index 2025 \u2013 Sector Edition, qui analyse et compare 281 \u00e9cosyst\u00e8mes technologiques dans le monde selon des crit\u00e8res cl\u00e9s tels qu\u2019investissements, innovation, talent et r\u00e9sultats concrets (valeur d\u2019entreprise, licornes, brevets, etc.)\u00a0vient de distinguer la ville de Grenoble.<\/p>\n<p>La m\u00e9tropole is\u00e9roise s\u2019est ainsi d\u00e9marqu\u00e9e dans 5 secteurs strat\u00e9giques\u00a0:<\/p>\n<p>&#8211; 5e place dans la cat\u00e9gorie \u00a0\u00bbdeeptech\u00a0\u00bb, derri\u00e8re la Silicon Valley, Cambridge, Boston et Oxford. Avec comme mod\u00e8les <a href=\"https:\/\/www.ledauphine.com\/economie\/2025\/06\/10\/la-pepite-grenobloise-quobly-lance-un-emulateur-quantique-sur-ovhcloud\" target=\"_blank\" rel=\"noopener\">Quobly<\/a>\u00a0ou <a href=\"https:\/\/www.ledauphine.com\/economie\/2025\/07\/17\/stellaria-leve-23-m-pour-accelerer-le-developpement-de-son-reacteur-nucleaire-a-combustibles-renouvelables\" target=\"_blank\" rel=\"noopener\">Stellaria<\/a>.<\/p>\n<p>&#8211; 3e place dans la cat\u00e9gorie \u00a0\u00bbsemi-conducteurs\u00a0\u00bb, derri\u00e8re Cambridge et la Sillicon Valley. Des ETI telles que <a href=\"https:\/\/www.ledauphine.com\/economie\/2025\/06\/02\/chiffre-d-affaires-en-berne-et-visibilite-reduite-pour-soitec\" target=\"_blank\" rel=\"noopener\">Soitec<\/a> ou des start-ups telles que <a href=\"https:\/\/www.ledauphine.com\/economie\/2025\/09\/09\/scintil-photonics-leve-50-millions-d-euros-et-attire-nvidia\" target=\"_blank\" rel=\"noopener\">Scintil Photonics<\/a> ont \u00e9t\u00e9 mentionn\u00e9es.<\/p>\n<p>&#8211; 3e place dans la cat\u00e9gorie \u00a0\u00bb\u00e9nergie\u00a0\u00bb derri\u00e8re la Sillicon Valley et Boston. <\/p>\n<p>&#8211; 4e place dans la cat\u00e9gorie \u00a0\u00bbtechnologies du climat\u00a0\u00bb.<\/p>\n<p>&#8211; 5e place dans la cat\u00e9gorie \u00a0\u00bbtransports\u00a0\u00bb.<\/p>\n<p>  &#13;<br \/>\n      <a href=\"https:\/\/cdn-s-www.ledauphine.com\/images\/27832331-3466-4d80-9549-cedd22b33547\/NW_raw\/alexandre-aulas-pdg-de-thrillstage-et-francois-codet-president-du-directoire-de-la-caisse-d-epargne-rhone-alpes-1761579799.jpg\" title=\"Alexandre Aulas,\u00a0PDG\u00a0de Thrillstage,\u00a0et\u00a0Fran\u00e7ois Codet,\u00a0pr\u00e9sident du directoire de la\u00a0Caisse d\u2019Epargne Rh\u00f4ne Alpes.\" class=\"chocolat-image GA-tracking\" data-ga_type=\"click\" data-ga_category=\"D\u00e9tail\" data-ga_action=\"zoomer\" data-ga_label=\"agrandir image\" target=\"_blank\" rel=\"noopener\">&#13;<br \/>\n          <img loading=\"lazy\" decoding=\"async\" src=\"https:\/\/www.europesays.com\/fr\/wp-content\/uploads\/2025\/10\/alexandre-aulas-pdg-de-thrillstage-et-francois-codet-president-du-directoire-de-la-caisse-d-epargne-.jpeg\" data-mobile=\"NW_listC_M|1761579799\" data-base=\"NW_listC|1761579799\" alt=\"Alexandre Aulas,\u00a0PDG\u00a0de Thrillstage,\u00a0et\u00a0Fran\u00e7ois Codet,\u00a0pr\u00e9sident du directoire de la\u00a0Caisse d\u2019Epargne Rh\u00f4ne Alpes.\"\/>&#13;<br \/>\n      <\/a>&#13;<\/p>\n<p>Alexandre Aulas,\u00a0PDG\u00a0de Thrillstage,\u00a0et\u00a0Fran\u00e7ois Codet,\u00a0pr\u00e9sident du directoire de la\u00a0Caisse d\u2019Epargne Rh\u00f4ne Alpes.<\/p>\n<p>&#13;<\/p>\n<p>  R\u00e9gion\u00a0:\u00a0la\u00a0Caisse d\u2019Epargne Rh\u00f4ne Alpes signe un partenariat avec la LDLC Arena<\/p>\n<p>La Caisse d\u2019Epargne Rh\u00f4ne Alpes a annonc\u00e9 la signature d&rsquo;un partenariat avec la LDLC Arena, salle \u00e9v\u00e9nementielle embl\u00e9matique situ\u00e9e \u00e0 Lyon-D\u00e9cines.<\/p>\n<p>\u00ab En tant que banque coop\u00e9rative, la Caisse d\u2019Epargne Rh\u00f4ne Alpes s&rsquo;engage \u00e0 soutenir les initiatives culturelles et sportives qui animent notre r\u00e9gion. Nous sommes convaincus que la musique, la culture et le sport constituent des leviers essentiels de lien social et de croissance collective, contribuant ainsi \u00e0 l\u2019attractivit\u00e9 et au rayonnement de notre territoire. Ce partenariat avec la LDLC Arena est une magnifique opportunit\u00e9 pour nous de renforcer cette dynamique. \u00bb, partage Fran\u00e7ois Codet,\u00a0pr\u00e9sident du directoire de la\u00a0Caisse d\u2019Epargne Rh\u00f4ne Alpes.<\/p>\n<p>\u00ab Ce partenariat avec la Caisse d\u2019Epargne Rh\u00f4ne Alpes nous permet d\u2019aller encore plus loin dans notre mission : offrir des exp\u00e9riences uniques \u00e0 notre public tout en soutenant le dynamisme \u00e9conomique et culturel de notre r\u00e9gion. Nous sommes fiers de collaborer avec un acteur local engag\u00e9. \u00bb, exprime de son c\u00f4t\u00e9\u00a0Alexandre Aulas,\u00a0PDG\u00a0de Thrillstage, soci\u00e9t\u00e9 d\u2019exploitation de la LDLC Arena.<\/p>\n","protected":false},"excerpt":{"rendered":"&#13; &#13; &#13; &#13; Photo Quobly \/Cyril Marcilhacy &#13; Is\u00e8re\u00a0: Grenoble dans le top 5 mondial des\u00a0deeptech Le&hellip;\n","protected":false},"author":2,"featured_media":494900,"comment_status":"","ping_status":"","sticky":false,"template":"","format":"standard","meta":{"footnotes":""},"categories":[9566],"tags":[1111,11,2738,4646,2430,9810,2730,33,1777,674,1011,27,2731,4638,693,5015,108,3367,12,25,2429,5508,216],"class_list":{"0":"post-494899","1":"post","2":"type-post","3":"status-publish","4":"format-standard","5":"has-post-thumbnail","7":"category-grenoble","8":"tag-actu","9":"tag-actualites","10":"tag-ain","11":"tag-ardeche","12":"tag-auvergne-rhone-alpes","13":"tag-direct-entreprises","14":"tag-drome","15":"tag-economie","16":"tag-eu","17":"tag-europe","18":"tag-fr","19":"tag-france","20":"tag-grenoble","21":"tag-haute-savoie","22":"tag-industrie","23":"tag-innovation-et-start-up","24":"tag-isere","25":"tag-loire","26":"tag-news","27":"tag-republique-francaise","28":"tag-rhone","29":"tag-savoie","30":"tag-vie-des-entreprises"},"share_on_mastodon":{"url":"https:\/\/pubeurope.com\/@fr\/115450539034951709","error":""},"_links":{"self":[{"href":"https:\/\/www.europesays.com\/fr\/wp-json\/wp\/v2\/posts\/494899","targetHints":{"allow":["GET"]}}],"collection":[{"href":"https:\/\/www.europesays.com\/fr\/wp-json\/wp\/v2\/posts"}],"about":[{"href":"https:\/\/www.europesays.com\/fr\/wp-json\/wp\/v2\/types\/post"}],"author":[{"embeddable":true,"href":"https:\/\/www.europesays.com\/fr\/wp-json\/wp\/v2\/users\/2"}],"replies":[{"embeddable":true,"href":"https:\/\/www.europesays.com\/fr\/wp-json\/wp\/v2\/comments?post=494899"}],"version-history":[{"count":0,"href":"https:\/\/www.europesays.com\/fr\/wp-json\/wp\/v2\/posts\/494899\/revisions"}],"wp:featuredmedia":[{"embeddable":true,"href":"https:\/\/www.europesays.com\/fr\/wp-json\/wp\/v2\/media\/494900"}],"wp:attachment":[{"href":"https:\/\/www.europesays.com\/fr\/wp-json\/wp\/v2\/media?parent=494899"}],"wp:term":[{"taxonomy":"category","embeddable":true,"href":"https:\/\/www.europesays.com\/fr\/wp-json\/wp\/v2\/categories?post=494899"},{"taxonomy":"post_tag","embeddable":true,"href":"https:\/\/www.europesays.com\/fr\/wp-json\/wp\/v2\/tags?post=494899"}],"curies":[{"name":"wp","href":"https:\/\/api.w.org\/{rel}","templated":true}]}}