{"id":494901,"date":"2025-10-28T07:09:17","date_gmt":"2025-10-28T07:09:17","guid":{"rendered":"https:\/\/www.europesays.com\/fr\/494901\/"},"modified":"2025-10-28T07:09:17","modified_gmt":"2025-10-28T07:09:17","slug":"saint-jacques-de-la-lande-voici-la-premiere-eglise-bretonne-du-xxie-siecle","status":"publish","type":"post","link":"https:\/\/www.europesays.com\/fr\/494901\/","title":{"rendered":"Saint-Jacques-de-la-Lande. Voici la premi\u00e8re \u00e9glise bretonne du XXIe si\u00e8cle"},"content":{"rendered":"<p>Pour r\u00e9pondre \u00e0 la demande des paroissiens du nouveau centre-ville, le dioc\u00e8se a d\u00e9cid\u00e9 de cr\u00e9er une deuxi\u00e8me \u00e9glise, en plus de celle, historique, du bourg a\u00e9roport. \u00c1lvaro Siza, architecte mondialement connu, a dessin\u00e9 Anastasis, r\u00e9surrection en grec, en s\u2019inspirant du Saint S\u00e9pulcre de J\u00e9rusalem. La messe inaugurale est c\u00e9l\u00e9br\u00e9e le 11\u00a0f\u00e9vrier 2018. Anastasis devient la premi\u00e8re \u00e9glise bretonne construite au XXIe si\u00e8cle.<\/p>\n<p>L\u2019\u00e9difice, tout en blanc, et de lignes tr\u00e8s \u00e9pur\u00e9es, se veut r\u00e9solument contemporain. \u00a0La nef centrale en marbre blanc est surplomb\u00e9e d\u2019un rond c\u00e9leste et d\u2019un carr\u00e9 suspendu, repr\u00e9sentant l\u2019humanit\u00e9\u00a0\u00bb,explique le p\u00e8re Lecoq, cur\u00e9 \u00e0 l\u2019\u00e9poque de la construction. Le campanile \u00e0 trois cloches se dresse devant l\u2019entr\u00e9e, pr\u00e8s de l\u2019\u00e9tang.<\/p>\n<p>Rhod Sakany-Yiseno, cur\u00e9 depuis quatre\u00a0ans, raconte \u00a0son bonheur d\u2019officier dans cette magnifique \u00e9glise Anastasis, bien int\u00e9gr\u00e9e dans le paysage\u00a0. De nombreuses personnes viennent la visiter.<strong> \u00ab La communaut\u00e9 de fid\u00e8les catholiques a grandi depuis sept\u00a0ans.<\/strong><strong>\u00a0<\/strong>Les 134\u00a0places de la nef sont prises chaque dimanche et le nombre de cat\u00e9chum\u00e8nes est en hausse. Notre \u00e9glise rassemble toutes les nations et toutes les couleurs. Les paroissiens m\u2019aident pour le cat\u00e9chisme, le secr\u00e9tariat et l\u2019entretien. Je suis un pr\u00eatre plus qu\u2019heureux ici.\u00a0<\/p>\n<p>\u00a0<\/p>\n","protected":false},"excerpt":{"rendered":"Pour r\u00e9pondre \u00e0 la demande des paroissiens du nouveau centre-ville, le dioc\u00e8se a d\u00e9cid\u00e9 de cr\u00e9er une deuxi\u00e8me&hellip;\n","protected":false},"author":2,"featured_media":494902,"comment_status":"","ping_status":"","sticky":false,"template":"","format":"standard","meta":{"footnotes":""},"categories":[2821],"tags":[1111,11,829,12103,12336,1777,674,1011,27,12,3086,584,25,18461,13063,61751],"class_list":{"0":"post-494901","1":"post","2":"type-post","3":"status-publish","4":"format-standard","5":"has-post-thumbnail","7":"category-rennes","8":"tag-actu","9":"tag-actualites","10":"tag-bretagne","11":"tag-bretonne","12":"tag-eglise","13":"tag-eu","14":"tag-europe","15":"tag-fr","16":"tag-france","17":"tag-news","18":"tag-redon","19":"tag-rennes","20":"tag-republique-francaise","21":"tag-saint-jacques-de-la-lande","22":"tag-siecle","23":"tag-xxie"},"share_on_mastodon":{"url":"https:\/\/pubeurope.com\/@fr\/115450541724894498","error":""},"_links":{"self":[{"href":"https:\/\/www.europesays.com\/fr\/wp-json\/wp\/v2\/posts\/494901","targetHints":{"allow":["GET"]}}],"collection":[{"href":"https:\/\/www.europesays.com\/fr\/wp-json\/wp\/v2\/posts"}],"about":[{"href":"https:\/\/www.europesays.com\/fr\/wp-json\/wp\/v2\/types\/post"}],"author":[{"embeddable":true,"href":"https:\/\/www.europesays.com\/fr\/wp-json\/wp\/v2\/users\/2"}],"replies":[{"embeddable":true,"href":"https:\/\/www.europesays.com\/fr\/wp-json\/wp\/v2\/comments?post=494901"}],"version-history":[{"count":0,"href":"https:\/\/www.europesays.com\/fr\/wp-json\/wp\/v2\/posts\/494901\/revisions"}],"wp:featuredmedia":[{"embeddable":true,"href":"https:\/\/www.europesays.com\/fr\/wp-json\/wp\/v2\/media\/494902"}],"wp:attachment":[{"href":"https:\/\/www.europesays.com\/fr\/wp-json\/wp\/v2\/media?parent=494901"}],"wp:term":[{"taxonomy":"category","embeddable":true,"href":"https:\/\/www.europesays.com\/fr\/wp-json\/wp\/v2\/categories?post=494901"},{"taxonomy":"post_tag","embeddable":true,"href":"https:\/\/www.europesays.com\/fr\/wp-json\/wp\/v2\/tags?post=494901"}],"curies":[{"name":"wp","href":"https:\/\/api.w.org\/{rel}","templated":true}]}}