{"id":494905,"date":"2025-10-28T07:11:14","date_gmt":"2025-10-28T07:11:14","guid":{"rendered":"https:\/\/www.europesays.com\/fr\/494905\/"},"modified":"2025-10-28T07:11:14","modified_gmt":"2025-10-28T07:11:14","slug":"schiltigheim-toc-toc-toc-bienvenue-dans-la-coloc-des-toques","status":"publish","type":"post","link":"https:\/\/www.europesays.com\/fr\/494905\/","title":{"rendered":"Schiltigheim. Toc, toc, toc, bienvenue dans la coloc des toqu\u00e9s"},"content":{"rendered":"<p>\u00ab\u00a0Cherchons colocataire pour partager un F5 de 150\u00a0m2 avec terrasse. Condition requise\u00a0: avoir un TOC (trouble obsessionnel compulsif)\u00a0!\u00a0\u00bb Autrement dit, il faut \u00eatre \u00ab\u00a0toqu\u00e9 avant d\u2019entrer\u00a0\u00bb. Adapt\u00e9e par Yolande Duchmann, cette com\u00e9die de Fran\u00e7ois Scharre est actuellement \u00e0 l\u2019affiche du Brassin, \u00e0 Schiltigheim.<\/p>\n<p><a href=\"https:\/\/www.dna.fr\/culture-loisirs\/2025\/10\/17\/au-theatre-alsacien-qui-se-ressemble-s-assemble\" target=\"_blank\" rel=\"noopener\">Vendredi 24\u00a0octobre, le soir de la premi\u00e8re<\/a> , Astride North, pr\u00e9sidente du th\u00e9\u00e2tre alsacien de Schiltigheim, a manifest\u00e9 son enthousiasme. \u00ab\u00a0C\u2019est une com\u00e9die de boulevard, jou\u00e9e pour la premi\u00e8re fois. Ce n\u2019\u00e9tait pas si facile \u00e0 interpr\u00e9ter pour les com\u00e9diens, qui, en plus du texte, miment un TOC.\u00a0\u00bb<\/p>\n<p>  Un hymne \u00e0 la tol\u00e9rance<\/p>\n<p>Ces colocataires pas \u00ab\u00a0ordinaires\u00a0\u00bb re\u00e7oivent Herv\u00e9 (C. Modry) qui vient d\u2019\u00eatre mis \u00e0 la porte par son \u00e9pouse Anne-Marie (Yolande Duchmann). Quelle aubaine quand il d\u00e9niche ce F5, pour un prix modique\u00a0! Mais les occupants, Jean (Th. Mathia), b\u00e8gue et qui a l\u2019obsession des serrures, Marylou (B. Denu), obnubil\u00e9e par le rangement, Sonia (E. North), un brin nymphomane et tr\u00e8s tactile, n\u2019accueillent pas n\u2019importe qui\u00a0! Pour \u00eatre accept\u00e9, Herv\u00e9 va devoir passer l\u2019examen d\u2019entr\u00e9e du TOC. Heureusement, cet intermittent du spectacle excelle dans le doublage des voix. Devant des colocataires \u00e9bahis, il imite d\u2019embl\u00e9e un petit \u00e9cureuil et se glisse dans la peau d\u2019un ours\u00a0! Bingo, il int\u00e8gre la coloc de toqu\u00e9s.<\/p>\n<p>Mais l\u2019affaire se corse \u00e0 l\u2019arriv\u00e9e de son \u00e9pouse, suivie de Lise (N. Volkringer), la petite amie d\u2019Herv\u00e9, et du juge d\u2019affaires familiales (Ch. Welly). L\u2019\u00e9tau se resserre pour Herv\u00e9, qui ment comme un arracheur de dents pour sauver la mise.<\/p>\n<p>Servie par des com\u00e9diens excellents, la pi\u00e8ce, au-del\u00e0 du rire, d\u00e9livre aussi un message, celui de la tol\u00e9rance et de l\u2019acceptation de la diff\u00e9rence. Une raison suppl\u00e9mentaire pour d\u00e9couvrir cette com\u00e9die\u00a0!<\/p>\n<p class=\"note\">\u00dcssergewehnlischi coloc , Au Brassin, 38, rue de Vendenheim \u00e0 Schiltigheim. Repr\u00e9sentations\u00a0: jeudi\u00a030 et vendredi 31\u00a0octobre \u00e0 20\u00a0h, samedi 1er \u00a0novembre \u00e0 20\u00a0h, dimanche 2\u00a0novembre \u00e0 15\u00a0h. Billetterie en ligne\u00a0www.webatas.fr, par t\u00e9l\u00e9phone 06\u00a098\u00a060\u00a017\u00a031 et caisse du soir.<\/p>\n","protected":false},"excerpt":{"rendered":"\u00ab\u00a0Cherchons colocataire pour partager un F5 de 150\u00a0m2 avec terrasse. Condition requise\u00a0: avoir un TOC (trouble obsessionnel compulsif)\u00a0!\u00a0\u00bb&hellip;\n","protected":false},"author":2,"featured_media":494906,"comment_status":"","ping_status":"","sticky":false,"template":"","format":"standard","meta":{"footnotes":""},"categories":[2820],"tags":[1111,11,1687,2880,1777,674,107,1011,27,775,12,25,3140,640,2879],"class_list":{"0":"post-494905","1":"post","2":"type-post","3":"status-publish","4":"format-standard","5":"has-post-thumbnail","7":"category-strasbourg","8":"tag-actu","9":"tag-actualites","10":"tag-culture-loisirs","11":"tag-edition-strasbourg","12":"tag-eu","13":"tag-europe","14":"tag-fil-info","15":"tag-fr","16":"tag-france","17":"tag-grand-est","18":"tag-news","19":"tag-republique-francaise","20":"tag-spectacle","21":"tag-strasbourg","22":"tag-strasbourg-ville"},"share_on_mastodon":{"url":"https:\/\/pubeurope.com\/@fr\/115450549605198183","error":""},"_links":{"self":[{"href":"https:\/\/www.europesays.com\/fr\/wp-json\/wp\/v2\/posts\/494905","targetHints":{"allow":["GET"]}}],"collection":[{"href":"https:\/\/www.europesays.com\/fr\/wp-json\/wp\/v2\/posts"}],"about":[{"href":"https:\/\/www.europesays.com\/fr\/wp-json\/wp\/v2\/types\/post"}],"author":[{"embeddable":true,"href":"https:\/\/www.europesays.com\/fr\/wp-json\/wp\/v2\/users\/2"}],"replies":[{"embeddable":true,"href":"https:\/\/www.europesays.com\/fr\/wp-json\/wp\/v2\/comments?post=494905"}],"version-history":[{"count":0,"href":"https:\/\/www.europesays.com\/fr\/wp-json\/wp\/v2\/posts\/494905\/revisions"}],"wp:featuredmedia":[{"embeddable":true,"href":"https:\/\/www.europesays.com\/fr\/wp-json\/wp\/v2\/media\/494906"}],"wp:attachment":[{"href":"https:\/\/www.europesays.com\/fr\/wp-json\/wp\/v2\/media?parent=494905"}],"wp:term":[{"taxonomy":"category","embeddable":true,"href":"https:\/\/www.europesays.com\/fr\/wp-json\/wp\/v2\/categories?post=494905"},{"taxonomy":"post_tag","embeddable":true,"href":"https:\/\/www.europesays.com\/fr\/wp-json\/wp\/v2\/tags?post=494905"}],"curies":[{"name":"wp","href":"https:\/\/api.w.org\/{rel}","templated":true}]}}