{"id":494917,"date":"2025-10-28T07:17:14","date_gmt":"2025-10-28T07:17:14","guid":{"rendered":"https:\/\/www.europesays.com\/fr\/494917\/"},"modified":"2025-10-28T07:17:14","modified_gmt":"2025-10-28T07:17:14","slug":"vos-dons-financent-linnovation-et-lhumanite-a-lhopital","status":"publish","type":"post","link":"https:\/\/www.europesays.com\/fr\/494917\/","title":{"rendered":"vos dons financent l\u2019innovation et l\u2019humanit\u00e9 \u00e0 l\u2019h\u00f4pital"},"content":{"rendered":"<p><strong>Le CHU de Bordeaux franchit une nouvelle \u00e9tape en lan\u00e7ant une campagne d\u2019appel aux dons in\u00e9dite, destin\u00e9e \u00e0 financer des projets concrets au service des patients, des soignants et de la soci\u00e9t\u00e9.<\/strong> En 2024, gr\u00e2ce \u00e0 la mobilisation de 1 751 m\u00e9c\u00e8nes, 1,8 million d\u2019euros ont \u00e9t\u00e9 collect\u00e9s, permettant de concr\u00e9tiser plus de 40 initiatives porteuses de sens.\u00a0<\/p>\n","protected":false},"excerpt":{"rendered":"Le CHU de Bordeaux franchit une nouvelle \u00e9tape en lan\u00e7ant une campagne d\u2019appel aux dons in\u00e9dite, destin\u00e9e \u00e0&hellip;\n","protected":false},"author":2,"featured_media":494918,"comment_status":"","ping_status":"","sticky":false,"template":"","format":"standard","meta":{"footnotes":""},"categories":[2817],"tags":[1111,11,61755,1997,2904,60733,61752,61756,1777,674,1011,27,61754,61753,12,2219,25],"class_list":{"0":"post-494917","1":"post","2":"type-post","3":"status-publish","4":"format-standard","5":"has-post-thumbnail","7":"category-bordeaux","8":"tag-actu","9":"tag-actualites","10":"tag-bien-etre-patients","11":"tag-bordeaux","12":"tag-bordeaux-metropole","13":"tag-campagne-de-dons","14":"tag-chu-bordeaux","15":"tag-dons-sante","16":"tag-eu","17":"tag-europe","18":"tag-fr","19":"tag-france","20":"tag-innovation-medicale","21":"tag-mecenat-hospitalier","22":"tag-news","23":"tag-nouvelle-aquitaine","24":"tag-republique-francaise"},"share_on_mastodon":{"url":"https:\/\/pubeurope.com\/@fr\/115450573417377445","error":""},"_links":{"self":[{"href":"https:\/\/www.europesays.com\/fr\/wp-json\/wp\/v2\/posts\/494917","targetHints":{"allow":["GET"]}}],"collection":[{"href":"https:\/\/www.europesays.com\/fr\/wp-json\/wp\/v2\/posts"}],"about":[{"href":"https:\/\/www.europesays.com\/fr\/wp-json\/wp\/v2\/types\/post"}],"author":[{"embeddable":true,"href":"https:\/\/www.europesays.com\/fr\/wp-json\/wp\/v2\/users\/2"}],"replies":[{"embeddable":true,"href":"https:\/\/www.europesays.com\/fr\/wp-json\/wp\/v2\/comments?post=494917"}],"version-history":[{"count":0,"href":"https:\/\/www.europesays.com\/fr\/wp-json\/wp\/v2\/posts\/494917\/revisions"}],"wp:featuredmedia":[{"embeddable":true,"href":"https:\/\/www.europesays.com\/fr\/wp-json\/wp\/v2\/media\/494918"}],"wp:attachment":[{"href":"https:\/\/www.europesays.com\/fr\/wp-json\/wp\/v2\/media?parent=494917"}],"wp:term":[{"taxonomy":"category","embeddable":true,"href":"https:\/\/www.europesays.com\/fr\/wp-json\/wp\/v2\/categories?post=494917"},{"taxonomy":"post_tag","embeddable":true,"href":"https:\/\/www.europesays.com\/fr\/wp-json\/wp\/v2\/tags?post=494917"}],"curies":[{"name":"wp","href":"https:\/\/api.w.org\/{rel}","templated":true}]}}