{"id":49492,"date":"2025-04-24T15:39:09","date_gmt":"2025-04-24T15:39:09","guid":{"rendered":"https:\/\/www.europesays.com\/fr\/49492\/"},"modified":"2025-04-24T15:39:09","modified_gmt":"2025-04-24T15:39:09","slug":"700-000-e-de-prejudice-cest-enorme-a-rennes-la-police-fait-tomber-une-equipe-specialisee-dans-le-cambriolage-dentreprises","status":"publish","type":"post","link":"https:\/\/www.europesays.com\/fr\/49492\/","title":{"rendered":"\u00ab\u00a0700\u00a0000\u00a0\u20ac de pr\u00e9judice, c\u2019est \u00e9norme\u00a0\u00bb\u00a0: \u00e0 Rennes, la police fait tomber une \u00e9quipe sp\u00e9cialis\u00e9e dans le cambriolage d\u2019entreprises"},"content":{"rendered":"<p>En avril 2024, cette clinique de Saint-Gr\u00e9goire est victime d\u2019un cambriolage audacieux. Le ou les voleurs \u00e9taient alors repartis avec du mat\u00e9riel m\u00e9dical, laissant un pr\u00e9judice de 350 000 \u20ac \u00e0 la structure m\u00e9dicale.<\/p>\n<p>L\u2019enqu\u00eate avait alors d\u00e9marr\u00e9, confi\u00e9e au groupe cambriolages de la Division de la criminalit\u00e9 territoriale du commissariat de Rennes, qui a alors tent\u00e9 d\u2019identifier les suspects, mais aussi leurs complices et receleurs.<\/p>\n<p>Les investigations ont permis aux policiers de relier dans ce m\u00eame dossier une trentaine de faits de vols, tous commis dans des entreprises ou dans des structures du tertiaire. \u00ab On a 286 ordinateurs vol\u00e9s, et plus de 700 000 \u20ac de pr\u00e9judice au total, c\u2019est \u00e9norme \u00bb, commente-t-on ce jeudi 24 avril au commissariat de Rennes.<\/p>\n<p>Quatre suspects<\/p>\n<p>Quatre personnes ont \u00e9t\u00e9 interpell\u00e9es ces jours-ci. Le principal suspect et une femme, suspect\u00e9s d\u2019\u00eatre impliqu\u00e9s dans les vols, mais aussi deux autres personnes, qui pourraient \u00eatre des receleurs.<\/p>\n<blockquote class=\"twitter-tweet\">\n<p lang=\"fr\" dir=\"ltr\"><a href=\"https:\/\/twitter.com\/hashtag\/Cambriolages?src=hash&amp;ref_src=twsrc%5Etfw\" rel=\"nofollow noopener\" target=\"_blank\">#Cambriolages<\/a> | Cette semaine \u00e0 <a href=\"https:\/\/twitter.com\/hashtag\/Rennes?src=hash&amp;ref_src=twsrc%5Etfw\" rel=\"nofollow noopener\" target=\"_blank\">#Rennes<\/a> interpellation de 4 suspects dans un dossier de vols effraction dans des soci\u00e9t\u00e9s apr\u00e8s 1 enqu\u00eate minutieuse<br \/>\\u27a1\\ufe0f+ de 700 000\u20ac de pr\u00e9judice<br \/>\\u2611\\ufe0f2 mis en cause d\u00e9f\u00e9r\u00e9s au Parquet <a href=\"https:\/\/t.co\/e7bK2JQFyB\" rel=\"nofollow\">pic.twitter.com\/e7bK2JQFyB<\/a><\/p>\n<p>\u2014 Police nationale 35 (@PoliceNat35) <a href=\"https:\/\/twitter.com\/PoliceNat35\/status\/1915300727745847641?ref_src=twsrc%5Etfw\" rel=\"nofollow noopener\" target=\"_blank\">April 24, 2025<\/a><\/p><\/blockquote>\n<p>Ce jeudi matin, les deux principaux mis en cause ont \u00e9t\u00e9 d\u00e9f\u00e9r\u00e9s au Palais de justice, en vue d\u2019un jugement en comparution imm\u00e9diate. Ils peuvent, dans ce cadre, demander un d\u00e9lai, de droit, pour pr\u00e9parer leur d\u00e9fense.<\/p>\n<p class=\"note\">Plus d\u2019informations \u00e0 venir<\/p>\n<p><script async src=\"https:\/\/platform.twitter.com\/widgets.js\" charset=\"utf-8\"><\/script><\/p>\n","protected":false},"excerpt":{"rendered":"En avril 2024, cette clinique de Saint-Gr\u00e9goire est victime d\u2019un cambriolage audacieux. Le ou les voleurs \u00e9taient alors&hellip;\n","protected":false},"author":2,"featured_media":49493,"comment_status":"","ping_status":"","sticky":false,"template":"","format":"standard","meta":{"footnotes":""},"categories":[2821],"tags":[1111,11,829,765,1777,674,118,3383,1011,27,12,584,25],"class_list":{"0":"post-49492","1":"post","2":"type-post","3":"status-publish","4":"format-standard","5":"has-post-thumbnail","7":"category-rennes","8":"tag-actu","9":"tag-actualites","10":"tag-bretagne","11":"tag-en-continu","12":"tag-eu","13":"tag-europe","14":"tag-faits-divers","15":"tag-faits-divers-a-rennes","16":"tag-fr","17":"tag-france","18":"tag-news","19":"tag-rennes","20":"tag-republique-francaise"},"share_on_mastodon":{"url":"https:\/\/pubeurope.com\/@fr\/114393695218718053","error":""},"_links":{"self":[{"href":"https:\/\/www.europesays.com\/fr\/wp-json\/wp\/v2\/posts\/49492","targetHints":{"allow":["GET"]}}],"collection":[{"href":"https:\/\/www.europesays.com\/fr\/wp-json\/wp\/v2\/posts"}],"about":[{"href":"https:\/\/www.europesays.com\/fr\/wp-json\/wp\/v2\/types\/post"}],"author":[{"embeddable":true,"href":"https:\/\/www.europesays.com\/fr\/wp-json\/wp\/v2\/users\/2"}],"replies":[{"embeddable":true,"href":"https:\/\/www.europesays.com\/fr\/wp-json\/wp\/v2\/comments?post=49492"}],"version-history":[{"count":0,"href":"https:\/\/www.europesays.com\/fr\/wp-json\/wp\/v2\/posts\/49492\/revisions"}],"wp:featuredmedia":[{"embeddable":true,"href":"https:\/\/www.europesays.com\/fr\/wp-json\/wp\/v2\/media\/49493"}],"wp:attachment":[{"href":"https:\/\/www.europesays.com\/fr\/wp-json\/wp\/v2\/media?parent=49492"}],"wp:term":[{"taxonomy":"category","embeddable":true,"href":"https:\/\/www.europesays.com\/fr\/wp-json\/wp\/v2\/categories?post=49492"},{"taxonomy":"post_tag","embeddable":true,"href":"https:\/\/www.europesays.com\/fr\/wp-json\/wp\/v2\/tags?post=49492"}],"curies":[{"name":"wp","href":"https:\/\/api.w.org\/{rel}","templated":true}]}}