{"id":494923,"date":"2025-10-28T07:20:16","date_gmt":"2025-10-28T07:20:16","guid":{"rendered":"https:\/\/www.europesays.com\/fr\/494923\/"},"modified":"2025-10-28T07:20:16","modified_gmt":"2025-10-28T07:20:16","slug":"plusieurs-accidents-generent-des-perturbations-dont-un-bouchon-sur-le-peripherique-de-toulouse","status":"publish","type":"post","link":"https:\/\/www.europesays.com\/fr\/494923\/","title":{"rendered":"Plusieurs accidents g\u00e9n\u00e8rent des perturbations (dont un bouchon) sur le p\u00e9riph\u00e9rique de Toulouse"},"content":{"rendered":"<p>            Par<br \/>\n        <strong><br \/>\n            <a href=\"https:\/\/actu.fr\/auteur\/david-saint-sernin\" title=\"Consulter tous les articles de David Saint-Sernin\" target=\"_blank\" rel=\"noopener\">David Saint-Sernin<\/a><br \/>\n        <\/strong><\/p>\n<p>        Publi\u00e9 le<\/p>\n<p>            28 oct. 2025 \u00e0 8h07        <\/p>\n<p>M\u00eame pendant les vacances de la Toussaint, alors que le trafic est moins important, trois accidents g\u00e9n\u00e8rent des <strong>perturbations<\/strong><a href=\"https:\/\/actu.fr\/occitanie\/toulouse_31555\/des-travaux-sont-prevus-sur-le-peripherique-de-toulouse-la-circulation-va-etre-impactee_63351171.html\" target=\"_blank\" rel=\"noopener\"> sur le p\u00e9riph\u00e9rique de Toulouse<\/a> mardi 28\u00a0octobre 2025.<\/p>\n<p>4 kilom\u00e8tres de bouchons<\/p>\n<p class=\" wall-content\">Le premier accident s\u2019est produit dans le sens Toulouse-Montpellier, sur le p\u00e9riph\u00e9rique ext\u00e9rieur, <strong>au niveau de Bordelongue.<\/strong> M\u00eame si les interventions cons\u00e9cutives \u00e0 l\u2019accident se sont termin\u00e9es vers 7h50 selon Vinci Autoroutes, le bouchon qui s\u2019est form\u00e9 a mesur\u00e9 jusqu\u2019\u00e0 4 kilom\u00e8tres. Il s\u2019\u00e9tirait jusqu\u2019\u00e0 Purpan peu avant 8h. La situation devrait n\u00e9anmoins s\u2019am\u00e9liorer dans les prochaines minutes.<\/p>\n<p class=\" wall-content\"><strong>Au nord de Toulouse<\/strong>, c\u2019est un accident sur le p\u00e9riph\u00e9rique int\u00e9rieur, dans le sens Bordeaux-Montpellier qui est signal\u00e9, au niveau de l\u2019\u00e9changeur de Borderouge.<\/p>\n<p class=\" wall-content\">Enfin, un troisi\u00e8me accident est signal\u00e9 <strong>aux portes de Toulouse<\/strong>, sur l\u2019autoroute A 61, \u00e0 proximit\u00e9 de la barri\u00e8re de p\u00e9age de Toulouse sud, en direction de la Ville rose. L\u00e0 aussi, un bouchon de 4 kilom\u00e8tres est signal\u00e9 par Vinci Autoroutes.<\/p>\n<p>    <img   decoding=\"async\" loading=\"lazy\" src=\"https:\/\/www.europesays.com\/fr\/wp-content\/uploads\/2025\/10\/capture-decran-2025-10-28-075205-960x640.png\" alt=\"Un bouchon est signal\u00e9 aux portes de Toulouse, au sud-est de Toulouse, mardi 28 octobre 2025.\" width=\"960\" height=\"640\"\/><br \/>\n    Un bouchon est signal\u00e9 aux portes de Toulouse, au sud-est de Toulouse, mardi 28 octobre 2025. (\u00a9Capture d\u2019\u00e9cran Bison Fut\u00e9)<\/p>\n<p class=\" wall-content\">Personnalisez votre actualit\u00e9 en ajoutant vos villes et m\u00e9dias en favori avec <a href=\"https:\/\/moncompte.actu.fr\" title=\"D\u00e9couvez Mon Actu\" rel=\"nofollow noopener\" data-trk=\"{&quot;cta&quot;:{&quot;action&quot;:&quot;https:\\\/\\\/moncompte.actu.fr&quot;,&quot;category&quot;:&quot;mon compte&quot;,&quot;from&quot;:&quot;article footer&quot;,&quot;name&quot;:&quot;Mon actu&quot;,&quot;type&quot;:&quot;cta&quot;}}\" target=\"_blank\">Mon Actu<\/a>.<\/p>\n","protected":false},"excerpt":{"rendered":"Par David Saint-Sernin Publi\u00e9 le 28 oct. 2025 \u00e0 8h07 M\u00eame pendant les vacances de la Toussaint, alors&hellip;\n","protected":false},"author":2,"featured_media":494924,"comment_status":"","ping_status":"","sticky":false,"template":"","format":"standard","meta":{"footnotes":""},"categories":[2816],"tags":[1111,11,1777,674,1011,27,12,2680,4800,25,104,2312],"class_list":{"0":"post-494923","1":"post","2":"type-post","3":"status-publish","4":"format-standard","5":"has-post-thumbnail","7":"category-toulouse","8":"tag-actu","9":"tag-actualites","10":"tag-eu","11":"tag-europe","12":"tag-fr","13":"tag-france","14":"tag-news","15":"tag-occitanie","16":"tag-peripherique-de-toulouse","17":"tag-republique-francaise","18":"tag-societe","19":"tag-toulouse"},"share_on_mastodon":{"url":"https:\/\/pubeurope.com\/@fr\/115450585094777118","error":""},"_links":{"self":[{"href":"https:\/\/www.europesays.com\/fr\/wp-json\/wp\/v2\/posts\/494923","targetHints":{"allow":["GET"]}}],"collection":[{"href":"https:\/\/www.europesays.com\/fr\/wp-json\/wp\/v2\/posts"}],"about":[{"href":"https:\/\/www.europesays.com\/fr\/wp-json\/wp\/v2\/types\/post"}],"author":[{"embeddable":true,"href":"https:\/\/www.europesays.com\/fr\/wp-json\/wp\/v2\/users\/2"}],"replies":[{"embeddable":true,"href":"https:\/\/www.europesays.com\/fr\/wp-json\/wp\/v2\/comments?post=494923"}],"version-history":[{"count":0,"href":"https:\/\/www.europesays.com\/fr\/wp-json\/wp\/v2\/posts\/494923\/revisions"}],"wp:featuredmedia":[{"embeddable":true,"href":"https:\/\/www.europesays.com\/fr\/wp-json\/wp\/v2\/media\/494924"}],"wp:attachment":[{"href":"https:\/\/www.europesays.com\/fr\/wp-json\/wp\/v2\/media?parent=494923"}],"wp:term":[{"taxonomy":"category","embeddable":true,"href":"https:\/\/www.europesays.com\/fr\/wp-json\/wp\/v2\/categories?post=494923"},{"taxonomy":"post_tag","embeddable":true,"href":"https:\/\/www.europesays.com\/fr\/wp-json\/wp\/v2\/tags?post=494923"}],"curies":[{"name":"wp","href":"https:\/\/api.w.org\/{rel}","templated":true}]}}