{"id":494925,"date":"2025-10-28T07:21:11","date_gmt":"2025-10-28T07:21:11","guid":{"rendered":"https:\/\/www.europesays.com\/fr\/494925\/"},"modified":"2025-10-28T07:21:11","modified_gmt":"2025-10-28T07:21:11","slug":"deco-defiles-menus-le-grand-salon-du-mariage-et-du-pacs-bientot-de-retour-a-lille","status":"publish","type":"post","link":"https:\/\/www.europesays.com\/fr\/494925\/","title":{"rendered":"D\u00e9co, d\u00e9fil\u00e9s, menus\u2026 Le grand salon du mariage et du pacs bient\u00f4t de retour \u00e0 Lille"},"content":{"rendered":"<p>            Par<br \/>\n        <strong><br \/>\n            <a href=\"https:\/\/actu.fr\/auteur\/amandine-vachez\" title=\"Consulter tous les articles de Amandine Vachez\" rel=\"nofollow noopener\" target=\"_blank\">Amandine Vachez<\/a><br \/>\n        <\/strong><\/p>\n<p>        Publi\u00e9 le<\/p>\n<p>            28 oct. 2025 \u00e0 7h46        <\/p>\n<p>On entend d\u00e9j\u00e0 la musique d\u2019approche de l\u2019autel, fleur bleue que nous sommes. Le<b> salon du mariage <\/b>et du<b> pacs<\/b>, le plus grand de la r\u00e9gion, est de retour \u00e0 <a href=\"https:\/\/actu.fr\/lille\/\" rel=\"nofollow noopener\" target=\"_blank\">Lille<\/a> (Nord) les <b>samedi\u00a08 et dimanche 9\u00a0novembre 2025.<\/b><\/p>\n<p class=\" wall-content\">Qu\u2019est-ce qui vous attend pour cette <b>29e \u00e9dition\u2009<\/b>? Un aper\u00e7u des <b>grandes tendances de 2026<\/b>, avec les <b>principaux acteurs <\/b>du <a href=\"https:\/\/actu.fr\/tag\/mariage\" rel=\"nofollow noopener\" target=\"_blank\">mariage<\/a> des <b>Hauts-de-France <\/b>et de <b>Belgique<\/b> r\u00e9unis au Grand Palais.<\/p>\n<p>Entre bras\u00e9ro et objets personnalis\u00e9s<\/p>\n<p class=\" wall-content\">Deux grandes modes se dessinent pour la saison de 2026\u2009: d\u2019abord le brasero est de plus en plus pr\u00e9sent lors des mariages, relate l\u2019organisation du salon. \u00ab\u2009Il permet <b>une exp\u00e9rience culinaire \u00e0 la fois unique et chaleureuse<\/b>, une cuisson en direct, ajoutant ainsi une dimension spectaculaire \u00e0 la r\u00e9ception. Les invit\u00e9s se r\u00e9galent de la fra\u00eecheur des mets pr\u00e9par\u00e9s sur place.\u2009\u00bb Le gros avantage du concept\u2009: il peut s\u2019int\u00e9grer facilement \u00e0 divers styles de mariages, du champ\u00eatre au plus raffin\u00e9.<\/p>\n<p class=\" wall-content\">Grande tendance \u00e9galement, les<b> objets ultra-personnalis\u00e9s\u2009<\/b>: peignoirs brod\u00e9s pour la mari\u00e9e et son entourage, fl\u00fbtes \u00e0\u00a0champagne grav\u00e9es, cadeaux pour les invit\u00e9s, lunettes personnalis\u00e9es\u2026 Un ensemble de petits d\u00e9tails qui ravissent les mari\u00e9s et leurs invit\u00e9s.<\/p>\n<p>Six d\u00e9fil\u00e9s pour se plonger dans l\u2019ambiance<\/p>\n<p class=\" wall-content\">En plus des<b> stands d\u2019exposants<\/b> (qui proposent g\u00e9n\u00e9ralement des r\u00e9ductions), des<b> animations <\/b>permettent de se plonger dans l\u2019ambiance festive des mariages et pacs. <b>Six d\u00e9fil\u00e9s de mode \u00ab\u2009spectaculaires<\/b>, o\u00f9 les cr\u00e9ations de nos exposants prennent vie sur sc\u00e8ne\u2009\u00bb, sont pr\u00e9vus sur les deux jours.<b> Tous les m\u00e9tiers li\u00e9s \u00e0 la pr\u00e9paration d\u2019un tel \u00e9v\u00e9nement<\/b>, des fleurs \u00e0 l\u2019animation en passant par le repas et l\u2019aide organisationnelle, seront repr\u00e9sent\u00e9s, assure l\u2019organisation.<\/p>\n<p class=\" wall-content\">Notez que <b>deux robes et deux costumes sont \u00e0 gagner<\/b>, pendant ce salon\u2009! Il sera ouvert les deux jours de 10 \u00e0 18\u2009h. Les billets sont \u00e0 7\u00a0euros. Rendez-vous au Grand Palais, 1, boulevard des Cit\u00e9s Unies \u00e0 Lille. Infos et r\u00e9servations en ligne <a href=\"https:\/\/www.salondumariage.fr\/\" rel=\"nofollow noopener\" target=\"_blank\">par ici<\/a>.<\/p>\n<p class=\" wall-content\">Personnalisez votre actualit\u00e9 en ajoutant vos villes et m\u00e9dias en favori avec <a href=\"https:\/\/moncompte.actu.fr\" title=\"D\u00e9couvez Mon Actu\" rel=\"nofollow noopener\" data-trk=\"{&quot;cta&quot;:{&quot;action&quot;:&quot;https:\\\/\\\/moncompte.actu.fr&quot;,&quot;category&quot;:&quot;mon compte&quot;,&quot;from&quot;:&quot;article footer&quot;,&quot;name&quot;:&quot;Mon actu&quot;,&quot;type&quot;:&quot;cta&quot;}}\" target=\"_blank\">Mon Actu<\/a>.<\/p>\n","protected":false},"excerpt":{"rendered":"Par Amandine Vachez Publi\u00e9 le 28 oct. 2025 \u00e0 7h46 On entend d\u00e9j\u00e0 la musique d\u2019approche de l\u2019autel,&hellip;\n","protected":false},"author":2,"featured_media":494926,"comment_status":"","ping_status":"","sticky":false,"template":"","format":"standard","meta":{"footnotes":""},"categories":[2815],"tags":[1111,11,1777,674,1011,27,811,1307,1652,1930,12,25],"class_list":{"0":"post-494925","1":"post","2":"type-post","3":"status-publish","4":"format-standard","5":"has-post-thumbnail","7":"category-lille","8":"tag-actu","9":"tag-actualites","10":"tag-eu","11":"tag-europe","12":"tag-fr","13":"tag-france","14":"tag-hauts-de-france","15":"tag-lille","16":"tag-loisirs-culture","17":"tag-mariage","18":"tag-news","19":"tag-republique-francaise"},"share_on_mastodon":{"url":"https:\/\/pubeurope.com\/@fr\/115450588947862172","error":""},"_links":{"self":[{"href":"https:\/\/www.europesays.com\/fr\/wp-json\/wp\/v2\/posts\/494925","targetHints":{"allow":["GET"]}}],"collection":[{"href":"https:\/\/www.europesays.com\/fr\/wp-json\/wp\/v2\/posts"}],"about":[{"href":"https:\/\/www.europesays.com\/fr\/wp-json\/wp\/v2\/types\/post"}],"author":[{"embeddable":true,"href":"https:\/\/www.europesays.com\/fr\/wp-json\/wp\/v2\/users\/2"}],"replies":[{"embeddable":true,"href":"https:\/\/www.europesays.com\/fr\/wp-json\/wp\/v2\/comments?post=494925"}],"version-history":[{"count":0,"href":"https:\/\/www.europesays.com\/fr\/wp-json\/wp\/v2\/posts\/494925\/revisions"}],"wp:featuredmedia":[{"embeddable":true,"href":"https:\/\/www.europesays.com\/fr\/wp-json\/wp\/v2\/media\/494926"}],"wp:attachment":[{"href":"https:\/\/www.europesays.com\/fr\/wp-json\/wp\/v2\/media?parent=494925"}],"wp:term":[{"taxonomy":"category","embeddable":true,"href":"https:\/\/www.europesays.com\/fr\/wp-json\/wp\/v2\/categories?post=494925"},{"taxonomy":"post_tag","embeddable":true,"href":"https:\/\/www.europesays.com\/fr\/wp-json\/wp\/v2\/tags?post=494925"}],"curies":[{"name":"wp","href":"https:\/\/api.w.org\/{rel}","templated":true}]}}