{"id":494927,"date":"2025-10-28T07:22:41","date_gmt":"2025-10-28T07:22:41","guid":{"rendered":"https:\/\/www.europesays.com\/fr\/494927\/"},"modified":"2025-10-28T07:22:41","modified_gmt":"2025-10-28T07:22:41","slug":"previsions-du-lundi-27-octobre-2025-10","status":"publish","type":"post","link":"https:\/\/www.europesays.com\/fr\/494927\/","title":{"rendered":"pr\u00e9visions du lundi 27 octobre 2025"},"content":{"rendered":"<p>Aujourd&rsquo;hui, \u00e0 Lille, des nuages ne voudront pas c\u00e9der leur place au soleil. Il faudra pr\u00e9voir des perturbations, les Lillois se retrouveront sous des pluies \u00e9parses. Il fera 10\u00b0C en moyenne. Un vent de nord-ouest soufflera \u00e0 24 km\/h. Les valeurs avoisineront les 11\u00b0C au cours de la matin\u00e9e. La grisaille ne se disperse toujours pas, il y aura encore des nuages l&rsquo;apr\u00e8s-midi. Les temp\u00e9ratures afficheront entre 10 et 12\u00b0C. On notera la pr\u00e9sence persistante de nuages le soir. Des pluies \u00e9parses vont tomber. On anticipe des valeurs avoisinant 9\u00b0C. Le passage de lundi \u00e0 mardi se fera sous un ciel pluvieux.<\/p>\n<p>La m\u00e9t\u00e9o va se r\u00e9chauffer demain \u00e0 Lille avec une augmentation de quelques degr\u00e9s. Les temp\u00e9ratures s&rsquo;\u00e9chelonneront entre 8 et 15\u00b0C. La ville sera touch\u00e9e par un vent de sud-ouest de 24 km\/h. Toujours de la grisaille le matin. Les nuages vont stationner. Mauvais temps : on pr\u00e9voit des pluies \u00e9parses. Les valeurs seront comprises entre 13 et 14\u00b0C. De l\u00e9g\u00e8res averses rendront l&rsquo;apr\u00e8s-midi morose. Les maximales iront jusqu&rsquo;\u00e0 15\u00b0C tandis que les minimales seront de 12\u00b0C. Demain soir, encore des nuages dans le ciel qui emp\u00eachent le soleil de faire son apparition. Du mauvais temps est \u00e0 pr\u00e9voir. Des pluies \u00e9parses vont tomber. Le mercure affichera 12\u00b0C en moyenne.<\/p>\n<p>Le temps va s&rsquo;am\u00e9liorer dans les journ\u00e9es suivantes. Il va faire un temps assez ensoleill\u00e9 avec des temp\u00e9ratures d&rsquo;environ 12\u00b0C.<\/p>\n<p><\/p>\n","protected":false},"excerpt":{"rendered":"Aujourd&rsquo;hui, \u00e0 Lille, des nuages ne voudront pas c\u00e9der leur place au soleil. Il faudra pr\u00e9voir des perturbations,&hellip;\n","protected":false},"author":2,"featured_media":494928,"comment_status":"","ping_status":"","sticky":false,"template":"","format":"standard","meta":{"footnotes":""},"categories":[2815],"tags":[1111,11,1777,674,1011,27,811,1307,12,2119,25],"class_list":{"0":"post-494927","1":"post","2":"type-post","3":"status-publish","4":"format-standard","5":"has-post-thumbnail","7":"category-lille","8":"tag-actu","9":"tag-actualites","10":"tag-eu","11":"tag-europe","12":"tag-fr","13":"tag-france","14":"tag-hauts-de-france","15":"tag-lille","16":"tag-news","17":"tag-previsions-meteo","18":"tag-republique-francaise"},"share_on_mastodon":{"url":"https:\/\/pubeurope.com\/@fr\/115450592910110425","error":""},"_links":{"self":[{"href":"https:\/\/www.europesays.com\/fr\/wp-json\/wp\/v2\/posts\/494927","targetHints":{"allow":["GET"]}}],"collection":[{"href":"https:\/\/www.europesays.com\/fr\/wp-json\/wp\/v2\/posts"}],"about":[{"href":"https:\/\/www.europesays.com\/fr\/wp-json\/wp\/v2\/types\/post"}],"author":[{"embeddable":true,"href":"https:\/\/www.europesays.com\/fr\/wp-json\/wp\/v2\/users\/2"}],"replies":[{"embeddable":true,"href":"https:\/\/www.europesays.com\/fr\/wp-json\/wp\/v2\/comments?post=494927"}],"version-history":[{"count":0,"href":"https:\/\/www.europesays.com\/fr\/wp-json\/wp\/v2\/posts\/494927\/revisions"}],"wp:featuredmedia":[{"embeddable":true,"href":"https:\/\/www.europesays.com\/fr\/wp-json\/wp\/v2\/media\/494928"}],"wp:attachment":[{"href":"https:\/\/www.europesays.com\/fr\/wp-json\/wp\/v2\/media?parent=494927"}],"wp:term":[{"taxonomy":"category","embeddable":true,"href":"https:\/\/www.europesays.com\/fr\/wp-json\/wp\/v2\/categories?post=494927"},{"taxonomy":"post_tag","embeddable":true,"href":"https:\/\/www.europesays.com\/fr\/wp-json\/wp\/v2\/tags?post=494927"}],"curies":[{"name":"wp","href":"https:\/\/api.w.org\/{rel}","templated":true}]}}