{"id":494929,"date":"2025-10-28T07:23:10","date_gmt":"2025-10-28T07:23:10","guid":{"rendered":"https:\/\/www.europesays.com\/fr\/494929\/"},"modified":"2025-10-28T07:23:10","modified_gmt":"2025-10-28T07:23:10","slug":"unies-dans-leffort-et-contre-le-cancer-du-sein","status":"publish","type":"post","link":"https:\/\/www.europesays.com\/fr\/494929\/","title":{"rendered":"Unies dans l&rsquo;effort et contre le cancer du sein"},"content":{"rendered":"<p>Au rythme des chansons, la foule encha\u00eene les pas et les exercices en suivant le tempo donn\u00e9 par Audrey et Chantal, coaches fitness de Massilia Fit.<\/p>\n<p>Derri\u00e8re ce rendez-vous jovial, c&rsquo;est l&rsquo;organisatrice de<a href=\"https:\/\/www.laprovence.com\/article\/sports\/60672939371143\/course-pedestre-avec-10110-participants-la-marseillaise-des-femmes-etablit-un-nouveau-record\" target=\"_blank\" rel=\"noopener\"> La Marseillaise des Femmes<\/a>, Christine Rollais, qui a voulu cr\u00e9er un temps suppl\u00e9mentaire de rencontre et de coh\u00e9sion autour du sport et de la lutte contre le cancer du sein. \u00ab\u00a0On y r\u00e9fl\u00e9chit depuis deux ou trois ans, confie-t-elle. Nous sommes partenaires avec la Fondation pour la Recherche M\u00e9dicale depuis 15\u00a0ans, il nous a sembl\u00e9 logique que le premier rendez-vous soit pour Octobre Rose.\u00a0\u00bb Un rendez-vous qui sera d\u00e9sormais annuel.<\/p>\n<p>\u00ab\u00a0Ensemble, on est plus forts\u00a0\u00bb<\/p>\n<p>Au-del\u00e0 de promouvoir l&rsquo;effort physique, l&rsquo;objectif de LMDF Rose \u00e9tait de faire conna\u00eetre les associations locales qui accompagnent les patients avant, pendant et apr\u00e8s le traitement. Et, ce samedi, l&rsquo;\u00e9v\u00e9nement a rassembl\u00e9 pr\u00e8s de trois cent cinquante participantes. \u00ab\u00a0On aimerait que les personnes qui ont eu un cancer, ou dont un proche est atteint, aient un maximum d&rsquo;informations. Le sport bien-\u00eatre, c&rsquo;est efficace et \u00e7a doit se d\u00e9velopper.\u00a0\u00bb De nombreuses associations comme la FRM, <a href=\"https:\/\/www.laprovence.com\/article\/societe\/53183736106350\/a-la-marche-rose-daubagne-lassociation-thatez-vous-poursuit-le-combat-dune-famille\" target=\"_blank\" rel=\"noopener\">T&rsquo;hatez-vous !<\/a>, ou le souffle d&rsquo;apr\u00e8s \u00e9taient pr\u00e9sentes.<\/p>\n<p>Premi\u00e8re adjointe \u00e0 la Ville de Marseille, <a href=\"https:\/\/www.laprovence.com\/article\/sante\/6622929029400214\/casquettes-et-sticks-de-protection-uv-3700-kits-de-protection-solaire-distribues-aux-enfants-a-marseille\" target=\"_blank\" rel=\"noopener\">Mich\u00e8le Rubirola<\/a> a salu\u00e9 cette initiative. \u00ab\u00a0Je suis \u00e9merveill\u00e9e par l&rsquo;engagement du tissu associatif marseillais et \u00e9merveill\u00e9e par toutes ces femmes qui participent pour montrer qu&rsquo;ensemble, on est plus forts. Nous organisons des villages sant\u00e9 dans tous les quartiers de Marseille, avec des propositions de d\u00e9pistage et des ateliers d&rsquo;autopalpation. Nous attribuons \u00e9galement des subventions et favorisons l&rsquo;installation d&rsquo;\u00e9v\u00e9nements comme LMDF Rose par l&rsquo;accompagnement et la mise en relation des partenaires.\u00a0\u00bb Le vice-pr\u00e9sident \u00e0 la M\u00e9tropole d\u00e9l\u00e9gu\u00e9 aux Sports et aux \u00e9quipements sportifs, <a href=\"https:\/\/www.laprovence.com\/article\/sports\/54165146839944\/tennis-avec-la-fin-de-lopen-13-une-porte-ouverte-pour-cassis-et-aix\" target=\"_blank\" rel=\"noopener\">David Galtier<\/a>, \u00e9tait \u00e9galement pr\u00e9sent. \u00ab\u00a0Nous avons men\u00e9, avec plusieurs collectivit\u00e9s, des activit\u00e9s sportives autour de la pr\u00e9vention, et quand LMDF a propos\u00e9 cette nouvelle id\u00e9e, on s&rsquo;est dit que c&rsquo;\u00e9tait une belle mani\u00e8re de finir en beaut\u00e9 ce mois d&rsquo;Octobre Rose.\u00a0\u00bb<\/p>\n","protected":false},"excerpt":{"rendered":"Au rythme des chansons, la foule encha\u00eene les pas et les exercices en suivant le tempo donn\u00e9 par&hellip;\n","protected":false},"author":2,"featured_media":494930,"comment_status":"","ping_status":"","sticky":false,"template":"","format":"standard","meta":{"footnotes":""},"categories":[2814],"tags":[17,1111,11,101,1444,1446,1777,674,1011,27,61758,884,12,882,25,3865,60,61757],"class_list":{"0":"post-494929","1":"post","2":"type-post","3":"status-publish","4":"format-standard","5":"has-post-thumbnail","7":"category-marseille","8":"tag-17","9":"tag-actu","10":"tag-actualites","11":"tag-cancer","12":"tag-contre","13":"tag-dans","14":"tag-eu","15":"tag-europe","16":"tag-fr","17":"tag-france","18":"tag-leffort","19":"tag-marseille","20":"tag-news","21":"tag-provence-alpes-cote-dazur","22":"tag-republique-francaise","23":"tag-sein","24":"tag-sports","25":"tag-unies"},"share_on_mastodon":{"url":"https:\/\/pubeurope.com\/@fr\/115450597056078733","error":""},"_links":{"self":[{"href":"https:\/\/www.europesays.com\/fr\/wp-json\/wp\/v2\/posts\/494929","targetHints":{"allow":["GET"]}}],"collection":[{"href":"https:\/\/www.europesays.com\/fr\/wp-json\/wp\/v2\/posts"}],"about":[{"href":"https:\/\/www.europesays.com\/fr\/wp-json\/wp\/v2\/types\/post"}],"author":[{"embeddable":true,"href":"https:\/\/www.europesays.com\/fr\/wp-json\/wp\/v2\/users\/2"}],"replies":[{"embeddable":true,"href":"https:\/\/www.europesays.com\/fr\/wp-json\/wp\/v2\/comments?post=494929"}],"version-history":[{"count":0,"href":"https:\/\/www.europesays.com\/fr\/wp-json\/wp\/v2\/posts\/494929\/revisions"}],"wp:featuredmedia":[{"embeddable":true,"href":"https:\/\/www.europesays.com\/fr\/wp-json\/wp\/v2\/media\/494930"}],"wp:attachment":[{"href":"https:\/\/www.europesays.com\/fr\/wp-json\/wp\/v2\/media?parent=494929"}],"wp:term":[{"taxonomy":"category","embeddable":true,"href":"https:\/\/www.europesays.com\/fr\/wp-json\/wp\/v2\/categories?post=494929"},{"taxonomy":"post_tag","embeddable":true,"href":"https:\/\/www.europesays.com\/fr\/wp-json\/wp\/v2\/tags?post=494929"}],"curies":[{"name":"wp","href":"https:\/\/api.w.org\/{rel}","templated":true}]}}