{"id":494931,"date":"2025-10-28T07:24:23","date_gmt":"2025-10-28T07:24:23","guid":{"rendered":"https:\/\/www.europesays.com\/fr\/494931\/"},"modified":"2025-10-28T07:24:23","modified_gmt":"2025-10-28T07:24:23","slug":"a-marseille-le-quartier-de-bonneveine-senflamme-a-cause-dun-post-sur-les-reseaux-sociaux-annoncant-un-projet-qui-nexiste-pas","status":"publish","type":"post","link":"https:\/\/www.europesays.com\/fr\/494931\/","title":{"rendered":"\u00c0 Marseille, le quartier de Bonneveine s&rsquo;enflamme \u00e0 cause d&rsquo;un post sur les r\u00e9seaux sociaux annon\u00e7ant un projet qui n&rsquo;existe pas"},"content":{"rendered":"<p>C&rsquo;est un dessin, post\u00e9 sur les r\u00e9seaux sociaux par des riverains de l&rsquo;<a href=\"https:\/\/www.laprovence.com\/actu\/en-direct\/4280446\/des-travaux-jusquen-aout-dans-le-quartier-de-bonneveine.html\" target=\"_blank\" rel=\"noopener\">avenue Joseph Vidal<\/a> (9e), qui a mis le feu aux poudres. Le week-end du 19 et 20 octobre, ces habitants se r\u00e9unissent dans <a href=\"https:\/\/www.laprovence.com\/article\/sorties-loisirs\/6689422\/lauberge-marseillaise-a-un-an.html\" target=\"_blank\" rel=\"noopener\">les locaux de l&rsquo;Auberge marseillaise<\/a> pour discuter de leur projet de v\u00e9g\u00e9talisation de l&rsquo;avenue, r\u00e9compens\u00e9 par la Ville dans le cadre du budget participatif.<\/p>\n<p>Avec des feutres de couleur, ils dessinent leur avenue bord\u00e9e de vert avec une fl\u00e8che en sens unique, mentionnent en noir trois axes de travail \u00ab\u00a0Laboratoire citoyen, Demande M\u00e9tropole et \u00e9v\u00e9nements militants\u00a0\u00bb et titrent \u00ab\u00a0Joseph Vidal, une rue + vivante\u00a0\u00bb. Ils ne savent pas qu&rsquo;ils viennent de d\u00e9clencher, \u00e0 leur insu, une pol\u00e9mique.\u00a0<\/p>\n<p>Alert\u00e9, le <a href=\"https:\/\/www.laprovence.com\/article\/region\/5341979380373414\/aujourdhui-a-part-carrefour-il-ny-a-plus-grand-chose-bonneveine-a-marseille-en-quete-dun-renouveau\" target=\"_blank\" rel=\"noopener\">CIQ Bonneveine<\/a> monte aussit\u00f4t au cr\u00e9neau et lance une p\u00e9tition pour d\u00e9noncer ce qu&rsquo;il pense \u00eatre le retour de \u00ab\u00a0la grande boucle \u00e0 sens unique\u00a0\u00bb.<\/p>\n<p>\u00ab\u00a0Depuis le premier laboratoire citoyen du 24\u00a0septembre 2022, un projet de mise en sens unique de trois axes de <a href=\"https:\/\/www.laprovence.com\/article\/region\/218250381629415\/au-centre-commercial-bonneveine-a-marseille-les-commerces-disparaissent-les-uns-apres-les-autres\" target=\"_blank\" rel=\"noopener\">nos\u00a0quartiers<\/a> circule r\u00e9guli\u00e8rement, \u00e9crit dans cette p\u00e9tition le CIQ, qui a d&rsquo;ores et d\u00e9j\u00e0 recueilli plus de 1800 signatures. Ce projet revient aujourd&rsquo;hui sous couvert de v\u00e9g\u00e9talisation de l&rsquo;avenue Joseph Vidal, financ\u00e9e par le budget participatif. Lors d&rsquo;une r\u00e9union r\u00e9cente \u00e0 l&rsquo;Auberge Marseillaise avec la mairie de secteur, des plans ont \u00e9t\u00e9 pr\u00e9sent\u00e9s, montrant clairement : la mise en sens unique de l&rsquo;avenue Joseph-Vidal, la cr\u00e9ation d&rsquo;une piste cyclable et la mention \u00ab\u00a0Laboratoire citoyen, Demande M\u00e9tropole et \u00e9v\u00e9nements militants comme prochaines \u00e9tapes\u00a0\u00bb.<\/p>\n<p>Contact\u00e9e, la mairie des 6e et 8e r\u00e9it\u00e8re la r\u00e9ponse qu&rsquo;elle a faite au CIQ : \u00ab\u00a0Il n&rsquo;y a pas de concertation en cours sur l&rsquo;avenue Joseph Vidal. L&rsquo;\u00e9v\u00e8nement mentionn\u00e9 \u00e9tait un moment de convivialit\u00e9 \u00e0 l&rsquo;initiative d&rsquo;associations et de riverains.\u00a0\u00bb<\/p>\n","protected":false},"excerpt":{"rendered":"C&rsquo;est un dessin, post\u00e9 sur les r\u00e9seaux sociaux par des riverains de l&rsquo;avenue Joseph Vidal (9e), qui a&hellip;\n","protected":false},"author":2,"featured_media":494932,"comment_status":"","ping_status":"","sticky":false,"template":"","format":"standard","meta":{"footnotes":""},"categories":[2814],"tags":[17,1111,11,15181,3738,2837,1777,674,1011,27,884,12,61760,882,5775,25,61759,104],"class_list":{"0":"post-494931","1":"post","2":"type-post","3":"status-publish","4":"format-standard","5":"has-post-thumbnail","7":"category-marseille","8":"tag-17","9":"tag-actu","10":"tag-actualites","11":"tag-bonneveine","12":"tag-cause","13":"tag-dun","14":"tag-eu","15":"tag-europe","16":"tag-fr","17":"tag-france","18":"tag-marseille","19":"tag-news","20":"tag-post","21":"tag-provence-alpes-cote-dazur","22":"tag-quartier","23":"tag-republique-francaise","24":"tag-senflamme","25":"tag-societe"},"share_on_mastodon":{"url":"https:\/\/pubeurope.com\/@fr\/115450600764954157","error":""},"_links":{"self":[{"href":"https:\/\/www.europesays.com\/fr\/wp-json\/wp\/v2\/posts\/494931","targetHints":{"allow":["GET"]}}],"collection":[{"href":"https:\/\/www.europesays.com\/fr\/wp-json\/wp\/v2\/posts"}],"about":[{"href":"https:\/\/www.europesays.com\/fr\/wp-json\/wp\/v2\/types\/post"}],"author":[{"embeddable":true,"href":"https:\/\/www.europesays.com\/fr\/wp-json\/wp\/v2\/users\/2"}],"replies":[{"embeddable":true,"href":"https:\/\/www.europesays.com\/fr\/wp-json\/wp\/v2\/comments?post=494931"}],"version-history":[{"count":0,"href":"https:\/\/www.europesays.com\/fr\/wp-json\/wp\/v2\/posts\/494931\/revisions"}],"wp:featuredmedia":[{"embeddable":true,"href":"https:\/\/www.europesays.com\/fr\/wp-json\/wp\/v2\/media\/494932"}],"wp:attachment":[{"href":"https:\/\/www.europesays.com\/fr\/wp-json\/wp\/v2\/media?parent=494931"}],"wp:term":[{"taxonomy":"category","embeddable":true,"href":"https:\/\/www.europesays.com\/fr\/wp-json\/wp\/v2\/categories?post=494931"},{"taxonomy":"post_tag","embeddable":true,"href":"https:\/\/www.europesays.com\/fr\/wp-json\/wp\/v2\/tags?post=494931"}],"curies":[{"name":"wp","href":"https:\/\/api.w.org\/{rel}","templated":true}]}}