{"id":494950,"date":"2025-10-28T07:39:10","date_gmt":"2025-10-28T07:39:10","guid":{"rendered":"https:\/\/www.europesays.com\/fr\/494950\/"},"modified":"2025-10-28T07:39:10","modified_gmt":"2025-10-28T07:39:10","slug":"les-etats-unis-et-larmenie-engagent-des-discussions-approfondies-sur-le-corridor-pour-lazerbaidjan","status":"publish","type":"post","link":"https:\/\/www.europesays.com\/fr\/494950\/","title":{"rendered":"Les \u00c9tats-Unis et l&rsquo;Arm\u00e9nie engagent des discussions \u00ab approfondies \u00bb sur le corridor pour l&rsquo;Azerba\u00efdjan"},"content":{"rendered":"<p>Les \u00c9tats-Unis et l\u2019Arm\u00e9nie ont engag\u00e9 des discussions approfondies sur les modalit\u00e9s pratiques d\u2019un corridor de transit administr\u00e9 par les \u00c9tats-Unis pour l\u2019Azerba\u00efdjan, qui traverserait une r\u00e9gion cl\u00e9 de l\u2019Arm\u00e9nie, a d\u00e9clar\u00e9 lundi le vice-Premier ministre Mher Grigorians.<\/p>\n<p>M. Grigorians a refus\u00e9 de donner des d\u00e9tails sur les discussions en cours ou sur le calendrier possible pour le lancement de ce qui sera appel\u00e9 la \u00ab Route Trump pour la paix et la prosp\u00e9rit\u00e9 internationales \u00bb (TRIPP).<\/p>\n<p>\u00ab Oui, les travaux sont en cours \u00bb, a-t-il d\u00e9clar\u00e9 au service arm\u00e9nien de RFE\/RL. \u00ab En fait, l\u2019apparence, la forme et le contenu de l\u2019infrastructure font l\u2019objet de discussions tr\u00e8s approfondies. \u00bb<\/p>\n<p>Le Premier ministre Nikol Pashinian s\u2019est engag\u00e9 \u00e0 accorder aux \u00c9tats-Unis des droits exclusifs sur le chemin de fer, la route et \u00e9ventuellement les lignes d\u2019approvisionnement en \u00e9nergie lors des discussions avec le pr\u00e9sident am\u00e9ricain Donald Trump et le pr\u00e9sident azerba\u00efdjanais Ilham Aliyev qui se sont tenues \u00e0 la Maison Blanche le 8 ao\u00fbt. Les d\u00e9tails cl\u00e9s de l\u2019accord de transit restent inconnus. Une d\u00e9claration commune de Trump, Aliyev et Pashinian indique seulement que l\u2019Arm\u00e9nie assurera une \u00ab communication sans entrave \u00bb entre l\u2019enclave du Nakhitchevan et le reste de l\u2019Azerba\u00efdjan via sa province de Syunik.<\/p>\n<p>Grigorian a laiss\u00e9 entendre que seule la route ferroviaire de Syunik avait \u00e9t\u00e9 d\u00e9termin\u00e9e jusqu\u2019\u00e0 pr\u00e9sent. Elle longerait la fronti\u00e8re strat\u00e9giquement importante de l\u2019Arm\u00e9nie avec l\u2019Iran.<\/p>\n<p>\u00ab Pourquoi ? Parce que le chemin de fer existait pendant la p\u00e9riode sovi\u00e9tique et qu\u2019il doit \u00eatre restaur\u00e9. Le reste de l\u2019infrastructure de transit n\u2019existait pas pendant la p\u00e9riode sovi\u00e9tique pour des raisons connues, et il faut donc la concevoir \u00e0 partir de z\u00e9ro \u00bb, a expliqu\u00e9 le responsable.<br \/>M. Grigorian a \u00e9galement d\u00e9clar\u00e9 qu\u2019Erevan attendait de l\u2019Azerba\u00efdjan qu\u2019il ouvre son territoire au transit de marchandises arm\u00e9niennes simultan\u00e9ment au lancement du TRIPP.<\/p>\n<p>\u00ab Selon les accords, nous parlons d\u2019int\u00e9gration r\u00e9gionale des infrastructures, ce qui signifie que toutes les connexions possibles doivent devenir une r\u00e9alit\u00e9 \u00bb, a-t-il d\u00e9clar\u00e9. \u00ab Sinon, le fragment d\u2019infrastructure [\u00e0 Syunik] ne servira pas l\u2019objectif dont nous parlons. \u00bb<\/p>\n<p>Le ministre des Affaires \u00e9trang\u00e8res Ararat Mirzoyan a fait une remarque similaire lorsqu\u2019il a r\u00e9pondu lundi aux questions d\u2019un d\u00e9put\u00e9 de l\u2019opposition \u00e0 ce sujet. Il a d\u00e9clar\u00e9 que le TRIPP n\u2019aurait aucun sens si l\u2019Arm\u00e9nie n\u2019\u00e9tait pas en mesure de transporter des marchandises \u00e0 destination et en provenance de Syunik ou de pays tiers via le Nakhitchevan.<\/p>\n<p>\u00ab Ce d\u00e9blocage ne fonctionnera pas si cette section [du Nakhitchevan] n\u2019est pas d\u00e9bloqu\u00e9e \u00bb, a ajout\u00e9 M. Mirzoyan. \u00ab Cela doit \u00eatre synchrone. \u00bb<br \/>Pour beaucoup en Arm\u00e9nie, une question plus importante concerne les proc\u00e9dures de passage des fronti\u00e8res qui pourraient \u00eatre mises en place pour les voyageurs et les marchandises azerba\u00efdjanais. M. Pashinian a fait des d\u00e9clarations ambigu\u00ebs \u00e0 ce sujet. Ses d\u00e9tracteurs nationaux soutiennent que le TRIPP \u00e9quivaut \u00e0 une sorte de \u00ab corridor de Zangezur \u00bb extraterritorial que l\u2019Azerba\u00efdjan cherche \u00e0 obtenir depuis la guerre de 2020 dans le Haut-Karabakh. Aliyev a repris \u00e0 plusieurs reprises les affirmations de l\u2019opposition arm\u00e9nienne.<\/p>\n<p>Reprinted with permission from\u00a0RFE\/RL\u00a0Copyright(c)2007 Radio Free Europe \/ Radio Liberty, Inc.1201 Connecticut Ave, t\u00a0N.W.\u00a0Washington\u00a0DC\u00a0200<\/p>\n","protected":false},"excerpt":{"rendered":"Les \u00c9tats-Unis et l\u2019Arm\u00e9nie ont engag\u00e9 des discussions approfondies sur les modalit\u00e9s pratiques d\u2019un corridor de transit administr\u00e9&hellip;\n","protected":false},"author":2,"featured_media":494951,"comment_status":"","ping_status":"","sticky":false,"template":"","format":"standard","meta":{"footnotes":""},"categories":[1589],"tags":[50876,11,5950,15149,312,73,1866,12,1864,1865,1863,308],"class_list":{"0":"post-494950","1":"post","2":"type-post","3":"status-publish","4":"format-standard","5":"has-post-thumbnail","7":"category-etats-unis","8":"tag-02-la-deux","9":"tag-actualites","10":"tag-armenie","11":"tag-azerbaidjan","12":"tag-diplomatie","13":"tag-etats-unis","14":"tag-etats-unis-damerique","15":"tag-news","16":"tag-united-states","17":"tag-united-states-of-america","18":"tag-us","19":"tag-usa"},"share_on_mastodon":{"url":"https:\/\/pubeurope.com\/@fr\/115450659711038266","error":""},"_links":{"self":[{"href":"https:\/\/www.europesays.com\/fr\/wp-json\/wp\/v2\/posts\/494950","targetHints":{"allow":["GET"]}}],"collection":[{"href":"https:\/\/www.europesays.com\/fr\/wp-json\/wp\/v2\/posts"}],"about":[{"href":"https:\/\/www.europesays.com\/fr\/wp-json\/wp\/v2\/types\/post"}],"author":[{"embeddable":true,"href":"https:\/\/www.europesays.com\/fr\/wp-json\/wp\/v2\/users\/2"}],"replies":[{"embeddable":true,"href":"https:\/\/www.europesays.com\/fr\/wp-json\/wp\/v2\/comments?post=494950"}],"version-history":[{"count":0,"href":"https:\/\/www.europesays.com\/fr\/wp-json\/wp\/v2\/posts\/494950\/revisions"}],"wp:featuredmedia":[{"embeddable":true,"href":"https:\/\/www.europesays.com\/fr\/wp-json\/wp\/v2\/media\/494951"}],"wp:attachment":[{"href":"https:\/\/www.europesays.com\/fr\/wp-json\/wp\/v2\/media?parent=494950"}],"wp:term":[{"taxonomy":"category","embeddable":true,"href":"https:\/\/www.europesays.com\/fr\/wp-json\/wp\/v2\/categories?post=494950"},{"taxonomy":"post_tag","embeddable":true,"href":"https:\/\/www.europesays.com\/fr\/wp-json\/wp\/v2\/tags?post=494950"}],"curies":[{"name":"wp","href":"https:\/\/api.w.org\/{rel}","templated":true}]}}