{"id":494953,"date":"2025-10-28T07:41:18","date_gmt":"2025-10-28T07:41:18","guid":{"rendered":"https:\/\/www.europesays.com\/fr\/494953\/"},"modified":"2025-10-28T07:41:18","modified_gmt":"2025-10-28T07:41:18","slug":"les-compositions-probables-de-la-demi-finale-retour-de-ligue-des-nations","status":"publish","type":"post","link":"https:\/\/www.europesays.com\/fr\/494953\/","title":{"rendered":"les compositions probables de la demi-finale retour de Ligue des Nations"},"content":{"rendered":"<p>Manche retour ! Ce mardi 28 octobre, soit quatre jours apr\u00e8s le match aller \u00e0 D\u00fcsseldorf durant lequel elles se sont inclin\u00e9es (0-1), les joueuses de l&rsquo;\u00e9quipe de France f\u00e9minine accueillent l&rsquo;Allemagne au stade Michel-d&rsquo;Ornano de Caen (21h05) pour la demi-finale retour de Ligue des Nations. Dos au mur, les Tricolores dirig\u00e9es par Laurent Bonadei n&rsquo;ont pas d&rsquo;autres choix que d&rsquo;inverser la tendance pour se qualifier pour la finale face \u00e0 la Su\u00e8de ou l&rsquo;Espagne. Il faudra toutefois faire sans Marie-Antoinette Katoto. L&rsquo;attaquante d&rsquo;OL Lyonnes est bless\u00e9e et donc forfait. En revanche, la s\u00e9lection r\u00e9cup\u00e8re Sakina Karchaoui et Griedge Mbock dans le onze de d\u00e9part. En attendant le coup d&rsquo;envoi, d\u00e9couvrez les compositions probables ci-dessous.<\/p>\n<p>Les compositions probables<\/p>\n<p>France : Peyraud-Magnin &#8211; Bacha, Lakrar, Mbock, De Almeida &#8211; Karchaoui, Jean-Fran\u00e7ois, Geyoro &#8211; Diani, Mateo, Cascarino.<\/p>\n<p>Allemagne : Johannes &#8211; Kett, Minge, Hendrich, Gwinn &#8211; Brand, N\u00fcsken, Senss &#8211; B\u00fchl, Sch\u00fcller, Wamser.<\/p>\n<p><a href=\"https:\/\/www.foot-national.com\/feminines\/france-allemagne-f-ou-voir-le-choc-a-quelle-heure-2-928678\" rel=\"nofollow noopener\" target=\"_blank\">France &#8211; Allemagne (F) : sur quelle cha\u00eene, \u00e0 quelle heure ?<\/a><\/p>\n<p>Partagez cette info avec vos amis et vos proches en cliquant ici<br \/>Pour r\u00e9sumer<\/p>\n<p>Ce mardi 28 octobre, l&rsquo;\u00e9quipe de France f\u00e9minine accueille l&rsquo;Allemagne \u00e0 Caen pour la demi-finale retour de Ligue des Nations (21h05). En attendant le coup d&rsquo;envoi, d\u00e9couvrez les compositions probables avec un forfait de taille c\u00f4t\u00e9 fran\u00e7ais.<\/p>\n<p> <img decoding=\"async\" width=\"76\" height=\"76\" loading=\"lazy\" src=\"https:\/\/static.wui.fr\/images_v3\/avatar-footnational.png\" alt=\"La r\u00e9daction\"\/><\/p>\n","protected":false},"excerpt":{"rendered":"Manche retour ! Ce mardi 28 octobre, soit quatre jours apr\u00e8s le match aller \u00e0 D\u00fcsseldorf durant lequel&hellip;\n","protected":false},"author":2,"featured_media":494954,"comment_status":"","ping_status":"","sticky":false,"template":"","format":"standard","meta":{"footnotes":""},"categories":[1587],"tags":[11,672,1804,1805,1803,60924,1777,674,61040,1801,12,1802],"class_list":{"0":"post-494953","1":"post","2":"type-post","3":"status-publish","4":"format-standard","5":"has-post-thumbnail","7":"category-allemagne","8":"tag-actualites","9":"tag-allemagne","10":"tag-bundesrepublik-deutschland","11":"tag-de","12":"tag-deutschland","13":"tag-equipe-de-france-feminines","14":"tag-eu","15":"tag-europe","16":"tag-foot-feminin","17":"tag-germany","18":"tag-news","19":"tag-republique-federale-dallemagne"},"share_on_mastodon":{"url":"https:\/\/pubeurope.com\/@fr\/115450668220805205","error":""},"_links":{"self":[{"href":"https:\/\/www.europesays.com\/fr\/wp-json\/wp\/v2\/posts\/494953","targetHints":{"allow":["GET"]}}],"collection":[{"href":"https:\/\/www.europesays.com\/fr\/wp-json\/wp\/v2\/posts"}],"about":[{"href":"https:\/\/www.europesays.com\/fr\/wp-json\/wp\/v2\/types\/post"}],"author":[{"embeddable":true,"href":"https:\/\/www.europesays.com\/fr\/wp-json\/wp\/v2\/users\/2"}],"replies":[{"embeddable":true,"href":"https:\/\/www.europesays.com\/fr\/wp-json\/wp\/v2\/comments?post=494953"}],"version-history":[{"count":0,"href":"https:\/\/www.europesays.com\/fr\/wp-json\/wp\/v2\/posts\/494953\/revisions"}],"wp:featuredmedia":[{"embeddable":true,"href":"https:\/\/www.europesays.com\/fr\/wp-json\/wp\/v2\/media\/494954"}],"wp:attachment":[{"href":"https:\/\/www.europesays.com\/fr\/wp-json\/wp\/v2\/media?parent=494953"}],"wp:term":[{"taxonomy":"category","embeddable":true,"href":"https:\/\/www.europesays.com\/fr\/wp-json\/wp\/v2\/categories?post=494953"},{"taxonomy":"post_tag","embeddable":true,"href":"https:\/\/www.europesays.com\/fr\/wp-json\/wp\/v2\/tags?post=494953"}],"curies":[{"name":"wp","href":"https:\/\/api.w.org\/{rel}","templated":true}]}}