{"id":494955,"date":"2025-10-28T07:42:23","date_gmt":"2025-10-28T07:42:23","guid":{"rendered":"https:\/\/www.europesays.com\/fr\/494955\/"},"modified":"2025-10-28T07:42:23","modified_gmt":"2025-10-28T07:42:23","slug":"aurore-lalucq-leurope-doit-passer-a-lage-adulte-politique","status":"publish","type":"post","link":"https:\/\/www.europesays.com\/fr\/494955\/","title":{"rendered":"Aurore Lalucq : \u00ab\u00a0L&rsquo;Europe doit passer \u00e0 l&rsquo;\u00e2ge adulte politique\u00a0\u00bb"},"content":{"rendered":"<p>\tAurore Lalucq : \u00ab\u00a0L&rsquo;Europe doit passer \u00e0 l&rsquo;\u00e2ge adulte politique\u00a0\u00bb &#8211; Touteleurope.eu<\/p>\n<p>\t\t<img decoding=\"async\" alt=\"fermer\" class=\"close-info\" src=\"https:\/\/www.touteleurope.eu\/wp-content\/themes\/toute_leurope\/assets\/images\/close-picto-blue.svg\"\/><\/p>\n<p>Touteleurope.eu est le site p\u00e9dagogique de r\u00e9f\u00e9rence sur les questions europ\u00e9ennes : <a href=\"https:\/\/www.touteleurope.eu\/qui-sommes-nous\/\" target=\"_blank\" rel=\"noopener\">Qui sommes-nous ?<\/a><\/p>\n<p><img decoding=\"async\" class=\"logo-pdf\" alt=\"Toute L'Europe \u2013 Comprendre l'Europe\" src=\"data:image\/svg+xml,%3Csvg%20xmlns=\" http:=\"\" data-lazy-src=\"https:\/\/www.touteleurope.eu\/wp-content\/themes\/toute_leurope\/assets\/images\/logo-ttl.svg\"\/><\/p>\n","protected":false},"excerpt":{"rendered":"Aurore Lalucq : \u00ab\u00a0L&rsquo;Europe doit passer \u00e0 l&rsquo;\u00e2ge adulte politique\u00a0\u00bb &#8211; Touteleurope.eu Touteleurope.eu est le site p\u00e9dagogique de&hellip;\n","protected":false},"author":2,"featured_media":494956,"comment_status":"","ping_status":"","sticky":false,"template":"","format":"standard","meta":{"footnotes":""},"categories":[1586],"tags":[11,39515,554,75,33,17911,1777,674,1011,27,12,2543,25],"class_list":{"0":"post-494955","1":"post","2":"type-post","3":"status-publish","4":"format-standard","5":"has-post-thumbnail","7":"category-europe","8":"tag-actualites","9":"tag-budget-europeen","10":"tag-defense","11":"tag-donald-trump","12":"tag-economie","13":"tag-enrico-letta","14":"tag-eu","15":"tag-europe","16":"tag-fr","17":"tag-france","18":"tag-news","19":"tag-relations-internationales","20":"tag-republique-francaise"},"share_on_mastodon":{"url":"https:\/\/pubeurope.com\/@fr\/115450672272500742","error":""},"_links":{"self":[{"href":"https:\/\/www.europesays.com\/fr\/wp-json\/wp\/v2\/posts\/494955","targetHints":{"allow":["GET"]}}],"collection":[{"href":"https:\/\/www.europesays.com\/fr\/wp-json\/wp\/v2\/posts"}],"about":[{"href":"https:\/\/www.europesays.com\/fr\/wp-json\/wp\/v2\/types\/post"}],"author":[{"embeddable":true,"href":"https:\/\/www.europesays.com\/fr\/wp-json\/wp\/v2\/users\/2"}],"replies":[{"embeddable":true,"href":"https:\/\/www.europesays.com\/fr\/wp-json\/wp\/v2\/comments?post=494955"}],"version-history":[{"count":0,"href":"https:\/\/www.europesays.com\/fr\/wp-json\/wp\/v2\/posts\/494955\/revisions"}],"wp:featuredmedia":[{"embeddable":true,"href":"https:\/\/www.europesays.com\/fr\/wp-json\/wp\/v2\/media\/494956"}],"wp:attachment":[{"href":"https:\/\/www.europesays.com\/fr\/wp-json\/wp\/v2\/media?parent=494955"}],"wp:term":[{"taxonomy":"category","embeddable":true,"href":"https:\/\/www.europesays.com\/fr\/wp-json\/wp\/v2\/categories?post=494955"},{"taxonomy":"post_tag","embeddable":true,"href":"https:\/\/www.europesays.com\/fr\/wp-json\/wp\/v2\/tags?post=494955"}],"curies":[{"name":"wp","href":"https:\/\/api.w.org\/{rel}","templated":true}]}}