{"id":494957,"date":"2025-10-28T07:43:11","date_gmt":"2025-10-28T07:43:11","guid":{"rendered":"https:\/\/www.europesays.com\/fr\/494957\/"},"modified":"2025-10-28T07:43:11","modified_gmt":"2025-10-28T07:43:11","slug":"celine-dion-blessante-envers-valerie-lemercier-lactrice-na-jamais-eu-loccasion-de-sexpliquer-elle-balance","status":"publish","type":"post","link":"https:\/\/www.europesays.com\/fr\/494957\/","title":{"rendered":"C\u00e9line Dion blessante envers Val\u00e9rie Lemercier ? L\u2019actrice n\u2019a jamais eu l\u2019occasion de s\u2019expliquer, elle balance"},"content":{"rendered":"<p data-start=\"54\" data-end=\"590\">Sorti en 2021, <a href=\"https:\/\/www.closermag.fr\/people\/valerie-lemercier-allumee-par-la-famille-de-celine-dion-elle-lui-repond-cash-1452835\" target=\"_blank\" rel=\"noopener\"><br \/>\nAline<\/a> se pr\u00e9sente comme<br \/>\n\u00ab\u00a0une fiction librement inspir\u00e9e<br \/>\nde la vie de C\u00e9line Dion\u00a0\u00bb. R\u00e9alis\u00e9 et interpr\u00e9t\u00e9 par Val\u00e9rie<br \/>\nLemercier, le film raconte l\u2019ascension d\u2019Aline Dieu. Une chanteuse<br \/>\nfictive \u00e0 la carri\u00e8re flamboyante et son histoire d\u2019amour avec son<br \/>\nproducteur.<\/p>\n<p>Le public fran\u00e7ais a pl\u00e9biscit\u00e9 le long-m\u00e9trage. Il a s\u00e9duit<br \/>\nplus de <strong>1,3 million de spectateurs<\/strong>. Val\u00e9rie<br \/>\nLemercier a re\u00e7u pour ce r\u00f4le le C\u00e9sar de la meilleure actrice.<br \/>\nCelui-ci r\u00e9compense un travail minutieux de documentation et de<br \/>\nmise en sc\u00e8ne. Si la France a salu\u00e9 le film, le Qu\u00e9bec l\u2019a re\u00e7u<br \/>\nplus timidement, et C\u00e9line Dion n\u2019en a jamais fait de commentaire<br \/>\npublic.<\/p>\n<p>Un film qui fait d\u00e9bat au<br \/>\nQu\u00e9bec<\/p>\n<p data-start=\"48\" data-end=\"1158\">Si Aline, le film de Val\u00e9rie Lemercier librement inspir\u00e9 de<br \/>\nla vie de <a href=\"https:\/\/www.closermag.fr\/people\/jean-jacques-goldman-avec-son-yaourt-cette-scene-qui-a-laisse-celine-dion-perplexe-3575412\" target=\"_blank\" rel=\"noopener\"><br \/>\nC\u00e9line Dion<\/a>, a s\u00e9duit une grande partie du public fran\u00e7ais, son<br \/>\naccueil au Qu\u00e9bec a \u00e9t\u00e9 beaucoup plus contrast\u00e9. L\u00e0-bas, la famille<br \/>\nde la star s\u2019est montr\u00e9e particuli\u00e8rement critique \u00e0 l\u2019\u00e9gard de la<br \/>\nr\u00e9alisatrice. Dans des propos rapport\u00e9s par Le Parisien en 2021, <a href=\"https:\/\/www.closermag.fr\/people\/il-y-a-des-spasmes-claudette-la-soeur-de-celine-dion-fait-de-nouvelles-revelations-sur-la-sante-de-la-chanteuse-3256588\" target=\"_blank\" rel=\"noopener\"><br \/>\n<strong data-start=\"398\" data-end=\"416\">Claudette<br \/>\nDion<\/strong><\/a>, la s\u0153ur et marraine de la chanteuse, n\u2019avait pas<br \/>\nm\u00e2ch\u00e9 ses mots : \u00ab\u00a0<strong>Val\u00e9rie Lemercier s&rsquo;est pay\u00e9e un trip, un m\u00e9chant trip sur<br \/>\nle dos de C\u00e9line !<\/strong> Ma m\u00e8re n\u2019a jamais parl\u00e9 comme \u00e7a<br \/>\n\u00e0 Ren\u00e9, et C\u00e9line n\u2019a jamais manqu\u00e9 de rien\u00a0\u00bb.<\/p>\n<p data-start=\"48\" data-end=\"1158\">Elle poursuit : \u00ab\u00a0On passe pour une gang de Bougon. Je<br \/>\nm\u2019excuse, mais \u00e0 Charlemagne, on n\u2019avait pas une cabane, pis<br \/>\nc\u2019\u00e9tait toujours propre dans la maison. On dit toujours qu\u2019on n\u2019a<br \/>\njamais connu la mis\u00e8re. Maman savait tout faire et que papa avait<br \/>\ntrois jobs. Je ne reconnais pas la langue, je ne reconnais pas ma<br \/>\nfamille, je ne reconnais pas nos racines\u00a0\u00bb. Un <strong>coup de<br \/>\ngueule<\/strong> qui traduit le malaise ressenti par le clan Dion,<br \/>\njugeant le portrait trop caricatural et \u00e9loign\u00e9 de la r\u00e9alit\u00e9 de<br \/>\nleur histoire.<\/p>\n<p>Val\u00e9rie Lemercier balance sur C\u00e9line Dion<\/p>\n<p data-start=\"1234\" data-end=\"2066\" data-is-last-node=\"\" data-is-only-node=\"\">Invit\u00e9e de 20h30 le dimanche sur France 2 ce 26 octobre, <a href=\"https:\/\/www.closermag.fr\/people\/elle-s-est-payee-un-mechant-trip-la-famille-de-celine-dion-demolit-le-biopic-de-valerie-lemercier-1451488\" target=\"_blank\" rel=\"noopener\"><br \/>\nVal\u00e9rie Lemercier est revenue sur cette pol\u00e9mique<\/a>. Elle<br \/>\nexplique n\u2019avoir \u00ab\u00a0jamais<br \/>\nrencontr\u00e9 C\u00e9line\u00a0\u00bb : \u00ab\u00a0Je<br \/>\nne l\u2019ai jamais rencontr\u00e9e, je l\u2019ai vue chanter\u00a0\u00bb, a-t-elle<br \/>\npr\u00e9cis\u00e9. L\u2019actrice et r\u00e9alisatrice reconna\u00eet aussi que la star n\u2019a<br \/>\nsans doute jamais vu son film : \u00ab\u00a0<strong>Je crois qu\u2019elle ne<br \/>\nl\u2019a pas vu et je crois qu\u2019elle ne le verra pas. Avant, \u00e7a me<br \/>\nrendait triste. Et maintenant, je me dis que c\u2019est comme \u00e7a et je<br \/>\ncomprends<\/strong>\u00ab\u00a0.<\/p>\n<p data-start=\"1234\" data-end=\"2066\" data-is-last-node=\"\" data-is-only-node=\"\">Malgr\u00e9 cette distance, Val\u00e9rie Lemercier<br \/>\ncontinue de vouer une immense <strong>admiration<\/strong> \u00e0<br \/>\nl\u2019interpr\u00e8te de Pour que tu<br \/>\nm\u2019aimes encore. Tr\u00e8s touch\u00e9e par sa performance lors de la<br \/>\nc\u00e9r\u00e9monie d\u2019ouverture des Jeux olympiques de Paris, elle a confi\u00e9<br \/>\navoir \u00e9t\u00e9 \u00e9mue, \u00ab\u00a0comme<br \/>\nbeaucoup de Fran\u00e7ais\u00a0\u00bb, en la voyant chanter L\u2019Hymne \u00e0 l\u2019amour.<\/p>\n","protected":false},"excerpt":{"rendered":"Sorti en 2021, Aline se pr\u00e9sente comme \u00ab\u00a0une fiction librement inspir\u00e9e de la vie de C\u00e9line Dion\u00a0\u00bb. R\u00e9alis\u00e9&hellip;\n","protected":false},"author":2,"featured_media":494958,"comment_status":"","ping_status":"","sticky":false,"template":"","format":"standard","meta":{"footnotes":""},"categories":[1586],"tags":[11,7043,1777,674,1779,1011,27,12,25,1778,364,4094],"class_list":{"0":"post-494957","1":"post","2":"type-post","3":"status-publish","4":"format-standard","5":"has-post-thumbnail","7":"category-europe","8":"tag-actualites","9":"tag-celine-dion","10":"tag-eu","11":"tag-europe","12":"tag-european-union","13":"tag-fr","14":"tag-france","15":"tag-news","16":"tag-republique-francaise","17":"tag-ue","18":"tag-union-europeenne","19":"tag-valerie-lemercier"},"share_on_mastodon":{"url":"https:\/\/pubeurope.com\/@fr\/115450675503823386","error":""},"_links":{"self":[{"href":"https:\/\/www.europesays.com\/fr\/wp-json\/wp\/v2\/posts\/494957","targetHints":{"allow":["GET"]}}],"collection":[{"href":"https:\/\/www.europesays.com\/fr\/wp-json\/wp\/v2\/posts"}],"about":[{"href":"https:\/\/www.europesays.com\/fr\/wp-json\/wp\/v2\/types\/post"}],"author":[{"embeddable":true,"href":"https:\/\/www.europesays.com\/fr\/wp-json\/wp\/v2\/users\/2"}],"replies":[{"embeddable":true,"href":"https:\/\/www.europesays.com\/fr\/wp-json\/wp\/v2\/comments?post=494957"}],"version-history":[{"count":0,"href":"https:\/\/www.europesays.com\/fr\/wp-json\/wp\/v2\/posts\/494957\/revisions"}],"wp:featuredmedia":[{"embeddable":true,"href":"https:\/\/www.europesays.com\/fr\/wp-json\/wp\/v2\/media\/494958"}],"wp:attachment":[{"href":"https:\/\/www.europesays.com\/fr\/wp-json\/wp\/v2\/media?parent=494957"}],"wp:term":[{"taxonomy":"category","embeddable":true,"href":"https:\/\/www.europesays.com\/fr\/wp-json\/wp\/v2\/categories?post=494957"},{"taxonomy":"post_tag","embeddable":true,"href":"https:\/\/www.europesays.com\/fr\/wp-json\/wp\/v2\/tags?post=494957"}],"curies":[{"name":"wp","href":"https:\/\/api.w.org\/{rel}","templated":true}]}}