{"id":494961,"date":"2025-10-28T07:45:18","date_gmt":"2025-10-28T07:45:18","guid":{"rendered":"https:\/\/www.europesays.com\/fr\/494961\/"},"modified":"2025-10-28T07:45:18","modified_gmt":"2025-10-28T07:45:18","slug":"au-proces-pour-cyberharcelement-de-brigitte-macron-des-prevenus-qui-ne-regrettent-rien-et-senfoncent-dans-labsurde-liberation","status":"publish","type":"post","link":"https:\/\/www.europesays.com\/fr\/494961\/","title":{"rendered":"Au proc\u00e8s pour cyberharc\u00e8lement de Brigitte Macron, des pr\u00e9venus qui ne regrettent rien et s\u2019enfoncent dans l\u2019absurde \u2013 Lib\u00e9ration"},"content":{"rendered":"<p class=\"sc-cPiKLX AiZTS text-element\">Ils sont plusieurs \u00e0 s\u2019\u00eatre lev\u00e9s aux aurores et avoir fait le trajet depuis l\u2019autre bout de la France. Ils se vantent maintenant de patienter dans la queue \u00abdepuis 8 heures\u00bb du matin d\u00e8s qu\u2019un visiteur t\u00e9m\u00e9raire tente de les d\u00e9passer. Il est presque 13 h 30 et <a href=\"https:\/\/www.liberation.fr\/societe\/police-justice\/fake-news-transphobe-contre-brigitte-macron-dix-personnes-jugees-a-paris-a-partir-de-lundi-20251026_ZYTQWVXLSBALFKGTMJASE2BIGM\/\" target=\"_blank\" rel=\"noreferrer nofollow noopener\" title=\"https:\/\/www.liberation.fr\/societe\/police-justice\/fake-news-transphobe-contre-brigitte-macron-dix-personnes-jugees-a-paris-a-partir-de-lundi-20251026_ZYTQWVXLSBALFKGTMJASE2BIGM\/\">le proc\u00e8s des cyber harceleurs de Brigitte Macron<\/a> va s\u2019ouvrir au tribunal correctionnel de Paris, en pr\u00e9sence de badauds venus en majorit\u00e9 soutenir les pr\u00e9venus. Sur les dix, seuls sept sont pr\u00e9sents, assis en rang d\u2019oignons. <a href=\"https:\/\/www.liberation.fr\/politique\/jean-michel-trogneux-devenu-brigitte-macron-une-obsession-qui-touche-des-gens-de-tous-les-ages-de-tous-les-horizons-20240316_X5KQ4CHGYJD6ZCMLSXP424CHHU\/\" target=\"_blank\" rel=\"noreferrer nofollow noopener\" title=\"https:\/\/www.liberation.fr\/politique\/jean-michel-trogneux-devenu-brigitte-macron-une-obsession-qui-touche-des-gens-de-tous-les-ages-de-tous-les-horizons-20240316_X5KQ4CHGYJD6ZCMLSXP424CHHU\/\">Ag\u00e9s de 41 \u00e0 60 ans, ils sont enseignant, courtier, blogueur, ou m\u00eame \u00abvierge gu\u00e9risseuse\u00bb<\/a>. Ils comparaissent tous pour la m\u00eame infraction : \u00abDe nombreux propo <\/p>\n","protected":false},"excerpt":{"rendered":"Ils sont plusieurs \u00e0 s\u2019\u00eatre lev\u00e9s aux aurores et avoir fait le trajet depuis l\u2019autre bout de la&hellip;\n","protected":false},"author":2,"featured_media":494962,"comment_status":"","ping_status":"","sticky":false,"template":"","format":"standard","meta":{"footnotes":""},"categories":[2],"tags":[11,986,1011,27,12,25,12707],"class_list":{"0":"post-494961","1":"post","2":"type-post","3":"status-publish","4":"format-standard","5":"has-post-thumbnail","7":"category-actualites","8":"tag-actualites","9":"tag-brigitte-macron","10":"tag-fr","11":"tag-france","12":"tag-news","13":"tag-republique-francaise","14":"tag-transphobie"},"share_on_mastodon":{"url":"https:\/\/pubeurope.com\/@fr\/115450683371259571","error":""},"_links":{"self":[{"href":"https:\/\/www.europesays.com\/fr\/wp-json\/wp\/v2\/posts\/494961","targetHints":{"allow":["GET"]}}],"collection":[{"href":"https:\/\/www.europesays.com\/fr\/wp-json\/wp\/v2\/posts"}],"about":[{"href":"https:\/\/www.europesays.com\/fr\/wp-json\/wp\/v2\/types\/post"}],"author":[{"embeddable":true,"href":"https:\/\/www.europesays.com\/fr\/wp-json\/wp\/v2\/users\/2"}],"replies":[{"embeddable":true,"href":"https:\/\/www.europesays.com\/fr\/wp-json\/wp\/v2\/comments?post=494961"}],"version-history":[{"count":0,"href":"https:\/\/www.europesays.com\/fr\/wp-json\/wp\/v2\/posts\/494961\/revisions"}],"wp:featuredmedia":[{"embeddable":true,"href":"https:\/\/www.europesays.com\/fr\/wp-json\/wp\/v2\/media\/494962"}],"wp:attachment":[{"href":"https:\/\/www.europesays.com\/fr\/wp-json\/wp\/v2\/media?parent=494961"}],"wp:term":[{"taxonomy":"category","embeddable":true,"href":"https:\/\/www.europesays.com\/fr\/wp-json\/wp\/v2\/categories?post=494961"},{"taxonomy":"post_tag","embeddable":true,"href":"https:\/\/www.europesays.com\/fr\/wp-json\/wp\/v2\/tags?post=494961"}],"curies":[{"name":"wp","href":"https:\/\/api.w.org\/{rel}","templated":true}]}}