{"id":494969,"date":"2025-10-28T07:50:13","date_gmt":"2025-10-28T07:50:13","guid":{"rendered":"https:\/\/www.europesays.com\/fr\/494969\/"},"modified":"2025-10-28T07:50:13","modified_gmt":"2025-10-28T07:50:13","slug":"valentin-vacherot-jiri-lehecka-atp-1000-rolex-paris-masters-premier-tour-mardi-28-octobre-2025-lequipe","status":"publish","type":"post","link":"https:\/\/www.europesays.com\/fr\/494969\/","title":{"rendered":"Valentin Vacherot &#8211; Jiri Lehecka, ATP 1000, Rolex Paris Masters, Premier tour, Mardi 28 octobre 2025 &#8211; L&#039;\u00c9quipe"},"content":{"rendered":"<ol>\n<li><a href=\"https:\/\/news.google.com\/rss\/articles\/CBMi2AFBVV95cUxNUmZ3MWotU3JmTmloM0UyMlNXZTdKWDNwRlFDZGpMUGx4X2Q3cVMxVU1qc21BWVJwLXlZNmw4WGNmRV9jbWFLazBKeGVFeWZoWnFYNXNvQjNpVUVtbUU0V2JqcDdhbzJiSEM4YnNENU9sM1lNWVN4MXVYNUVHR3VDemNUZlR1UTRVNzQ3cVZuRTNZUGtGYmJMSGJnb2x1Z1hqQ25ha0RuNDJWOXBtcERlODNaU203aE1NTkstRWxjMWY4TVBmQkNGWlhDbjZpSFhjb3JMc2FwVG8?oc=5\" target=\"_blank\" rel=\"nofollow noopener\">Valentin Vacherot &#8211; Jiri Lehecka, ATP 1000, Rolex Paris Masters, Premier tour, Mardi 28 octobre 2025<\/a>&nbsp;&nbsp;L&rsquo;\u00c9quipe<\/li>\n<li><a href=\"https:\/\/news.google.com\/rss\/articles\/CBMivgFBVV95cUxOVGltTXpLRmdmU1R4T21QVFZpejFVbVJSMTFSalE1UV8wQUpJWExFb25pSFlKd1FiRnJDcmVBZmw5LU9NN19OX1h4dHIxT0pVdi1QUVJlTGZSVDRQTXBFR0xQZEhQLTV6VG1FQzFtc3AxMUxrY3I2QWlVLW42T0pwbVBuUTFuNmtwUldmUXVYbjhNVFl2QnIwdy12WUduVGpBejBNaHQtOXloUEdIc2JEMmRpYXp5V1ZCbURrbUln?oc=5\" target=\"_blank\" rel=\"nofollow noopener\">Immensit\u00e9, joueurs sous le charme, court n\u00b01 : le nouveau site du Rolex Paris Masters \u00e0 la Paris La D\u00e9fense Arena s\u00e9duit d\u00e9j\u00e0<\/a>&nbsp;&nbsp;L&rsquo;\u00c9quipe<\/li>\n<li><a href=\"https:\/\/news.google.com\/rss\/articles\/CBMi1wFBVV95cUxNOTdYMDNPT0NTaFNmVVVpZlY4dmFNcU53ZUp6SF90TzgtMWM4dXFUbnJCQV9iOHd0MEFBWjM1d3h0anBJNURTUVJnSEY1M3l0azVRRTYtQW9TTXI5bU1kWTJ3Rk14ZXBtaEZqd1RrdGZYbnJMVHBsLXdpWFZwOGxWNFJNVXVDZDBZZmlSOTlDZXY5V01WYXdTS1JpQ1hiaEEyZ0JIYmR6TC01cm9iQVdKSHc2Uzc0S1drTzRMYjVfUWhQajVHcUFoY3VQMzJ5Q3F4UDVZU0xLRQ?oc=5\" target=\"_blank\" rel=\"nofollow noopener\">Du bruit et un central \u00e0 la Chatrier mais un d\u00e9m\u00e9nagement r\u00e9ussi pour le RPM<\/a>&nbsp;&nbsp;20 Minutes<\/li>\n<li><a href=\"https:\/\/news.google.com\/rss\/articles\/CBMimwJBVV95cUxPMGhXTTUzZ1NiQ0VEaU03VDgyNGJGZ0ZTeC1UX0pMRHJ0WmZkRmJnSHhfdE1JN3dmRTEySVFGYnRMS2NPT2ZCanBXSkN2dlA0dEM4XzJTQ1VSdDZwU09YZjZQaVd0eThRbHJkVjZ0Ym05aXEtSl95LXJkdWxoMEJyNk16aU1tQmZWRVNYWEV1REFrTkxQZklBcUdSaHNSM2FsNFBWS1d2eGdBelNjcXdfT0Fobmg3eGJZLUl5eFo5NW5KczBnZFVGMVlPWE1yMm9ldmMzQTFzVVVKRkZWOXlkbUNwVXZTTEdNX1ZlRFhFa2h1UFktS0FBRnRDNzRqbUEyV245eFh3a3Nyb0pHcjRyeU9HalVoV2hBRndr?oc=5\" target=\"_blank\" rel=\"nofollow noopener\">\u00ab\u00a0Je ne peux m\u00eame pas dire que j&rsquo;ai \u00e9t\u00e9 g\u00ean\u00e9\u00a0\u00bb : Jusqu&rsquo;ici, le rideau ne fait pas de bruit<\/a>&nbsp;&nbsp;Eurosport<\/li>\n<li><a href=\"https:\/\/news.google.com\/rss\/articles\/CBMigAJBVV95cUxPR0lIQUk0ano1TFBtc0hUT0xzYzZmcklBRVdNcml5bHUzS0hTSGJsdnpMYXBNYlc0ZzhELTNZSHV2Y1NwbUx0M3hWSnpmZ1puWm42R1ozS1NDcnVZZ3lneC1QSHhIR0lTb2xCaGVGdlRqWWVmcm5MSF83cjJuUVpWckFpVXJNMmk2VUdtRHY2eHpyR0JPLXZZcThEckkxWVNoeTdxb1pSR0VjTU45akRNdjVNemxpYmJteHM1TnlwUWZIMG9aM0FnLVB2VDhLM0pXWVBPdlZTbkV0aXl0XzhnWGlwekM4N2FLbExVaFhGVHE2eFl3SEd0S3NqaHdrdjc1?oc=5\" target=\"_blank\" rel=\"nofollow noopener\">Carlos Alcaraz, roi du tennis mondial, et son dauphin, Jannik Sinner, grands favoris du Masters 1000 de Paris<\/a>&nbsp;&nbsp;Le Monde.fr<\/li>\n<\/ol>\n","protected":false},"excerpt":{"rendered":"Valentin Vacherot &#8211; Jiri Lehecka, ATP 1000, Rolex Paris Masters, Premier tour, Mardi 28 octobre 2025&nbsp;&nbsp;L&rsquo;\u00c9quipe Immensit\u00e9, joueurs&hellip;\n","protected":false},"author":2,"featured_media":492886,"comment_status":"","ping_status":"","sticky":false,"template":"","format":"standard","meta":{"footnotes":""},"categories":[1415],"tags":[1011,27,60,1467],"class_list":{"0":"post-494969","1":"post","2":"type-post","3":"status-publish","4":"format-standard","5":"has-post-thumbnail","7":"category-tennis","8":"tag-fr","9":"tag-france","10":"tag-sports","11":"tag-tennis"},"share_on_mastodon":{"url":"https:\/\/pubeurope.com\/@fr\/115450702909866116","error":""},"_links":{"self":[{"href":"https:\/\/www.europesays.com\/fr\/wp-json\/wp\/v2\/posts\/494969","targetHints":{"allow":["GET"]}}],"collection":[{"href":"https:\/\/www.europesays.com\/fr\/wp-json\/wp\/v2\/posts"}],"about":[{"href":"https:\/\/www.europesays.com\/fr\/wp-json\/wp\/v2\/types\/post"}],"author":[{"embeddable":true,"href":"https:\/\/www.europesays.com\/fr\/wp-json\/wp\/v2\/users\/2"}],"replies":[{"embeddable":true,"href":"https:\/\/www.europesays.com\/fr\/wp-json\/wp\/v2\/comments?post=494969"}],"version-history":[{"count":0,"href":"https:\/\/www.europesays.com\/fr\/wp-json\/wp\/v2\/posts\/494969\/revisions"}],"wp:featuredmedia":[{"embeddable":true,"href":"https:\/\/www.europesays.com\/fr\/wp-json\/wp\/v2\/media\/492886"}],"wp:attachment":[{"href":"https:\/\/www.europesays.com\/fr\/wp-json\/wp\/v2\/media?parent=494969"}],"wp:term":[{"taxonomy":"category","embeddable":true,"href":"https:\/\/www.europesays.com\/fr\/wp-json\/wp\/v2\/categories?post=494969"},{"taxonomy":"post_tag","embeddable":true,"href":"https:\/\/www.europesays.com\/fr\/wp-json\/wp\/v2\/tags?post=494969"}],"curies":[{"name":"wp","href":"https:\/\/api.w.org\/{rel}","templated":true}]}}