{"id":494979,"date":"2025-10-28T08:00:14","date_gmt":"2025-10-28T08:00:14","guid":{"rendered":"https:\/\/www.europesays.com\/fr\/494979\/"},"modified":"2025-10-28T08:00:14","modified_gmt":"2025-10-28T08:00:14","slug":"un-documentaire-sur-la-carriere-post-beatles-de-paul-mccartney-sortira-en-fevrier-2026-actualites","status":"publish","type":"post","link":"https:\/\/www.europesays.com\/fr\/494979\/","title":{"rendered":"Un documentaire sur la carri\u00e8re post-Beatles de Paul McCartney sortira en f\u00e9vrier 2026 : Actualit\u00e9s"},"content":{"rendered":"<p class=\"lead \">Un documentaire sur la carri\u00e8re solo de Paul McCartney apr\u00e8s la s\u00e9paration des Beatles sera disponible le 25 f\u00e9vrier 2026 sur la plateforme de streaming Amazon Prime, apr\u00e8s une sortie limit\u00e9e au cin\u00e9ma, selon un communiqu\u00e9 publi\u00e9 lundi.<\/p>\n<p class=\"lead \">Ce film, qui pourra \u00eatre visionn\u00e9 dans 240 pays et territoires du monde, retrace avec des images d&rsquo;archives in\u00e9dites la p\u00e9riode pendant laquelle l&rsquo;artiste \u00ab\u00a0affronte de multiples d\u00e9fis, tout en cr\u00e9ant des chansons qui d\u00e9finiront la nouvelle d\u00e9cennie\u00a0\u00bb 1970, selon Amazon MGM Studios.<\/p>\n<p class=\"lead \">A cette \u00e9poque, \u00ab\u00a0les Beatles s&rsquo;\u00e9taient s\u00e9par\u00e9s, et je me disais +Que vais-je faire maintenant? Comment pourrais-je jamais faire quelque chose qui soit aussi bien?+\u00a0\u00bb, s&rsquo;interroge l&rsquo;artiste britannique, aujourd&rsquo;hui \u00e2g\u00e9 de 83 ans, dans la bande-annonce diffus\u00e9e lundi.<\/p>\n<p class=\"lead \">\u00ab\u00a0J&rsquo;\u00e9tais seul pour la premi\u00e8re fois, j&rsquo;ai d\u00fb aller chercher au fond de moi-m\u00eame et j&rsquo;ai mont\u00e9 un nouveau groupe\u00a0\u00bb, Wings, qui permettra de relancer sa carri\u00e8re, raconte-t-il.<\/p>\n<p class=\"lead \">\u00ab\u00a0Band on the Run\u00a0\u00bb, le titre du premier album de ce groupe form\u00e9 avec sa premi\u00e8re \u00e9pouse Linda McCartney, inspire celui de ce documentaire d&rsquo;environ deux heures, \u00ab\u00a0Man on the Run\u00a0\u00bb.<\/p>\n<p class=\"lead \">Il a \u00e9t\u00e9 r\u00e9alis\u00e9 par l&rsquo;Am\u00e9ricain Morgan Neville, qui a plusieurs longs-m\u00e9trages \u00e0 son actif dont le r\u00e9cent film d&rsquo;animation \u00ab\u00a0Pi\u00e8ce par pi\u00e8ce\u00a0\u00bb sur la vie du musicien et styliste Pharrell Williams.<\/p>\n<p class=\"lead \">Le film a \u00e9t\u00e9 pr\u00e9sent\u00e9 au festival am\u00e9ricain de Telluride fin ao\u00fbt 2025, et Paul McCartney lui-m\u00eame est cr\u00e9dit\u00e9 comme producteur ex\u00e9cutif.<\/p>\n<p class=\"lead \">Un livre baptis\u00e9 \u00ab\u00a0Wings: The Story of a Band on the Run\u00a0\u00bb, \u00e9crit par McCartney, doit sortir le 4 novembre sur Amazon et en audio sur la plateforme Audible, filiale du g\u00e9ant am\u00e9ricain.<\/p>\n<p class=\"lead \">Un partenariat entre la star britannique, le groupe Universal Music et Amazon doit \u00e9galement aboutir \u00e0 la sortie de \u00ab\u00a0chansons exclusives\u00a0\u00bb en 2026, selon ce communiqu\u00e9.<\/p>\n<p class=\"small font-weight-bold text-gray3 \"> publi\u00e9 le 27 octobre \u00e0 20h07, AFP<\/p>\n<p>                             Partager<\/p>\n","protected":false},"excerpt":{"rendered":"Un documentaire sur la carri\u00e8re solo de Paul McCartney apr\u00e8s la s\u00e9paration des Beatles sera disponible le 25&hellip;\n","protected":false},"author":2,"featured_media":494980,"comment_status":"","ping_status":"","sticky":false,"template":"","format":"standard","meta":{"footnotes":""},"categories":[1355],"tags":[1971,1972,58,59,1011,27,6228,1361,873,308],"class_list":{"0":"post-494979","1":"post","2":"type-post","3":"status-publish","4":"format-standard","5":"has-post-thumbnail","7":"category-musique","8":"tag-clbrits","9":"tag-cinma","10":"tag-divertissement","11":"tag-entertainment","12":"tag-fr","13":"tag-france","14":"tag-gb","15":"tag-music","16":"tag-musique","17":"tag-usa"},"share_on_mastodon":{"url":"https:\/\/pubeurope.com\/@fr\/115450742350389643","error":""},"_links":{"self":[{"href":"https:\/\/www.europesays.com\/fr\/wp-json\/wp\/v2\/posts\/494979","targetHints":{"allow":["GET"]}}],"collection":[{"href":"https:\/\/www.europesays.com\/fr\/wp-json\/wp\/v2\/posts"}],"about":[{"href":"https:\/\/www.europesays.com\/fr\/wp-json\/wp\/v2\/types\/post"}],"author":[{"embeddable":true,"href":"https:\/\/www.europesays.com\/fr\/wp-json\/wp\/v2\/users\/2"}],"replies":[{"embeddable":true,"href":"https:\/\/www.europesays.com\/fr\/wp-json\/wp\/v2\/comments?post=494979"}],"version-history":[{"count":0,"href":"https:\/\/www.europesays.com\/fr\/wp-json\/wp\/v2\/posts\/494979\/revisions"}],"wp:featuredmedia":[{"embeddable":true,"href":"https:\/\/www.europesays.com\/fr\/wp-json\/wp\/v2\/media\/494980"}],"wp:attachment":[{"href":"https:\/\/www.europesays.com\/fr\/wp-json\/wp\/v2\/media?parent=494979"}],"wp:term":[{"taxonomy":"category","embeddable":true,"href":"https:\/\/www.europesays.com\/fr\/wp-json\/wp\/v2\/categories?post=494979"},{"taxonomy":"post_tag","embeddable":true,"href":"https:\/\/www.europesays.com\/fr\/wp-json\/wp\/v2\/tags?post=494979"}],"curies":[{"name":"wp","href":"https:\/\/api.w.org\/{rel}","templated":true}]}}