{"id":494991,"date":"2025-10-28T08:08:12","date_gmt":"2025-10-28T08:08:12","guid":{"rendered":"https:\/\/www.europesays.com\/fr\/494991\/"},"modified":"2025-10-28T08:08:12","modified_gmt":"2025-10-28T08:08:12","slug":"france-36-des-foyers-peinent-a-regler-les-factures-denergie-selon-une-enquete-actualites","status":"publish","type":"post","link":"https:\/\/www.europesays.com\/fr\/494991\/","title":{"rendered":"France: 36% des foyers peinent \u00e0 r\u00e9gler les factures d&rsquo;\u00e9nergie, selon une enqu\u00eate : Actualit\u00e9s"},"content":{"rendered":"<p class=\"lead \">Plus du tiers des foyers fran\u00e7ais (36%) d\u00e9clarent avoir pein\u00e9 \u00e0 payer certaines factures de gaz ou d&rsquo;\u00e9lectricit\u00e9 ces douze derniers mois, un taux in\u00e9dit sur fond de hausse des prix de l&rsquo;\u00e9nergie, selon le barom\u00e8tre annuel du m\u00e9diateur national de l&rsquo;\u00e9nergie, publi\u00e9 mardi.<\/p>\n<p class=\"lead \">Ces difficult\u00e9s de paiement, qui concernaient 28% des foyers en 2024 et 18% des foyers en 2020, n&rsquo;ont jamais \u00e9t\u00e9 aussi r\u00e9pandues, souligne le m\u00e9diateur.<\/p>\n<p class=\"lead \">Autre indicateur de l&rsquo;ampleur de la pr\u00e9carit\u00e9 \u00e9nerg\u00e9tique: la restriction de chauffage pour raison financi\u00e8re concerne toujours pr\u00e8s des trois quarts des foyers, avec un taux de 74% encore proche du record de 79% enregistr\u00e9 en 2023.<\/p>\n<p class=\"lead \">Sur l&rsquo;ann\u00e9e \u00e9coul\u00e9e, en plus de la progression du montant des factures d&rsquo;\u00e9nergie constat\u00e9e par une majorit\u00e9 de foyers, la distribution tardive du ch\u00e8que \u00e9nergie 2025 &#8211; en novembre et non au printemps en raison du retard d&rsquo;adoption de la loi de finances &#8211; a encore compliqu\u00e9 la situation. <\/p>\n<p class=\"lead \">Bercy a annonc\u00e9 mi-octobre que 3,8 millions de foyers allaient automatiquement recevoir leur ch\u00e8que \u00e9nergie \u00e0 partir du 3 novembre. <\/p>\n<p class=\"lead \">Ce versement d\u00e9cal\u00e9 a \u00e9t\u00e9 p\u00e9nalisant pour 61% des foyers b\u00e9n\u00e9ficiaires de cette aide destin\u00e9e aux plus modestes et 35% d&rsquo;entre eux ont connu des difficult\u00e9s de paiement pouvant aller jusqu&rsquo;\u00e0 une coupure ou une r\u00e9duction d&rsquo;\u00e9nergie (10% des foyers b\u00e9n\u00e9ficiaires). <\/p>\n<p class=\"lead \">Dans ce contexte, le m\u00e9diateur national de l&rsquo;\u00e9nergie, Olivier Challan Belval, r\u00e9it\u00e8re son appel \u00e0 interdire les coupures d&rsquo;\u00e9lectricit\u00e9 en cas d&rsquo;impay\u00e9s et \u00e0 instaurer un droit \u00e0 une alimentation minimale en \u00e9lectricit\u00e9.<\/p>\n<p class=\"lead \">\u00ab\u00a0A la veille de la tr\u00eave hivernale, je tiens \u00e0 rappeler que l&rsquo;\u00e9lectricit\u00e9 constitue un produit de premi\u00e8re n\u00e9cessit\u00e9\u00a0\u00bb, a-t-il d\u00e9clar\u00e9 \u00e0 l&rsquo;AFP. <\/p>\n<p class=\"lead \">Soulignant que les coupures d&rsquo;\u00e9lectricit\u00e9 pour impay\u00e9s \u00ab\u00a0sont d&rsquo;une grande violence pour les foyers les plus vuln\u00e9rables\u00a0\u00bb, il propose \u00ab\u00a0de les remplacer par une limitation de la puissance de la fourniture d&rsquo;\u00e9lectricit\u00e9\u00a0\u00bb.<\/p>\n<p class=\"lead \">Ce barom\u00e8tre, le septi\u00e8me du genre, a \u00e9t\u00e9 r\u00e9alis\u00e9 par l&rsquo;institut .becoming du 10 au 17 septembre aupr\u00e8s d\u2019un \u00e9chantillon repr\u00e9sentatif de 2.000 foyers fran\u00e7ais m\u00e9tropolitains interrog\u00e9s par voie \u00e9lectronique.<\/p>\n<p class=\"small font-weight-bold text-gray3 \"> publi\u00e9 le 28 octobre \u00e0 07h57, AFP<\/p>\n<p>                             Partager<\/p>\n","protected":false},"excerpt":{"rendered":"Plus du tiers des foyers fran\u00e7ais (36%) d\u00e9clarent avoir pein\u00e9 \u00e0 payer certaines factures de gaz ou d&rsquo;\u00e9lectricit\u00e9&hellip;\n","protected":false},"author":2,"featured_media":494992,"comment_status":"","ping_status":"","sticky":false,"template":"","format":"standard","meta":{"footnotes":""},"categories":[6],"tags":[13790,21335,14427,35,130,33,34,436,1011,27,843,19280,801],"class_list":{"0":"post-494991","1":"post","2":"type-post","3":"status-publish","4":"format-standard","5":"has-post-thumbnail","7":"category-economie","8":"tag-conomie","9":"tag-lectricit","10":"tag-nergie","11":"tag-business","12":"tag-consommation","13":"tag-economie","14":"tag-economy","15":"tag-environnement","16":"tag-fr","17":"tag-france","18":"tag-gaz","19":"tag-pauvret","20":"tag-social"},"share_on_mastodon":{"url":"https:\/\/pubeurope.com\/@fr\/115450773753693944","error":""},"_links":{"self":[{"href":"https:\/\/www.europesays.com\/fr\/wp-json\/wp\/v2\/posts\/494991","targetHints":{"allow":["GET"]}}],"collection":[{"href":"https:\/\/www.europesays.com\/fr\/wp-json\/wp\/v2\/posts"}],"about":[{"href":"https:\/\/www.europesays.com\/fr\/wp-json\/wp\/v2\/types\/post"}],"author":[{"embeddable":true,"href":"https:\/\/www.europesays.com\/fr\/wp-json\/wp\/v2\/users\/2"}],"replies":[{"embeddable":true,"href":"https:\/\/www.europesays.com\/fr\/wp-json\/wp\/v2\/comments?post=494991"}],"version-history":[{"count":0,"href":"https:\/\/www.europesays.com\/fr\/wp-json\/wp\/v2\/posts\/494991\/revisions"}],"wp:featuredmedia":[{"embeddable":true,"href":"https:\/\/www.europesays.com\/fr\/wp-json\/wp\/v2\/media\/494992"}],"wp:attachment":[{"href":"https:\/\/www.europesays.com\/fr\/wp-json\/wp\/v2\/media?parent=494991"}],"wp:term":[{"taxonomy":"category","embeddable":true,"href":"https:\/\/www.europesays.com\/fr\/wp-json\/wp\/v2\/categories?post=494991"},{"taxonomy":"post_tag","embeddable":true,"href":"https:\/\/www.europesays.com\/fr\/wp-json\/wp\/v2\/tags?post=494991"}],"curies":[{"name":"wp","href":"https:\/\/api.w.org\/{rel}","templated":true}]}}