{"id":495026,"date":"2025-10-28T08:30:25","date_gmt":"2025-10-28T08:30:25","guid":{"rendered":"https:\/\/www.europesays.com\/fr\/495026\/"},"modified":"2025-10-28T08:30:25","modified_gmt":"2025-10-28T08:30:25","slug":"pres-de-nice-un-violent-incendie-detruit-un-entrepot-a-cote-dun-aeroport","status":"publish","type":"post","link":"https:\/\/www.europesays.com\/fr\/495026\/","title":{"rendered":"Pr\u00e8s de Nice. Un violent incendie d\u00e9truit un entrep\u00f4t \u00e0 c\u00f4t\u00e9 d&rsquo;un a\u00e9roport"},"content":{"rendered":"<p>            Par<br \/>\n        <strong><br \/>\n            <a href=\"https:\/\/actu.fr\/auteur\/ugo-maillard\" title=\"Consulter tous les articles de Ugo Maillard\" rel=\"nofollow noopener\" target=\"_blank\">Ugo Maillard<\/a><br \/>\n        <\/strong><\/p>\n<p>        Publi\u00e9 le<\/p>\n<p>            28 oct. 2025 \u00e0 8h42        <\/p>\n<p>Le magasin E-Terrasse, situ\u00e9 \u00e0 Mandelieu-la-Napoule (<a href=\"https:\/\/actu.fr\/provence-alpes-cote-d-azur\/alpes-maritimes_06\" rel=\"nofollow noopener\" target=\"_blank\">Alpes-Maritimes<\/a>) a \u00e9t\u00e9 victime d\u2019un tr\u00e8s violent incendie ce lundi 27\u00a0octobre 2025. Il \u00e9tait aux alentours de 20h lorsque les sapeurs-pompiers ont \u00e9t\u00e9 alert\u00e9s par de nombreux appels pour un <strong>feu d\u00e9truisant l\u2019entrep\u00f4t<\/strong>, au niveau de l\u2019avenue Gaston de Fontmichel, \u00e0 quelques m\u00e8tres de l\u2019a\u00e9roport de Cannes.<\/p>\n<p>    <a href=\"https:\/\/www.google.com\/maps\/embed?pb=!1m18!1m12!1m3!1d13756.954524670597!2d6.955776810658301!3d43.543136459830144!2m3!1f0!2f0!3f0!3m2!1i1024!2i768!4f13.1!3m3!1m2!1s0x12ce82e22c349e91%3A0xaf466e4061aaf257!2sAv.%20Gaston%20de%20Fontmichel%2C%2006210%20Mandelieu-la-Napoule!5e0!3m2!1sfr!2sfr!4v1761637073046!5m2!1sfr!2sfr\" title=\"Ouvrie le lien\" rel=\"nofollow noopener\" target=\"_blank\">Cliquez ici pour visualiser le contenu<\/a><\/p>\n<p class=\" wall-content\">Les secours ont mis en place trois lances \u00e0 incendie pour ma\u00eetriser l\u2019incendie de l\u2019\u00e9tablissement, alors vide.<\/p>\n<p class=\" wall-content\">Au total, pr\u00e8s de 27 engins et 48 sapeurs-pompiers ont \u00e9t\u00e9 d\u00e9ploy\u00e9s.<\/p>\n<p>Cinq employ\u00e9s au ch\u00f4mage<\/p>\n<p class=\" wall-content\">Aux alentours de 21\u2009h\u200920, les pompiers indiquent \u00e0 <a href=\"https:\/\/actu.fr\/nice\/\" rel=\"nofollow noopener\" target=\"_blank\">actu Nice<\/a> que le <strong>feu est ma\u00eetris\u00e9<\/strong>. Des op\u00e9rations de d\u00e9blayages ont \u00e9t\u00e9 men\u00e9es avant que les secours quittent les lieux.<\/p>\n<p class=\" wall-content\">Le b\u00e2timent \u00e9tant d\u00e9truit, cinq employ\u00e9s seront au ch\u00f4mage technique.<\/p>\n<p class=\" wall-content\">Personnalisez votre actualit\u00e9 en ajoutant vos villes et m\u00e9dias en favori avec <a href=\"https:\/\/moncompte.actu.fr\" title=\"D\u00e9couvez Mon Actu\" rel=\"nofollow noopener\" data-trk=\"{&quot;cta&quot;:{&quot;action&quot;:&quot;https:\\\/\\\/moncompte.actu.fr&quot;,&quot;category&quot;:&quot;mon compte&quot;,&quot;from&quot;:&quot;article footer&quot;,&quot;name&quot;:&quot;Mon actu&quot;,&quot;type&quot;:&quot;cta&quot;}}\" target=\"_blank\">Mon Actu<\/a>.<\/p>\n","protected":false},"excerpt":{"rendered":"Par Ugo Maillard Publi\u00e9 le 28 oct. 2025 \u00e0 8h42 Le magasin E-Terrasse, situ\u00e9 \u00e0 Mandelieu-la-Napoule (Alpes-Maritimes) a&hellip;\n","protected":false},"author":2,"featured_media":495027,"comment_status":"","ping_status":"","sticky":false,"template":"","format":"standard","meta":{"footnotes":""},"categories":[2819],"tags":[1111,11,1777,674,118,1011,27,1310,12,2401,1311,882,25],"class_list":{"0":"post-495026","1":"post","2":"type-post","3":"status-publish","4":"format-standard","5":"has-post-thumbnail","7":"category-nice","8":"tag-actu","9":"tag-actualites","10":"tag-eu","11":"tag-europe","12":"tag-faits-divers","13":"tag-fr","14":"tag-france","15":"tag-incendie","16":"tag-news","17":"tag-nice","18":"tag-pompiers","19":"tag-provence-alpes-cote-dazur","20":"tag-republique-francaise"},"share_on_mastodon":{"url":"https:\/\/pubeurope.com\/@fr\/115450860327069001","error":""},"_links":{"self":[{"href":"https:\/\/www.europesays.com\/fr\/wp-json\/wp\/v2\/posts\/495026","targetHints":{"allow":["GET"]}}],"collection":[{"href":"https:\/\/www.europesays.com\/fr\/wp-json\/wp\/v2\/posts"}],"about":[{"href":"https:\/\/www.europesays.com\/fr\/wp-json\/wp\/v2\/types\/post"}],"author":[{"embeddable":true,"href":"https:\/\/www.europesays.com\/fr\/wp-json\/wp\/v2\/users\/2"}],"replies":[{"embeddable":true,"href":"https:\/\/www.europesays.com\/fr\/wp-json\/wp\/v2\/comments?post=495026"}],"version-history":[{"count":0,"href":"https:\/\/www.europesays.com\/fr\/wp-json\/wp\/v2\/posts\/495026\/revisions"}],"wp:featuredmedia":[{"embeddable":true,"href":"https:\/\/www.europesays.com\/fr\/wp-json\/wp\/v2\/media\/495027"}],"wp:attachment":[{"href":"https:\/\/www.europesays.com\/fr\/wp-json\/wp\/v2\/media?parent=495026"}],"wp:term":[{"taxonomy":"category","embeddable":true,"href":"https:\/\/www.europesays.com\/fr\/wp-json\/wp\/v2\/categories?post=495026"},{"taxonomy":"post_tag","embeddable":true,"href":"https:\/\/www.europesays.com\/fr\/wp-json\/wp\/v2\/tags?post=495026"}],"curies":[{"name":"wp","href":"https:\/\/api.w.org\/{rel}","templated":true}]}}