{"id":495028,"date":"2025-10-28T08:31:46","date_gmt":"2025-10-28T08:31:46","guid":{"rendered":"https:\/\/www.europesays.com\/fr\/495028\/"},"modified":"2025-10-28T08:31:46","modified_gmt":"2025-10-28T08:31:46","slug":"spectacles-ateliers-expos-la-4e-edition-des-bobards-setend-dans-sept-communes-au-sud-de-2","status":"publish","type":"post","link":"https:\/\/www.europesays.com\/fr\/495028\/","title":{"rendered":"Spectacles, ateliers, expos\u2026 La 4e \u00e9dition des Bobards s\u2019\u00e9tend dans sept communes au sud de"},"content":{"rendered":"<p>Le collectif Conte et l\u2019association les Grandlieu\u2019zarts, du Grand lieu du conte, \u00e0 Saint-Aignan-de-Grand-Lieu (Loire-Atlantique), pr\u00e9parent activement la quatri\u00e8me \u00e9dition du festival des Bobards, qui se tiendra du vendredi\u00a07 au samedi 15\u00a0novembre.<\/p>\n<p>Ils ont re\u00e7u les partenaires du festival, qui accueilleront des spectacles et des artistes, notamment le &#8230;<\/p>\n<p>\u00a0<\/p>\n","protected":false},"excerpt":{"rendered":"Le collectif Conte et l\u2019association les Grandlieu\u2019zarts, du Grand lieu du conte, \u00e0 Saint-Aignan-de-Grand-Lieu (Loire-Atlantique), pr\u00e9parent activement la&hellip;\n","protected":false},"author":2,"featured_media":493306,"comment_status":"","ping_status":"","sticky":false,"template":"","format":"standard","meta":{"footnotes":""},"categories":[2818],"tags":[17414,1111,11,10036,61614,1674,4660,61615,1777,674,8202,1011,27,766,12,2636,25,853,7053],"class_list":{"0":"post-495028","1":"post","2":"type-post","3":"status-publish","4":"format-standard","5":"has-post-thumbnail","7":"category-nantes","8":"tag-4e","9":"tag-actu","10":"tag-actualites","11":"tag-ateliers","12":"tag-bobards","13":"tag-communes","14":"tag-edition","15":"tag-etend","16":"tag-eu","17":"tag-europe","18":"tag-expos","19":"tag-fr","20":"tag-france","21":"tag-nantes","22":"tag-news","23":"tag-pays-de-la-loire","24":"tag-republique-francaise","25":"tag-spectacles","26":"tag-sud"},"share_on_mastodon":{"url":"https:\/\/pubeurope.com\/@fr\/115450864277507507","error":""},"_links":{"self":[{"href":"https:\/\/www.europesays.com\/fr\/wp-json\/wp\/v2\/posts\/495028","targetHints":{"allow":["GET"]}}],"collection":[{"href":"https:\/\/www.europesays.com\/fr\/wp-json\/wp\/v2\/posts"}],"about":[{"href":"https:\/\/www.europesays.com\/fr\/wp-json\/wp\/v2\/types\/post"}],"author":[{"embeddable":true,"href":"https:\/\/www.europesays.com\/fr\/wp-json\/wp\/v2\/users\/2"}],"replies":[{"embeddable":true,"href":"https:\/\/www.europesays.com\/fr\/wp-json\/wp\/v2\/comments?post=495028"}],"version-history":[{"count":0,"href":"https:\/\/www.europesays.com\/fr\/wp-json\/wp\/v2\/posts\/495028\/revisions"}],"wp:featuredmedia":[{"embeddable":true,"href":"https:\/\/www.europesays.com\/fr\/wp-json\/wp\/v2\/media\/493306"}],"wp:attachment":[{"href":"https:\/\/www.europesays.com\/fr\/wp-json\/wp\/v2\/media?parent=495028"}],"wp:term":[{"taxonomy":"category","embeddable":true,"href":"https:\/\/www.europesays.com\/fr\/wp-json\/wp\/v2\/categories?post=495028"},{"taxonomy":"post_tag","embeddable":true,"href":"https:\/\/www.europesays.com\/fr\/wp-json\/wp\/v2\/tags?post=495028"}],"curies":[{"name":"wp","href":"https:\/\/api.w.org\/{rel}","templated":true}]}}