{"id":495041,"date":"2025-10-28T08:39:10","date_gmt":"2025-10-28T08:39:10","guid":{"rendered":"https:\/\/www.europesays.com\/fr\/495041\/"},"modified":"2025-10-28T08:39:10","modified_gmt":"2025-10-28T08:39:10","slug":"un-agent-du-samu-social-revoque-pour-cumul-dactivites","status":"publish","type":"post","link":"https:\/\/www.europesays.com\/fr\/495041\/","title":{"rendered":"Un agent du Samu social r\u00e9voqu\u00e9 pour cumul d\u2019activit\u00e9s"},"content":{"rendered":"\n<p>Un agent technique du Samu social de Marseille a \u00e9t\u00e9 d\u00e9finitivement r\u00e9voqu\u00e9, cet \u00e9t\u00e9, pour fautes au terme d\u2019une proc\u00e9dure disciplinaire engag\u00e9e pour \u00ab\u00a0cumul d\u2019activit\u00e9s non autoris\u00e9es et r\u00e9it\u00e9r\u00e9es\u00a0\u00bb. Le juge des r\u00e9f\u00e9r\u00e9s du tribunal administratif l\u2019a d\u00e9bout\u00e9, la semaine derni\u00e8re, de sa requ\u00eate en suspension de l\u2019arr\u00eat\u00e9 du 1er\u00a0ao\u00fbt 2025 pris par le maire de Marseille le r\u00e9voquant avec effet au 1er\u00a0septembre, consid\u00e9rant qu\u2019il n\u2019y avait pas de caract\u00e8re disproportionn\u00e9 dans la sanction.<\/p>\n<p>Il est reproch\u00e9 \u00e0 ce fonctionnaire de cat\u00e9gorie C, recrut\u00e9 en 2002 par la commune de Marseille et qui exer\u00e7ait depuis 2019 les fonctions d\u2019agent d\u2019intervention du Samu social, d\u2019avoir exerc\u00e9 des activit\u00e9s de voyance tarif\u00e9e, de massage Zen pour hommes et d\u2019astrologie\/m\u00e9dium au cours des ann\u00e9es\u00a02024 et\u00a02025 et produit des attestations et d\u00e9clarations mensong\u00e8res \u00e0 sa hi\u00e9rarchie.<\/p>\n<p>Pour justifier la r\u00e9vocation, la commune souligne que M.\u00a0Philippe H. a commis des \u00ab\u00a0manquements volontaires et persistants \u00e0 plusieurs de ses obligations\u00a0\u00bb, que les activit\u00e9s de cumul non autoris\u00e9 l\u2019\u00e9taient en continu, pendant son temps de travail, mais aussi pendant son cong\u00e9 de maladie et durant le temps partiel th\u00e9rapeutique dont il a b\u00e9n\u00e9fici\u00e9, et qu\u2019elles ont eu des cons\u00e9quences sur son activit\u00e9 professionnelle. La commune ajoute qu\u2019il a montr\u00e9 une \u00ab\u00a0insubordination persistante\u00a0\u00bb, rompu le lien de confiance avec son employeur et port\u00e9 atteinte \u00e0 l\u2019image de la collectivit\u00e9, alors que la commune lui a laiss\u00e9 l\u2019opportunit\u00e9 de se conformer \u00e0 ses obligations \u00e0 plusieurs reprises.<\/p>\n<p>Pour rappel, l\u2019ancien maire Jean-Claude Gaudin, l\u2019ancien chef de service du Samu social Ren\u00e9 Giancarli et cinq autres hauts fonctionnaires ont \u00e9t\u00e9 condamn\u00e9s en mars\u00a02022, sur reconnaissance pr\u00e9alable de culpabilit\u00e9, pour d\u00e9tournement de fonds publics par n\u00e9gligence, \u00e0 des peines d\u2019emprisonnement avec sursis et d\u2019amende pour certains dans une proc\u00e9dure p\u00e9nale initi\u00e9e en 2017 sur des \u00ab\u00a0situations atypiques\u00a0\u00bb dans le temps de travail et l\u2019octroi d\u2019heures suppl\u00e9mentaires d\u00e9corr\u00e9l\u00e9e de l\u2019activit\u00e9 r\u00e9elle d\u2019agents du Samu social.<\/p>\n<p>En f\u00e9vrier\u00a02025, l\u2019Agence fran\u00e7aise anticorruption a recommand\u00e9 \u00e0 la commune de Marseille de veiller \u00e0 la bonne appropriation par les agents de la r\u00e9glementation sur le cumul d\u2019activit\u00e9s.<\/p>\n","protected":false},"excerpt":{"rendered":"Un agent technique du Samu social de Marseille a \u00e9t\u00e9 d\u00e9finitivement r\u00e9voqu\u00e9, cet \u00e9t\u00e9, pour fautes au terme&hellip;\n","protected":false},"author":2,"featured_media":495042,"comment_status":"","ping_status":"","sticky":false,"template":"","format":"standard","meta":{"footnotes":""},"categories":[2814],"tags":[1111,11,30829,1777,674,1011,27,884,12,882,25],"class_list":{"0":"post-495041","1":"post","2":"type-post","3":"status-publish","4":"format-standard","5":"has-post-thumbnail","7":"category-marseille","8":"tag-actu","9":"tag-actualites","10":"tag-arret-maladie","11":"tag-eu","12":"tag-europe","13":"tag-fr","14":"tag-france","15":"tag-marseille","16":"tag-news","17":"tag-provence-alpes-cote-dazur","18":"tag-republique-francaise"},"share_on_mastodon":{"url":"https:\/\/pubeurope.com\/@fr\/115450895689303300","error":""},"_links":{"self":[{"href":"https:\/\/www.europesays.com\/fr\/wp-json\/wp\/v2\/posts\/495041","targetHints":{"allow":["GET"]}}],"collection":[{"href":"https:\/\/www.europesays.com\/fr\/wp-json\/wp\/v2\/posts"}],"about":[{"href":"https:\/\/www.europesays.com\/fr\/wp-json\/wp\/v2\/types\/post"}],"author":[{"embeddable":true,"href":"https:\/\/www.europesays.com\/fr\/wp-json\/wp\/v2\/users\/2"}],"replies":[{"embeddable":true,"href":"https:\/\/www.europesays.com\/fr\/wp-json\/wp\/v2\/comments?post=495041"}],"version-history":[{"count":0,"href":"https:\/\/www.europesays.com\/fr\/wp-json\/wp\/v2\/posts\/495041\/revisions"}],"wp:featuredmedia":[{"embeddable":true,"href":"https:\/\/www.europesays.com\/fr\/wp-json\/wp\/v2\/media\/495042"}],"wp:attachment":[{"href":"https:\/\/www.europesays.com\/fr\/wp-json\/wp\/v2\/media?parent=495041"}],"wp:term":[{"taxonomy":"category","embeddable":true,"href":"https:\/\/www.europesays.com\/fr\/wp-json\/wp\/v2\/categories?post=495041"},{"taxonomy":"post_tag","embeddable":true,"href":"https:\/\/www.europesays.com\/fr\/wp-json\/wp\/v2\/tags?post=495041"}],"curies":[{"name":"wp","href":"https:\/\/api.w.org\/{rel}","templated":true}]}}