{"id":495045,"date":"2025-10-28T08:41:13","date_gmt":"2025-10-28T08:41:13","guid":{"rendered":"https:\/\/www.europesays.com\/fr\/495045\/"},"modified":"2025-10-28T08:41:13","modified_gmt":"2025-10-28T08:41:13","slug":"toute-lactualite-de-ce-mardi-28-octobre-2025-a-lyon","status":"publish","type":"post","link":"https:\/\/www.europesays.com\/fr\/495045\/","title":{"rendered":"Toute l&rsquo;actualit\u00e9 de ce mardi 28 octobre 2025 \u00e0 Lyon"},"content":{"rendered":"<p>A la une de l\u2019info \u00e0 Lyon : un f\u00e9minicide \u00e0 Saint-Priest, des sabotages \u00e0 la SNCF, le transfert des cars de Perrache \u00e0 Gerland, le pont de Chasse-sur-Rh\u00f4ne va rouvrir \u00e0 la circulation automobile, Municipales 2026 : 3 nouveaux partis soutinnent Gr\u00e9gory Doucet\u2026<\/p>\n<p>ECOUTEZ LE 1\/4H LYONNAIS\u2026 Toute l\u2019actualit\u00e9 de ce mardi 28 octobre 2025<\/p>\n<p>LE 1\/4H LYONNAIS | mardi 28 octobre 2025<\/p>\n<p>Drame familial au troisi\u00e8me \u00e9tage d\u2019un immeuble de la <strong>r\u00e9sidence Bel Air \u00e0 Saint-Priest<\/strong>. Un homme a tu\u00e9 sa femme \u00e0 coups de couteau, alors que leurs trois enfants dormaient dans leur chambre. Ll\u2019homme a appel\u00e9 la police pour signaler son acte.<\/p>\n<p>Retour \u00e0 la normale ce mardi sur le <strong>r\u00e9seau SNCF<\/strong> : le <strong>sabotage de c\u00e2bles<\/strong> dans la Dr\u00f4me a eu une incidence sur une centaine de trains \u00e0 Lyon<\/p>\n<p>Si vous \u00eates adeptes des <strong>services de cars nationaux et internationaux<\/strong> (FlixBus ou BlaBlaCar Bus, \u2026), vous allez devoir changer vos habitudes \u00e0 partir du 12 janvier prochain. Les d\u00e9parts et arriv\u00e9es se faisaient depuis le <strong>Centre d\u2019\u00e9changes de Lyon Perrache<\/strong>. Mais la <strong>gare routi\u00e8re<\/strong> va d\u00e9m\u00e9nager et se retrouver\u2026 \u00e0 <strong>Gerland<\/strong><\/p>\n<p>Nos invit\u00e9s : <strong>Bruno Bernard<\/strong>, le pr\u00e9sident de <strong><a href=\"https:\/\/sytral-mobilites.fr\/fr\/travaux-en-cours\/ligne-de-l-est-lyonnais_-r.html\" target=\"_blank\" rel=\"noreferrer noopener nofollow\">SYTRAL Mobilit\u00e9s<\/a><\/strong>. La maire d\u2019<a href=\"https:\/\/mairie7.lyon.fr\/\" target=\"_blank\" rel=\"noreferrer noopener nofollow\">arrondissement<\/a> <strong>Fanny Dubot<\/strong>. <strong>Rodolphe Drangorski<\/strong>, charg\u00e9 de mission pilotage de projets mobilit\u00e9s pour la <strong><a href=\"https:\/\/www.grandlyon.com\/actualite\/la-gare-routiere-internationale-ouvrira-en-janvier-a-gerland\" target=\"_blank\" rel=\"noreferrer noopener nofollow\">M\u00e9tropole de Lyon<\/a><\/strong>. Et <strong>Anthony Rolland<\/strong>, charg\u00e9 d\u2019\u00e9tudes chez <strong><a href=\"https:\/\/www.planb-archi.fr\/\" target=\"_blank\" rel=\"noreferrer noopener nofollow\">Plan B Architectes<\/a><\/strong>.<\/p>\n<p>Ecoutez aussi : <a href=\"https:\/\/www.lyondemain.fr\/restaurant-social-armee-du-salut-lyon\/\" target=\"_blank\" rel=\"noreferrer noopener nofollow\">Arm\u00e9e du Salut : un restaurant social mais pimpant\u2026<\/a><\/p>\n<p>Egalement dans l\u2019actualit\u00e9 de ce mardi 28 octobre<\/p>\n<p>Inaccessible depuis juillet aux voitures, le pont suspendu qui relie Givors \u00e0 Chasse-sur-Rh\u00f4ne va rouvrir au trafic vendredi en d\u00e9but d\u2019apr\u00e8s midi, Mais la r\u00e9ouverture du <strong>pont de Chasse<\/strong> co\u00efncide avec la fermeture du <strong>passage \u00e0 niveau de Saint-Romain-en-Gier<\/strong><\/p>\n<p><strong>Municipales 2026<\/strong> : Apr\u00e8s le Parti socialiste, le Parti communiste et Place Publique, c\u2019est au tour de <strong>G\u00e9n\u00e9ration. s<\/strong>, <strong>L\u2019Apr\u00e8s<\/strong> et <strong>Debout !<\/strong> d\u2019annoncer leur soutien au maire sortant <strong>Gr\u00e9gory Doucet<\/strong><\/p>\n<p>Coup dur pour l\u2019OL : Malick Fofana sera absent plusieurs mois, suite \u00e0 sa blessure dimanche<\/p>\n<p>Ecoutez aussi : <a href=\"https:\/\/www.lyondemain.fr\/actualite-de-ce-lundi-27-octobre-lyon-info-restaurant-social-armee-du-salut\/\" target=\"_blank\" rel=\"noreferrer noopener nofollow\"> Toute l\u2019actualit\u00e9 de ce lundi 27 octobre 2025 \u00e0 Lyon<\/a><\/p>\n<p><img fetchpriority=\"high\" decoding=\"async\" width=\"1200\" height=\"675\" src=\"https:\/\/www.europesays.com\/fr\/wp-content\/uploads\/2025\/10\/actualite-de-ce-mardi-28-octobre-2025.jpg\" alt=\"actualit\u00e9 de ce mardi 28 octobre 2025 info \u00e0 Lyon\" class=\"wp-image-252183\"  \/>Retrouvez aussi le Quart d\u2019Heure Lyonnais de Lyon Demain sur les antennes de Radio Pluriel (Lyon). Radio Salam (Lyon, Saint-Etienne et Bourg) et Radio Arm\u00e9nie (Lyon et Vienne)<br \/>\nJ\u2019aime \u00e7a\u00a0:<\/p>\n<p>J\u2019aime chargement\u2026<\/p>\n<p><a class=\"sd-link-color\"\/><\/p>\n<p>\n\tArticles similaires\n<\/p>\n<p>\t\t\t\t<img decoding=\"async\" src=\"https:\/\/www.europesays.com\/fr\/wp-content\/uploads\/2025\/10\/1761640873_954_7866158698e17e8ed633c05e8f8e7fe5d9e057ad78661c4dc34e413abb6b9f19\" alt=\"G\u00e9rald Bouchon\"\/><\/p>\n<p>Pionnier des radios libres, passionn\u00e9 de radio, journaliste et dirigeant de m\u00e9dias \u00e9co-responsables..<\/p>\n","protected":false},"excerpt":{"rendered":"A la une de l\u2019info \u00e0 Lyon : un f\u00e9minicide \u00e0 Saint-Priest, des sabotages \u00e0 la SNCF, le&hellip;\n","protected":false},"author":2,"featured_media":495046,"comment_status":"","ping_status":"","sticky":false,"template":"","format":"standard","meta":{"footnotes":""},"categories":[1889],"tags":[1111,11,61769,2430,5921,14021,1777,674,38480,21957,1011,27,61770,5303,5226,2428,10510,3434,12,978,5274,61771,25,61772,12999,4605,2215,24003,2086],"class_list":{"0":"post-495045","1":"post","2":"type-post","3":"status-publish","4":"format-standard","5":"has-post-thumbnail","7":"category-lyon","8":"tag-actu","9":"tag-actualites","10":"tag-autocars","11":"tag-auvergne-rhone-alpes","12":"tag-bruno-bernard","13":"tag-chasse-sur-rhone","14":"tag-eu","15":"tag-europe","16":"tag-fanny-dubot","17":"tag-feminicides","18":"tag-fr","19":"tag-france","20":"tag-gare-routiere","21":"tag-gerland","22":"tag-gregory-doucet","23":"tag-lyon","24":"tag-metropole-de-lyon","25":"tag-municipales-2026","26":"tag-news","27":"tag-olympique-lyonnais","28":"tag-perrache","29":"tag-pont-de-chasse","30":"tag-republique-francaise","31":"tag-retards-des-trains","32":"tag-sabotage","33":"tag-saint-priest","34":"tag-sncf","35":"tag-sytral-mobilites","36":"tag-travaux"},"share_on_mastodon":{"url":"https:\/\/pubeurope.com\/@fr\/115450903718632961","error":""},"_links":{"self":[{"href":"https:\/\/www.europesays.com\/fr\/wp-json\/wp\/v2\/posts\/495045","targetHints":{"allow":["GET"]}}],"collection":[{"href":"https:\/\/www.europesays.com\/fr\/wp-json\/wp\/v2\/posts"}],"about":[{"href":"https:\/\/www.europesays.com\/fr\/wp-json\/wp\/v2\/types\/post"}],"author":[{"embeddable":true,"href":"https:\/\/www.europesays.com\/fr\/wp-json\/wp\/v2\/users\/2"}],"replies":[{"embeddable":true,"href":"https:\/\/www.europesays.com\/fr\/wp-json\/wp\/v2\/comments?post=495045"}],"version-history":[{"count":0,"href":"https:\/\/www.europesays.com\/fr\/wp-json\/wp\/v2\/posts\/495045\/revisions"}],"wp:featuredmedia":[{"embeddable":true,"href":"https:\/\/www.europesays.com\/fr\/wp-json\/wp\/v2\/media\/495046"}],"wp:attachment":[{"href":"https:\/\/www.europesays.com\/fr\/wp-json\/wp\/v2\/media?parent=495045"}],"wp:term":[{"taxonomy":"category","embeddable":true,"href":"https:\/\/www.europesays.com\/fr\/wp-json\/wp\/v2\/categories?post=495045"},{"taxonomy":"post_tag","embeddable":true,"href":"https:\/\/www.europesays.com\/fr\/wp-json\/wp\/v2\/tags?post=495045"}],"curies":[{"name":"wp","href":"https:\/\/api.w.org\/{rel}","templated":true}]}}