{"id":495053,"date":"2025-10-28T08:46:13","date_gmt":"2025-10-28T08:46:13","guid":{"rendered":"https:\/\/www.europesays.com\/fr\/495053\/"},"modified":"2025-10-28T08:46:13","modified_gmt":"2025-10-28T08:46:13","slug":"info-paris-match-antony-mystere-autour-de-la-maison-dun-directeur-dedf-criblee-de-balles","status":"publish","type":"post","link":"https:\/\/www.europesays.com\/fr\/495053\/","title":{"rendered":"INFO PARIS MATCH &#8211; Antony : myst\u00e8re autour de la maison d\u2019un directeur d\u2019EDF, cribl\u00e9e de balles"},"content":{"rendered":"<p><img alt=\"\" loading=\"lazy\" width=\"625\" height=\"417\" decoding=\"async\" data-nimg=\"1\" class=\"rounded-lg\" style=\"color:transparent\" src=\"https:\/\/www.europesays.com\/fr\/wp-content\/uploads\/2025\/10\/badd6379062d644b050fd77741564866.jpeg\"\/><\/p>\n<p class=\"mb-4 text-lg md:leading-8 break-words\">C\u2019est une myst\u00e9rieuse affaire qui intrigue enqu\u00eateurs et magistrats. Selon les informations de Paris Match, une enqu\u00eate a \u00e9t\u00e9 ouverte, \u00e0 la mi-octobre, apr\u00e8s une s\u00e9rie de tirs par arme \u00e0 feu sur la fa\u00e7ade d\u2019une maison \u00e0 Antony (Hauts-de-Seine). Une b\u00e2tisse occup\u00e9e\u00a0par l\u2019un des directeurs du fournisseur d\u2019\u00e9lectricit\u00e9 <a href=\"https:\/\/www.parismatch.com\/Actu\/Economie\/EDF-va-cesser-de-couper-l-electricite-en-cas-d-impayes-1769257\" rel=\"nofollow noopener\" target=\"_blank\" data-ylk=\"slk:EDF;elm:context_link;itc:0;sec:content-canvas\" class=\"link \">EDF<\/a>\u00a0et sa famille. Aucun bless\u00e9 n\u2019est \u00e0 d\u00e9plorer mais l\u2019affaire est suffisamment prise au s\u00e9rieux pour avoir \u00e9t\u00e9 confi\u00e9e aux enqu\u00eateurs du service territorial de police judiciaire (STPJ) des Hauts-de-Seine. Une information confirm\u00e9e par le parquet de Nanterre \u00e0 Paris Match.<\/p>\n<p class=\"mb-4 text-lg md:leading-8 break-words\">Les faits remontent \u00e0 la soir\u00e9e du samedi 11\u00a0octobre.<\/p>\n<p class=\"mb-4 text-lg md:leading-8 break-words\">Vers 22h30, des riverains entendent plusieurs d\u00e9tonations retentirent dans leur rue, semblable \u00e0 des tirs en rafale. L\u2019un d\u2019eux sort m\u00eame de son domicile pour comprendre d\u2019o\u00f9 vient ce bruit soudain. Mais dans la rue, le voisin ne constate rien d\u2019anormal.<\/p>\n<p>Des nombreuses d\u00e9gradations<\/p>\n<p class=\"mb-4 text-lg md:leading-8 break-words\">Plus rien ne se passe jusqu\u2019\u00e0 une heure tardive de la nuit. Vers 1h30, les propri\u00e9taires d\u2019une maison de la m\u00eame art\u00e8re regagnent leur domicile. Arriv\u00e9s devant chez eux, ils remarquent aussit\u00f4t des d\u00e9gradations sur leur portail et sur le mur de leur maison. En se rapprochant, ils comprennent qu\u2019il s\u2019agit d\u2019impacts de balle. Leur fa\u00e7ade en est cribl\u00e9e. Plusieurs impacts sont m\u00eame relev\u00e9s au niveau du 1er \u00e9tage de leur logement.<\/p>\n<p class=\"mb-4 text-lg md:leading-8 break-words\">Aussit\u00f4t alert\u00e9e, la police met en place un p\u00e9rim\u00e8tre de s\u00e9curit\u00e9 afin de permettre aux sp\u00e9cialistes de la police scientifique de p&#8230;<\/p>\n<p class=\"mb-4 text-lg md:leading-8 break-words\"><a href=\"https:\/\/www.parismatch.com\/actu\/faits-divers\/info-paris-match-antony-mystere-autour-de-la-maison-dun-directeur-dedf-criblee-de-balles-259254?at_medium=affiliate&amp;at_campaign=Yahoo\" rel=\"nofollow noopener\" target=\"_blank\" data-ylk=\"slk:Lire la suite sur ParisMatch;elm:context_link;itc:0;sec:content-canvas\" class=\"link \">Lire la suite sur ParisMatch<\/a><\/p>\n","protected":false},"excerpt":{"rendered":"C\u2019est une myst\u00e9rieuse affaire qui intrigue enqu\u00eateurs et magistrats. Selon les informations de Paris Match, une enqu\u00eate a&hellip;\n","protected":false},"author":2,"featured_media":495054,"comment_status":"","ping_status":"","sticky":false,"template":"","format":"standard","meta":{"footnotes":""},"categories":[1888],"tags":[1111,1928,11,1927,1777,674,1011,27,3314,12,1926,626,1925,61773,25],"class_list":{"0":"post-495053","1":"post","2":"type-post","3":"status-publish","4":"format-standard","5":"has-post-thumbnail","7":"category-paris","8":"tag-actu","9":"tag-actu-paris","10":"tag-actualites","11":"tag-actualites-paris","12":"tag-eu","13":"tag-europe","14":"tag-fr","15":"tag-france","16":"tag-hauts-de-seine","17":"tag-news","18":"tag-news-paris","19":"tag-paris","20":"tag-paris-news","21":"tag-parquet-de-nanterre","22":"tag-republique-francaise"},"share_on_mastodon":{"url":"https:\/\/pubeurope.com\/@fr\/115450923923678939","error":""},"_links":{"self":[{"href":"https:\/\/www.europesays.com\/fr\/wp-json\/wp\/v2\/posts\/495053","targetHints":{"allow":["GET"]}}],"collection":[{"href":"https:\/\/www.europesays.com\/fr\/wp-json\/wp\/v2\/posts"}],"about":[{"href":"https:\/\/www.europesays.com\/fr\/wp-json\/wp\/v2\/types\/post"}],"author":[{"embeddable":true,"href":"https:\/\/www.europesays.com\/fr\/wp-json\/wp\/v2\/users\/2"}],"replies":[{"embeddable":true,"href":"https:\/\/www.europesays.com\/fr\/wp-json\/wp\/v2\/comments?post=495053"}],"version-history":[{"count":0,"href":"https:\/\/www.europesays.com\/fr\/wp-json\/wp\/v2\/posts\/495053\/revisions"}],"wp:featuredmedia":[{"embeddable":true,"href":"https:\/\/www.europesays.com\/fr\/wp-json\/wp\/v2\/media\/495054"}],"wp:attachment":[{"href":"https:\/\/www.europesays.com\/fr\/wp-json\/wp\/v2\/media?parent=495053"}],"wp:term":[{"taxonomy":"category","embeddable":true,"href":"https:\/\/www.europesays.com\/fr\/wp-json\/wp\/v2\/categories?post=495053"},{"taxonomy":"post_tag","embeddable":true,"href":"https:\/\/www.europesays.com\/fr\/wp-json\/wp\/v2\/tags?post=495053"}],"curies":[{"name":"wp","href":"https:\/\/api.w.org\/{rel}","templated":true}]}}