{"id":495057,"date":"2025-10-28T08:48:13","date_gmt":"2025-10-28T08:48:13","guid":{"rendered":"https:\/\/www.europesays.com\/fr\/495057\/"},"modified":"2025-10-28T08:48:13","modified_gmt":"2025-10-28T08:48:13","slug":"pour-sa-20e-edition-le-festival-du-film-coreen-de-paris-cree-levenement","status":"publish","type":"post","link":"https:\/\/www.europesays.com\/fr\/495057\/","title":{"rendered":"Pour sa 20e \u00e9dition, le Festival du film cor\u00e9en de Paris cr\u00e9\u00e9 l\u2019\u00e9v\u00e9nement"},"content":{"rendered":"<p>\n    <strong>R\u00c9CIT <\/strong>&#8211; Avant-premi\u00e8res exclusives, d\u00e9couverte du cin\u00e9ma d\u2019auteur, rencontres avec des r\u00e9alisateurs&#8230; Du 28\u00a0octobre au 4\u00a0novembre, les Champs-\u00c9lys\u00e9es d\u00e9roulent le tapis rouge au cin\u00e9ma venu de Cor\u00e9e du Sud.<\/p>\n<p class=\"fig-paragraph\">Tous les ans depuis 2013, alors que se profile\u00a0<a href=\"https:\/\/www.lefigaro.fr\/langue-francaise\/actu-des-mots\/2017\/11\/01\/37002-20171101ARTFIG00001-la-toussaint-une-fete-de-tous-les-saints-mais-pas-que.php\" data-fig-type=\"Article\" data-gtm-custom-categorie=\"navigation\" data-gtm-custom-action=\"crossclick\" data-gtm-custom-label=\"Contextuel\" data-gtm-event=\"customEventSPE\" data-fig-domain=\"LEFIGARO\" rel=\"nofollow noopener\" target=\"_blank\">la Toussaint<\/a>, de longues files d\u2019attente intriguent les passants sur le haut\u00a0<a href=\"http:\/\/www.lefigaro.fr\/societes\/champs-elysees-les-defis-de-la-celebre-avenue-qui-attire-plus-les-touristes-que-les-parisiens-20250113\" data-fig-type=\"Article\" data-gtm-custom-categorie=\"navigation\" data-gtm-custom-action=\"crossclick\" data-gtm-custom-label=\"Contextuel\" data-gtm-event=\"customEventSPE\" data-fig-domain=\"LEFIGARO\" rel=\"nofollow noopener\" target=\"_blank\">des Champs-\u00c9lys\u00e9es<\/a>, \u00e0 quelques dizaines de m\u00e8tres de l\u2019Arc de Triomphe. Avec cette sempiternelle question, que les plus curieux ne peuvent s\u2019emp\u00eacher de poser \u00e0 ces courageux bravant parfois le vent, le froid ou la pluie\u00a0: \u00ab\u00a0pourquoi faites-vous la queue\u00a0?\u00a0\u00bb \u00ab\u00a0Pour assister au Festival du film cor\u00e9en de Paris\u00a0\u00bb, s\u2019entendent-ils r\u00e9pondre, avec le regard dirig\u00e9 vers le Publiciscin\u00e9mas, ce dernier bastion \u2013 depuis la disparition de l\u2019UGC Normandie &#8211; pour amoureux du 7e art situ\u00e9 sur la plus c\u00e9l\u00e8bre avenue du monde.<\/p>\n<p class=\"fig-paragraph\">Un Festival du film cor\u00e9en de Paris, le FFCP pour les intimes et habitu\u00e9s, qui s\u2019appr\u00eate, du 28 octobre au 4 novembre prochain, \u00e0 f\u00eater sa 20e \u00e9dition. Un joli chiffre rond pour un \u00e9v\u00e8nement qui a vu le jour en 2006 \u00e0 l\u2019initiative de trois \u00e9tudiants cor\u00e9ens d\u00e9sireux de faire d\u00e9couvrir au public parisien l\u2019\u00e9tendue de la filmographie sud-cor\u00e9enne\u2026<\/p>\n<p class=\"fig-premium-paywall__infos\">\n        Cet article est r\u00e9serv\u00e9 aux abonn\u00e9s.        Il vous reste 80% \u00e0 d\u00e9couvrir.\n    <\/p>\n<p>                <img  data- alt=\"Le Figaro\" class=\"fig-img--complete fig-img\"\/><\/p>\n<p class=\"fig-premium-paywall__title\">Vous avez envie de lire la suite ?<\/p>\n<p class=\"fig-premium-paywall__subtitle\">D\u00e9bloquez tous les articles imm\u00e9diatement.<\/p>\n<p class=\"fig-premium-paywall__connect\">\n                D\u00e9j\u00e0 abonn\u00e9\u00a0?                <a class=\"fig-premium-paywall__connect-link\" href=\"https:\/\/connect.lefigaro.fr\/login?client=horizon_web&amp;type=main&amp;redirect_uri=https%3A%2F%2Fwww.lefigaro.fr%2Fcinema%2Fpour-sa-20e-edition-le-festival-du-film-coreen-de-paris-cree-l-evenement-20251028\" data-js-gtm=\"{&quot;customCategorie&quot;: &quot;conversion&quot;, &quot;customAction&quot;: &quot;before_Landing_Connexion_paywall_auto&quot;, &quot;customLabel&quot;: &quot;bGVmaWdhcm8uZnJfXzFmMGE5YmQ0LTFhZmYtNjVmNi1iMTNjLTBmOTdlMWM2NWU2Nl9fQXJ0aWNsZQ==_Pour sa 20&lt;sup&gt;e&lt;\/sup&gt; \u00e9dition, le Festival du film cor\u00e9en de Paris cr\u00e9\u00e9 l\u2019\u00e9v\u00e9nement_339&quot;, &quot;customIDSPE&quot;: &quot;bGVmaWdhcm8uZnJfXzFmMGE5YmQ0LTFhZmYtNjVmNi1iMTNjLTBmOTdlMWM2NWU2Nl9fQXJ0aWNsZQ==&quot;, &quot;event&quot;: &quot;customEventSPE&quot;}\" rel=\"nofollow noopener\" target=\"_blank\"><br \/>\n                    Connectez-vous<br \/>\n                <\/a>\n            <\/p>\n","protected":false},"excerpt":{"rendered":"R\u00c9CIT &#8211; Avant-premi\u00e8res exclusives, d\u00e9couverte du cin\u00e9ma d\u2019auteur, rencontres avec des r\u00e9alisateurs&#8230; Du 28\u00a0octobre au 4\u00a0novembre, les Champs-\u00c9lys\u00e9es&hellip;\n","protected":false},"author":2,"featured_media":495058,"comment_status":"","ping_status":"","sticky":false,"template":"","format":"standard","meta":{"footnotes":""},"categories":[1888],"tags":[11,650,5640,1777,674,1011,27,12,626,25,61774],"class_list":{"0":"post-495057","1":"post","2":"type-post","3":"status-publish","4":"format-standard","5":"has-post-thumbnail","7":"category-paris","8":"tag-actualites","9":"tag-cinema","10":"tag-coree-du-sud","11":"tag-eu","12":"tag-europe","13":"tag-fr","14":"tag-france","15":"tag-news","16":"tag-paris","17":"tag-republique-francaise","18":"tag-song-kang-ho"},"share_on_mastodon":{"url":"https:\/\/pubeurope.com\/@fr\/115450931110662695","error":""},"_links":{"self":[{"href":"https:\/\/www.europesays.com\/fr\/wp-json\/wp\/v2\/posts\/495057","targetHints":{"allow":["GET"]}}],"collection":[{"href":"https:\/\/www.europesays.com\/fr\/wp-json\/wp\/v2\/posts"}],"about":[{"href":"https:\/\/www.europesays.com\/fr\/wp-json\/wp\/v2\/types\/post"}],"author":[{"embeddable":true,"href":"https:\/\/www.europesays.com\/fr\/wp-json\/wp\/v2\/users\/2"}],"replies":[{"embeddable":true,"href":"https:\/\/www.europesays.com\/fr\/wp-json\/wp\/v2\/comments?post=495057"}],"version-history":[{"count":0,"href":"https:\/\/www.europesays.com\/fr\/wp-json\/wp\/v2\/posts\/495057\/revisions"}],"wp:featuredmedia":[{"embeddable":true,"href":"https:\/\/www.europesays.com\/fr\/wp-json\/wp\/v2\/media\/495058"}],"wp:attachment":[{"href":"https:\/\/www.europesays.com\/fr\/wp-json\/wp\/v2\/media?parent=495057"}],"wp:term":[{"taxonomy":"category","embeddable":true,"href":"https:\/\/www.europesays.com\/fr\/wp-json\/wp\/v2\/categories?post=495057"},{"taxonomy":"post_tag","embeddable":true,"href":"https:\/\/www.europesays.com\/fr\/wp-json\/wp\/v2\/tags?post=495057"}],"curies":[{"name":"wp","href":"https:\/\/api.w.org\/{rel}","templated":true}]}}