{"id":495059,"date":"2025-10-28T08:49:15","date_gmt":"2025-10-28T08:49:15","guid":{"rendered":"https:\/\/www.europesays.com\/fr\/495059\/"},"modified":"2025-10-28T08:49:15","modified_gmt":"2025-10-28T08:49:15","slug":"lukraine-a-besoin-du-soutien-de-leurope-pour-deux-ou-trois-ans-de-combats-supplementaires-contre-la-russie","status":"publish","type":"post","link":"https:\/\/www.europesays.com\/fr\/495059\/","title":{"rendered":"L\u2019Ukraine a besoin du soutien de l\u2019Europe pour \u00ab\u00a0deux ou trois ans\u00a0\u00bb de combats suppl\u00e9mentaires contre la Russie"},"content":{"rendered":"<p>L\u2019Ukraine aura besoin du soutien financier de l\u2019Europe pendant encore \u00ab deux ou trois ans \u00bb pour contrer <a href=\"https:\/\/www.letelegramme.fr\/monde\/guerre-ukraine-russie\/\" target=\"_blank\" rel=\"noopener\">l\u2019invasion russe<\/a>, a affirm\u00e9 Volodymyr Zelensky, en r\u00e9f\u00e9rence \u00e0 une proposition de la Commission europ\u00e9enne visant \u00e0 d\u00e9bloquer progressivement les avoirs russes gel\u00e9s pour financer l\u2019effort de guerre ukrainien.<\/p>\n<p>\u00ab Un soutien financier stable \u00bb<\/p>\n<p>\u00ab J\u2019ai de nouveau insist\u00e9 sur ce point aupr\u00e8s de tous les dirigeants europ\u00e9ens. Je leur ai dit que nous n\u2019allions pas nous battre pendant des d\u00e9cennies, mais que vous deviez montrer que, pendant un certain temps, vous seriez en mesure de fournir un soutien financier stable \u00e0 l\u2019Ukraine \u00bb, a d\u00e9clar\u00e9 le pr\u00e9sident ukrainien, lors d\u2019un briefing auquel a assist\u00e9 l\u2019AFP, sous embargo jusqu\u2019\u00e0 mardi matin. \u00ab Et c\u2019est pourquoi ils ont ce programme \u00e0 l\u2019esprit &#8211; deux-trois ans \u00bb, a-t-il ajout\u00e9.<\/p>\n<p>200 Russes \u00e0 Pokrovsk<\/p>\n<p>Le pr\u00e9sident ukrainien a par ailleurs affirm\u00e9 qu\u2019environ 200 soldats russes se trouvaient actuellement dans la ville de Pokrovsk, bastion de l\u2019est de l\u2019Ukraine que l\u2019arm\u00e9e du Kremlin essaye de prendre depuis des mois. \u00ab D\u00e8s qu\u2019ils (ces soldats) \u00e9mergent ou tirent d\u2019un endroit, ils sont localis\u00e9s et d\u00e9truits. Pokrovsk est actuellement la cible principale des Russes \u00bb, a affirm\u00e9 Zelensky. Dimanche soir, il avait d\u00e9j\u00e0 affirm\u00e9 que des \u00ab combats f\u00e9roces \u00bb se d\u00e9roulaient \u00e0 Pokrovsk et dans ses faubourgs.<\/p>\n<p>La question du soutien chinois \u00e0 la Russie<\/p>\n<p>Toujours dans ce m\u00eame briefing, Zelensky a dit esp\u00e9rer que Donald Trump fera pression sur Xi Jinping pour que P\u00e9kin diminue son soutien \u00e0 Moscou et ses importations d\u2019hydrocarbures russes, <a href=\"https:\/\/www.letelegramme.fr\/monde\/trois-pays-visites-accords-economiques-xi-jinping-le-programme-de-la-tournee-de-donald-trump-en-asie-6916169.php\" target=\"_blank\" rel=\"noopener\">lors de la rencontre pr\u00e9vue jeudi entre les dirigeants am\u00e9ricain et chinois<\/a>. \u00ab Cela pourrait \u00eatre l\u2019un de ses gestes forts (de Trump, NDLR), en particulier si apr\u00e8s ces sanctions d\u00e9cisives, la Chine est pr\u00eate \u00e0 r\u00e9duire ses importations \u00bb russes, a affirm\u00e9 le pr\u00e9sident ukrainien, en r\u00e9f\u00e9rence \u00e0 <a href=\"https:\/\/www.letelegramme.fr\/monde\/lunion-europeenne-et-les-etats-unis-vont-renforcer-leurs-sanctions-contre-la-russie-6914212.php\" target=\"_blank\" rel=\"noopener\">des sanctions impos\u00e9es la semaine derni\u00e8re par Washington contre deux grands groupes p\u00e9troliers russes<\/a>.<\/p>\n<p>Trump avait aussi exhort\u00e9 les acheteurs d\u2019hydrocarbures russes, en particulier la Chine et l\u2019Inde, \u00e0 r\u00e9duire leurs importations, qui, selon Washington et Kiev, financent l\u2019invasion de l\u2019Ukraine.<\/p>\n","protected":false},"excerpt":{"rendered":"L\u2019Ukraine aura besoin du soutien financier de l\u2019Europe pendant encore \u00ab deux ou trois ans \u00bb pour contrer&hellip;\n","protected":false},"author":2,"featured_media":495060,"comment_status":"","ping_status":"","sticky":false,"template":"","format":"standard","meta":{"footnotes":""},"categories":[1591],"tags":[11,765,1887,131,2069,74,12,1885,1886,132,220,134],"class_list":{"0":"post-495059","1":"post","2":"type-post","3":"status-publish","4":"format-standard","5":"has-post-thumbnail","7":"category-russie","8":"tag-actualites","9":"tag-en-continu","10":"tag-federation-de-russie","11":"tag-guerre-en-ukraine","12":"tag-guerre-ukraine-russie","13":"tag-monde","14":"tag-news","15":"tag-russia","16":"tag-russian-federation","17":"tag-russie","18":"tag-ukraine","19":"tag-volodymyr-zelensky"},"share_on_mastodon":{"url":"https:\/\/pubeurope.com\/@fr\/115450934970138369","error":""},"_links":{"self":[{"href":"https:\/\/www.europesays.com\/fr\/wp-json\/wp\/v2\/posts\/495059","targetHints":{"allow":["GET"]}}],"collection":[{"href":"https:\/\/www.europesays.com\/fr\/wp-json\/wp\/v2\/posts"}],"about":[{"href":"https:\/\/www.europesays.com\/fr\/wp-json\/wp\/v2\/types\/post"}],"author":[{"embeddable":true,"href":"https:\/\/www.europesays.com\/fr\/wp-json\/wp\/v2\/users\/2"}],"replies":[{"embeddable":true,"href":"https:\/\/www.europesays.com\/fr\/wp-json\/wp\/v2\/comments?post=495059"}],"version-history":[{"count":0,"href":"https:\/\/www.europesays.com\/fr\/wp-json\/wp\/v2\/posts\/495059\/revisions"}],"wp:featuredmedia":[{"embeddable":true,"href":"https:\/\/www.europesays.com\/fr\/wp-json\/wp\/v2\/media\/495060"}],"wp:attachment":[{"href":"https:\/\/www.europesays.com\/fr\/wp-json\/wp\/v2\/media?parent=495059"}],"wp:term":[{"taxonomy":"category","embeddable":true,"href":"https:\/\/www.europesays.com\/fr\/wp-json\/wp\/v2\/categories?post=495059"},{"taxonomy":"post_tag","embeddable":true,"href":"https:\/\/www.europesays.com\/fr\/wp-json\/wp\/v2\/tags?post=495059"}],"curies":[{"name":"wp","href":"https:\/\/api.w.org\/{rel}","templated":true}]}}