{"id":495063,"date":"2025-10-28T08:51:12","date_gmt":"2025-10-28T08:51:12","guid":{"rendered":"https:\/\/www.europesays.com\/fr\/495063\/"},"modified":"2025-10-28T08:51:12","modified_gmt":"2025-10-28T08:51:12","slug":"polemique-aux-usa-cest-le-seul-endroit-quelle-puisse-vraiment-considerer-comme-sien-une-decision-de-donald-trump-fait-couler-beaucoup-dencre","status":"publish","type":"post","link":"https:\/\/www.europesays.com\/fr\/495063\/","title":{"rendered":"Pol\u00e9mique aux USA: \u00ab\u00a0C&rsquo;est le seul endroit qu&rsquo;elle puisse vraiment consid\u00e9rer comme sien\u00a0\u00bb, une d\u00e9cision de Donald Trump fait couler beaucoup d&rsquo;encre"},"content":{"rendered":"<p><a href=\"https:\/\/www.lalibre.be\/international\/2025\/10\/21\/alors-que-le-pays-suffoque-sous-leffet-du-shutdown-trump-demolit-une-partie-de-la-maison-blanche-pour-y-construire-sa-salle-de-bal-NRW5EPYDNNALFAQD2LHQ3NDQVM\/\" target=\"_blank\" rel=\"noopener noreferrer nofollow\" class=\"ap-StoryInterstitialLink ap-StoryElement ap-StoryElement--mb js-paywall-target\">Alors que le pays suffoque sous l&rsquo;effet du \u00ab\u00a0shutdown\u00a0\u00bb, Trump d\u00e9molit une partie de la Maison Blanche pour y construire&#8230; sa salle de bal<\/a><\/p>\n<p class=\"text-left ap-StoryElement ap-StoryElement--mb ap-StoryText\">Au-del\u00e0 de l&rsquo;aspect financier, c&rsquo;est un patrimoine, et surtout des souvenirs qui ont disparu suite \u00e0 cette d\u00e9molition. \u00ab\u00a0Presque tous les pr\u00e9sidents qui ont v\u00e9cu dans cette belle Maison Blanche ont proc\u00e9d\u00e9 \u00e0 leurs propres modernisations et r\u00e9novations\u00a0\u00bb, se d\u00e9fend Karoline Leavitt. Cependant, beaucoup d\u00e9noncent le fait que jamais personne n&rsquo;a d\u00e9truit une aile enti\u00e8re.<\/p>\n<p class=\"text-left ap-StoryElement ap-StoryElement--mb ap-StoryText\">L&rsquo;auteure Kate Andersen Brower qui a beaucoup \u00e9crit sur le sujet affirme aupr\u00e8s de<a href=\"https:\/\/edition.cnn.com\/2025\/10\/26\/politics\/white-house-east-wing-history\" target=\"_blank\" rel=\"nofollow noopener\"> CNN<\/a> \u00ab\u00a0n&rsquo;avoir jamais vu une boule de d\u00e9molition s&rsquo;abattre sur une aile enti\u00e8re. J&rsquo;avais beaucoup de respect pour cette zone, car c&rsquo;\u00e9tait le domaine de la Premi\u00e8re dame. C&rsquo;est le seul endroit qu&rsquo;elle puisse vraiment consid\u00e9rer comme sien\u00a0\u00bb.<\/p>\n<p><a href=\"https:\/\/www.dhnet.be\/actu\/monde\/2025\/10\/27\/faut-il-sinquieter-pour-la-securite-nucleaire-poutine-met-fin-a-un-accord-datant-de-2000-avec-les-etats-unis-SJBIZS2AHJAM7JWHK6QYYY4MVE\/\" target=\"_blank\" rel=\"noopener noreferrer nofollow\" class=\"ap-StoryInterstitialLink ap-StoryElement ap-StoryElement--mb\">Faut-il s&rsquo;inqui\u00e9ter pour la s\u00e9curit\u00e9 nucl\u00e9aire? Poutine met fin \u00e0 un accord datant de 2000 avec les Etats-Unis<\/a>Entr\u00e9e pour les voitures<\/p>\n<p class=\"ap-StoryElement ap-StoryElement--mb ap-StoryText\">En 1902, Theodore Roosevelt a am\u00e9nag\u00e9 cette aile en entr\u00e9e pour les voitures. Quarante ans plus tard, Franklin Roosevelt l&rsquo;a transform\u00e9e en un espace moderne, tel qu&rsquo;on le connaissait jusqu&rsquo;\u00e0 sa d\u00e9molition. \u00c0 l&rsquo;\u00e9poque, la question \u00e9tait surtout pratique. En pleine Seconde Guerre mondiale, le pr\u00e9sident devait avoir un bunker d&rsquo;urgence. Pour le rendre plus discret, un b\u00e2timent avait \u00e9t\u00e9 construit au-dessus.<\/p>\n<p>Lieu de soft power<\/p>\n<p class=\"text-left ap-StoryElement ap-StoryElement--mb ap-StoryText\">Si l&rsquo;aile ouest de la Maison Blanche est celle des grandes discussions, voire des affrontements politiques, l&rsquo;aile est est plut\u00f4t celle des \u00e9v\u00e8nements sociaux et du soft power. Ainsi, William Howard Taft y a f\u00eat\u00e9 son anniversaire, alors que Dwight Eisenhower y a install\u00e9 une salle de cin\u00e9ma dans laquelle John F. Kennedy a vu \u00ab\u00a0Bons baisers de Russie\u00a0\u00bb avant son assassinat. Barack Obama y a \u00e9galement \u00e9t\u00e9 vu en train de courir avec son chien. Lors du mandat de Trump, c&rsquo;est dans l&rsquo;aile est de la Maison Blanche que Melania Trump y fait installer des sapins de No\u00ebl rouges. Brower explique \u00e0 CNN : \u00ab\u00a0Vous alliez \u00e0 une f\u00eate de No\u00ebl, c&rsquo;est par l\u00e0 que vous entriez. C&rsquo;\u00e9tait un espace magnifique, orn\u00e9 de magnifiques portraits des premi\u00e8res dames au fil des ans.\u00a0\u00bb<\/p>\n<p><img loading=\"lazy\" decoding=\"async\" class=\"w-full lazyload lazyload--opacity object-contain\" style=\"aspect-ratio:150 \/ 100;opacity:1\" alt=\"Ornaments can be seen on the Christmas tree in the State Dining Room that were crafted as self-portraits by students from across the country, ensuring that children see themselves reflected during the 2024 White House Holiday media preview in Washington, DC, on December 2, 2024. There are 83 Christmas trees throughout the White House. Approximately 9,810 feet of ribbon, over 28,125 ornaments, and over 2,200 doves were used this year to decorate the White House. US First Lady Jill Biden announced the 2024 White House Holiday theme: A \ufffdSeason of Peace and Light\ufffd. (Photo by ROBERTO SCHMIDT \/ AFP)\" width=\"768\" height=\"512\" fetchpriority=\"auto\" src=\"https:\/\/www.europesays.com\/fr\/wp-content\/uploads\/2025\/04\/1743819792_235_S5VKD3X55FFF3BW6V4SEHXNP7I.png\"  data- data-optimumx=\"1\"\/><a href=\"https:\/\/www.dhnet.be\/actu\/monde\/2025\/10\/27\/elle-devait-etre-retiree-voici-la-publicite-canadienne-qui-a-mis-trump-en-furie-3HL6BGGZDZB4FCC3OUQJOJVJUU\/\" target=\"_blank\" rel=\"noopener noreferrer nofollow\" class=\"ap-StoryInterstitialLink ap-StoryElement ap-StoryElement--mb\">\u00ab\u00a0Elle devait \u00eatre retir\u00e9e\u00a0\u00bb: voici la publicit\u00e9 canadienne qui a mis Trump en furie<\/a><\/p>\n<p class=\"ap-StoryElement ap-StoryElement--mb ap-StoryText\">Il est tout de m\u00eame d\u00e9j\u00e0 arriv\u00e9 que des affaires urgentes soient g\u00e9r\u00e9es depuis cette aile, comme les attentats du 11 septembre ou les manifestations lors du premier mandat de Trump.<\/p>\n","protected":false},"excerpt":{"rendered":"Alors que le pays suffoque sous l&rsquo;effet du \u00ab\u00a0shutdown\u00a0\u00bb, Trump d\u00e9molit une partie de la Maison Blanche pour&hellip;\n","protected":false},"author":2,"featured_media":495064,"comment_status":"","ping_status":"","sticky":false,"template":"","format":"standard","meta":{"footnotes":""},"categories":[1589],"tags":[11,73,1866,61775,1227,12,9024,20348,1864,1865,1863,308],"class_list":{"0":"post-495063","1":"post","2":"type-post","3":"status-publish","4":"format-standard","5":"has-post-thumbnail","7":"category-etats-unis","8":"tag-actualites","9":"tag-etats-unis","10":"tag-etats-unis-damerique","11":"tag-holiday","12":"tag-horizontal","13":"tag-news","14":"tag-politics","15":"tag-tradition","16":"tag-united-states","17":"tag-united-states-of-america","18":"tag-us","19":"tag-usa"},"share_on_mastodon":{"url":"https:\/\/pubeurope.com\/@fr\/115450943248940420","error":""},"_links":{"self":[{"href":"https:\/\/www.europesays.com\/fr\/wp-json\/wp\/v2\/posts\/495063","targetHints":{"allow":["GET"]}}],"collection":[{"href":"https:\/\/www.europesays.com\/fr\/wp-json\/wp\/v2\/posts"}],"about":[{"href":"https:\/\/www.europesays.com\/fr\/wp-json\/wp\/v2\/types\/post"}],"author":[{"embeddable":true,"href":"https:\/\/www.europesays.com\/fr\/wp-json\/wp\/v2\/users\/2"}],"replies":[{"embeddable":true,"href":"https:\/\/www.europesays.com\/fr\/wp-json\/wp\/v2\/comments?post=495063"}],"version-history":[{"count":0,"href":"https:\/\/www.europesays.com\/fr\/wp-json\/wp\/v2\/posts\/495063\/revisions"}],"wp:featuredmedia":[{"embeddable":true,"href":"https:\/\/www.europesays.com\/fr\/wp-json\/wp\/v2\/media\/495064"}],"wp:attachment":[{"href":"https:\/\/www.europesays.com\/fr\/wp-json\/wp\/v2\/media?parent=495063"}],"wp:term":[{"taxonomy":"category","embeddable":true,"href":"https:\/\/www.europesays.com\/fr\/wp-json\/wp\/v2\/categories?post=495063"},{"taxonomy":"post_tag","embeddable":true,"href":"https:\/\/www.europesays.com\/fr\/wp-json\/wp\/v2\/tags?post=495063"}],"curies":[{"name":"wp","href":"https:\/\/api.w.org\/{rel}","templated":true}]}}