{"id":495078,"date":"2025-10-28T09:02:22","date_gmt":"2025-10-28T09:02:22","guid":{"rendered":"https:\/\/www.europesays.com\/fr\/495078\/"},"modified":"2025-10-28T09:02:22","modified_gmt":"2025-10-28T09:02:22","slug":"atp-mark-philippoussis-nous-etions-un-peu-inquiets-lorsque-roger-federer-et-rafael-nadal-ont-pris-leur-retraite-mais-avec-carlos-alcaraz-et-jannik-sinner-nous-avons-dincroyables-ambassadeurs-d","status":"publish","type":"post","link":"https:\/\/www.europesays.com\/fr\/495078\/","title":{"rendered":"ATP > Mark Philippoussis : \u00ab\u00a0Nous \u00e9tions un peu inquiets lorsque Roger Federer et Rafael Nadal ont pris leur retraite. Mais avec Carlos Alcaraz et Jannik Sinner, nous avons d&rsquo;incroyables ambassadeurs de ce sport\u00a0\u00bb"},"content":{"rendered":"<p>Ancien 8e joueur mondial et double fina\u00adliste en Grand Chelem, Mark Philippoussis s\u2019est r\u00e9cem\u00adment exprim\u00e9 sur le podcast de l\u2019Open d\u2019Australie. Interrog\u00e9 sur la nouvelle g\u00e9n\u00e9\u00adra\u00adtion incarn\u00e9e par Carlos Alcaraz Jannik Sinner, l\u2019Australien s\u2019est dit rassur\u00e9 apr\u00e8s les retraites de Roger Federer et Rafael Nadal.\u00a0<\/p>\n<p><strong>\u00ab\u202fTout \u00e0 fait. Il y a Sinner et Alcaraz, et chaque fois que ces deux\u2010l\u00e0 s\u2019af\u00adfrontent, j\u2019ai l\u2019im\u00adpres\u00adsion qu\u2019ils sont d\u2019in\u00adcroyables ambas\u00adsa\u00addeurs de ce sport. Nous avons de la chance de les avoir, car je pense que nous \u00e9tions un peu inquiets lorsque Rafa et Federer ont pris leur retraite et que Djokovic, esp\u00e9rons\u2010le, sera encore l\u00e0 pendant un an, mais avoir deux person\u00adna\u00adlit\u00e9s comme elles qui jouent un r\u00f4le incroyable dans le tennis, c\u2019est formi\u00addable. J\u2019aime regarder les matchs. Je me suis assis pour regarder la Coupe Davis ce week\u2010end et malheu\u00adreu\u00adse\u00adment, le r\u00e9sultat n\u2019\u00e9tait pas celui que nous esp\u00e9\u00adrions, mais je suis rest\u00e9 scotch\u00e9 \u00e0 mon t\u00e9l\u00e9\u00advi\u00adseur pour regarder \u00e7a, donc j\u2019ap\u00adpr\u00e9cie vrai\u00adment, surtout quand certains joueurs s\u2019affrontent.\u202f\u00bb<\/strong><\/p>\n<p class=\"post-published-date\" style=\"color: silver; font-size: 75%; text-align: left;\">Publi\u00e9 le lundi 27 octobre 2025 \u00e0 16:16<\/p>\n","protected":false},"excerpt":{"rendered":"Ancien 8e joueur mondial et double fina\u00adliste en Grand Chelem, Mark Philippoussis s\u2019est r\u00e9cem\u00adment exprim\u00e9 sur le podcast&hellip;\n","protected":false},"author":2,"featured_media":495079,"comment_status":"","ping_status":"","sticky":false,"template":"","format":"standard","meta":{"footnotes":""},"categories":[1415],"tags":[1744,105,2199,1011,27,1960,2127,60,1467],"class_list":{"0":"post-495078","1":"post","2":"type-post","3":"status-publish","4":"format-standard","5":"has-post-thumbnail","7":"category-tennis","8":"tag-alcaraz","9":"tag-djokovic","10":"tag-federer","11":"tag-fr","12":"tag-france","13":"tag-nadal","14":"tag-sinner","15":"tag-sports","16":"tag-tennis"},"share_on_mastodon":{"url":"https:\/\/pubeurope.com\/@fr\/115450986050511216","error":""},"_links":{"self":[{"href":"https:\/\/www.europesays.com\/fr\/wp-json\/wp\/v2\/posts\/495078","targetHints":{"allow":["GET"]}}],"collection":[{"href":"https:\/\/www.europesays.com\/fr\/wp-json\/wp\/v2\/posts"}],"about":[{"href":"https:\/\/www.europesays.com\/fr\/wp-json\/wp\/v2\/types\/post"}],"author":[{"embeddable":true,"href":"https:\/\/www.europesays.com\/fr\/wp-json\/wp\/v2\/users\/2"}],"replies":[{"embeddable":true,"href":"https:\/\/www.europesays.com\/fr\/wp-json\/wp\/v2\/comments?post=495078"}],"version-history":[{"count":0,"href":"https:\/\/www.europesays.com\/fr\/wp-json\/wp\/v2\/posts\/495078\/revisions"}],"wp:featuredmedia":[{"embeddable":true,"href":"https:\/\/www.europesays.com\/fr\/wp-json\/wp\/v2\/media\/495079"}],"wp:attachment":[{"href":"https:\/\/www.europesays.com\/fr\/wp-json\/wp\/v2\/media?parent=495078"}],"wp:term":[{"taxonomy":"category","embeddable":true,"href":"https:\/\/www.europesays.com\/fr\/wp-json\/wp\/v2\/categories?post=495078"},{"taxonomy":"post_tag","embeddable":true,"href":"https:\/\/www.europesays.com\/fr\/wp-json\/wp\/v2\/tags?post=495078"}],"curies":[{"name":"wp","href":"https:\/\/api.w.org\/{rel}","templated":true}]}}