{"id":495080,"date":"2025-10-28T09:06:18","date_gmt":"2025-10-28T09:06:18","guid":{"rendered":"https:\/\/www.europesays.com\/fr\/495080\/"},"modified":"2025-10-28T09:06:18","modified_gmt":"2025-10-28T09:06:18","slug":"victor-devos-je-voulais-me-concentrer-sur-le-cyclo-cross-actualite","status":"publish","type":"post","link":"https:\/\/www.europesays.com\/fr\/495080\/","title":{"rendered":"Victor Devos : \u00ab Je voulais me concentrer sur le cyclo-cross \u00bb &#8211; Actualit\u00e9"},"content":{"rendered":"<p style=\"text-align: justify;\"><strong>Victor Devos avait termin\u00e9 sa saison de cyclo-cross chez les Cadets avec la 4e place du Championnat de France dans le brouillard de Pontch\u00e2teau. Pour ses d\u00e9buts chez les Juniors, le coureur de Flandre Elite a commenc\u00e9 par la 4e place, encore, samedi et le podium et <a href=\"https:\/\/www.directvelo.com\/actualite\/124931\/cc-coupe-de-france-albi-u19-hommes-2-soren-bruyere-joumard-1er\" target=\"_blank\" rel=\"noopener\">la 2e place ce dimanche<\/a> . Le vice-Champion de France Cadets sur route a d&rsquo;ailleurs sacrifi\u00e9 sa position de leader du Troph\u00e9e Madiot pour pr\u00e9parer sa saison dans les sous-bois. \u00ab\u00a0Le cyclo-cross c&rsquo;est presque ma discipline principale\u00a0\u00bb, assure m\u00eame <a href=\"https:\/\/www.directvelo.com\/actualite\/122935\/victor-devos-une-medaille-avant-la-soudal-quick-step\" target=\"_blank\" rel=\"noopener\">le futur coureur de la r\u00e9serve Junior de Soudal Quick-Step<\/a>\u00a0 \u00e0 DirectVelo.<\/strong><\/p>\n<p><strong>DirectVelo : Tu t&rsquo;attendais \u00e0 monter sur le podium ?<\/strong><br \/>Victor Devos : C\u2019\u00e9tait un truc de fou, surtout en \u00e9tant Junior 1 !\u00a0 Je partais en troisi\u00e8me ligne, en plus. J\u2019ai pris deux tr\u00e8s bons d\u00e9parts, et c\u2019\u00e9tait ce qui me faisait un peu peur, parce que le premier tour, c\u2019est toujours quitte ou double. J\u2019ai fait deux beaux premiers tours : j\u2019\u00e9tais \u00e0 chaque fois dans les dix, quinze premiers au bout du premier tour. Ensuite, j\u2019ai trouv\u00e9 mon rythme et j\u2019ai tout donn\u00e9 jusqu\u2019\u00e0 la fin. Je suis tr\u00e8s content avec une 4e place et une 2e place.\u00a0<\/p>\n<p><strong>Ce dimanche, tu as bataill\u00e9<\/strong> <a href=\"https:\/\/www.directvelo.com\/actualite\/124943\/caliste-chainel-jessaie-de-lacher-la-play\" target=\"_blank\" rel=\"noopener\"><strong>avec Caliste Chainel<\/strong><\/a>. <strong>Comment as-tu g\u00e9r\u00e9 ce duel ?<\/strong>\u00a0<br \/>Je suis revenu sur lui au bout du 4e tour. \u00c0 ce moment-l\u00e0, j\u2019avais besoin de souffler, parce que \u00e7a commen\u00e7ait \u00e0 \u00eatre dur, tr\u00e8s dur. Donc j\u2019ai un peu r\u00e9cup\u00e9r\u00e9 derri\u00e8re lui. Pendant plusieurs tours, on s\u2019est relay\u00e9s. Je passais devant, puis lui devant moi, pour \u00eatre le plus efficaces possible et creuser l\u2019\u00e9cart derri\u00e8re. Et puis dans le dernier tour, je suis repass\u00e9 devant et j\u2019ai acc\u00e9l\u00e9r\u00e9 pour aller chercher la 2e place. J\u2019ai tout donn\u00e9 jusqu\u2019\u00e0 la fin. C\u2019\u00e9tait dur, mais je suis super content du r\u00e9sultat.<\/p>\n<p><strong>\u00ab MA DISCIPLINE PRINCIPALE \u00bb<\/strong><\/p>\n<p><strong>Comment as-tu pr\u00e9par\u00e9 cette saison de cyclo-cross ?<\/strong><br \/>J\u2019ai coup\u00e9 deux semaines juste apr\u00e8s la finale de la Coupe de France sur route. Ensuite, j\u2019ai repris avec quatre semaines d\u2019entra\u00eenement un peu plus intensif. Apr\u00e8s, j\u2019ai couru sur route en Belgique, puis le Troph\u00e9e Madiot. Mais je n\u2019\u00e9tais pas \u00e0 100 %. Je savais que ce serait un peu compliqu\u00e9, surtout que je reprenais le cross, donc j\u2019avais un peu moins de puissance que les autres, ceux qui avaient encha\u00een\u00e9. Mais au moins, je suis pr\u00eat pour la saison de cross.<\/p>\n<p><strong>T\u2019as termin\u00e9 3e du Troph\u00e9e Madiot ?<\/strong><br \/>Oui, j\u2019ai m\u00eame \u00e9t\u00e9 1er pendant un bon moment, mais il fallait faire des choix. J\u2019aime beaucoup le cross, et je voulais aussi me concentrer sur le cyclo-cross, parce que c\u2019est presque ma discipline principale, m\u00eame si j\u2019ai fait une belle saison sur route. J\u2019ai donc un peu plus privil\u00e9gi\u00e9 le cross en fin de saison que la route. C\u2019est peut-\u00eatre pour \u00e7a que je termine 3e, mais 3e, c\u2019est d\u00e9j\u00e0 exceptionnel.<\/p>\n<p><strong>\u00ab ILS M&rsquo;ONT D\u00c9J\u00c0 DONN\u00c9 DES V\u00c9LOS DE CROSS \u00bb<\/strong><\/p>\n<p><strong>Comment va se passer la suite de ta saison ?<\/strong><br \/>Je ne sais pas encore, parce que je ne sais pas si je serai s\u00e9lectionn\u00e9 en \u00e9quipe de France. Ce qui \u00e9tait pr\u00e9vu pour le week-end prochain, c\u2019\u00e9tait que je devais courir le Koppenbergcross, sauf que l\u2019\u00e9quipe Quick-Step organise un stage de coh\u00e9sion entre les Juniors. Du coup, je ne cours pas, mais je passerai le week-end en stage avec mes futurs co\u00e9quipiers. Le week-end suivant, il y aura soit le Championnat d\u2019Europe \u00e0 Middelkerke, soit des courses en Belgique.<\/p>\n<p><strong>Qu&rsquo;est-ce que t&rsquo;apporte ton passage chez Quick-Step\u00a0 ?<\/strong><br \/>Je serai officiellement chez Quick-Step \u00e0 partir du 1er janvier. Pour l\u2019instant, ils m\u2019ont d\u00e9j\u00e0 donn\u00e9 les v\u00e9los de cross et ils m\u2019ont accompagn\u00e9 au Chrono des Nations. C\u2019\u00e9tait g\u00e9nial, une super premi\u00e8re exp\u00e9rience. \u00c0 partir du 1er janvier, ce sera parti : je porterai leurs couleurs, leurs tenues, tout. J\u2019esp\u00e8re que ce sera une belle aventure.<\/p>\n","protected":false},"excerpt":{"rendered":"Victor Devos avait termin\u00e9 sa saison de cyclo-cross chez les Cadets avec la 4e place du Championnat de&hellip;\n","protected":false},"author":2,"featured_media":495081,"comment_status":"","ping_status":"","sticky":false,"template":"","format":"standard","meta":{"footnotes":""},"categories":[1411],"tags":[834,828,836,829,837,827,83,826,824,823,1154,207,814,817,815,816,822,821,832,211,839,1011,27,820,818,819,835,831,830,833,838,60,212,208,825],"class_list":{"0":"post-495080","1":"post","2":"type-post","3":"status-publish","4":"format-standard","5":"has-post-thumbnail","7":"category-cyclisme","8":"tag-attaque","9":"tag-belgique","10":"tag-braquet","11":"tag-bretagne","12":"tag-chute","13":"tag-competition","14":"tag-coupe-de-france","15":"tag-coureur","16":"tag-course-cyclisme","17":"tag-course-cycliste","18":"tag-cycling","19":"tag-cyclisme","20":"tag-direct","21":"tag-direct-velo","22":"tag-directvelo","23":"tag-directvelo-com","24":"tag-epreuve","25":"tag-epreuve-cycliste","26":"tag-federation-francaise-de-cyclisme","27":"tag-ffc","28":"tag-flandres","29":"tag-fr","30":"tag-france","31":"tag-live","32":"tag-live-course","33":"tag-live-epreuve","34":"tag-peloton","35":"tag-radio-peloton","36":"tag-radio-tour","37":"tag-ravitaillement","38":"tag-relance","39":"tag-sports","40":"tag-uci","41":"tag-velo","42":"tag-velos"},"share_on_mastodon":{"url":"https:\/\/pubeurope.com\/@fr\/115451001919742951","error":""},"_links":{"self":[{"href":"https:\/\/www.europesays.com\/fr\/wp-json\/wp\/v2\/posts\/495080","targetHints":{"allow":["GET"]}}],"collection":[{"href":"https:\/\/www.europesays.com\/fr\/wp-json\/wp\/v2\/posts"}],"about":[{"href":"https:\/\/www.europesays.com\/fr\/wp-json\/wp\/v2\/types\/post"}],"author":[{"embeddable":true,"href":"https:\/\/www.europesays.com\/fr\/wp-json\/wp\/v2\/users\/2"}],"replies":[{"embeddable":true,"href":"https:\/\/www.europesays.com\/fr\/wp-json\/wp\/v2\/comments?post=495080"}],"version-history":[{"count":0,"href":"https:\/\/www.europesays.com\/fr\/wp-json\/wp\/v2\/posts\/495080\/revisions"}],"wp:featuredmedia":[{"embeddable":true,"href":"https:\/\/www.europesays.com\/fr\/wp-json\/wp\/v2\/media\/495081"}],"wp:attachment":[{"href":"https:\/\/www.europesays.com\/fr\/wp-json\/wp\/v2\/media?parent=495080"}],"wp:term":[{"taxonomy":"category","embeddable":true,"href":"https:\/\/www.europesays.com\/fr\/wp-json\/wp\/v2\/categories?post=495080"},{"taxonomy":"post_tag","embeddable":true,"href":"https:\/\/www.europesays.com\/fr\/wp-json\/wp\/v2\/tags?post=495080"}],"curies":[{"name":"wp","href":"https:\/\/api.w.org\/{rel}","templated":true}]}}