{"id":495084,"date":"2025-10-28T09:08:10","date_gmt":"2025-10-28T09:08:10","guid":{"rendered":"https:\/\/www.europesays.com\/fr\/495084\/"},"modified":"2025-10-28T09:08:10","modified_gmt":"2025-10-28T09:08:10","slug":"bernadette-lafont-elle-ne-setait-jamais-remise-de-la-mort-de-sa-celebre-fille","status":"publish","type":"post","link":"https:\/\/www.europesays.com\/fr\/495084\/","title":{"rendered":"Bernadette Lafont : elle ne s\u2019\u00e9tait jamais remise de la mort de sa c\u00e9l\u00e8bre fille"},"content":{"rendered":"<p><strong>Elle aurait eu 87 ans ce 28 octobre 2025. Bernadette Lafont,<\/strong> ic\u00f4ne du cin\u00e9ma fran\u00e7ais, savait mieux que personne allier succ\u00e8s populaire et films d&rsquo;auteurs. R\u00e9v\u00e9l\u00e9e par <a href=\"https:\/\/www.public.fr\/bernadette-lafont-50-ans-de-cinema\" rel=\"nofollow noopener\" target=\"_blank\">Fran\u00e7ois Truffaut dans Les Mistons en 1957<\/a>, elle s&rsquo;impos\u00e9e dans des films cultes sign\u00e9s Claude Chabrol, Nelly Kaplan ou Jean Eustache. Elle \u00e9tait dans \u00ab\u00a0L&rsquo;Effront\u00e9e\u00a0\u00bb de Claude Miller en 1985, pour lequel elle d\u00e9crocha le C\u00e9sar de la meilleure actrice dans un second r\u00f4le. <\/p>\n<p>Plus r\u00e9cemment, le jeune public l&rsquo;a ador\u00e9 dans le r\u00f4le de la <strong>maman d&rsquo;Alain Chabat, pour le film \u00ab\u00a0Pr\u00eate-moi ta main\u00a0\u00bb<\/strong>. Elle y avait retrouv\u00e9 Charlotte Gainsbourg. <\/p>\n<p>Mais derri\u00e8re cette actrice solaire, honor\u00e9e d\u2019un C\u00e9sar d\u2019honneur en 2003, se cachait une plaie jamais referm\u00e9e. Le 25 juillet 2013, <a href=\"https:\/\/vsd.fr\/3579-bernadette-lafont-une-belle-fille-comme-ca\/\" rel=\"nofollow noopener\" target=\"_blank\">Bernadette Lafont s\u2019\u00e9teignait \u00e0 74 ans des suites d\u2019un malaise cardiaque<\/a>. Depuis 1988, elle vivait avec un drame indicible : la <strong>perte de sa fille Pauline<\/strong>, morte \u00e0 25 ans dans des circonstances tragiques.<\/p>\n<p><strong>Bernadette Lafont<\/strong> a perdu sa fille<\/p>\n<p>L\u2019\u00e9t\u00e9 1988 devait \u00eatre synonyme de repos pour la famille Lafont. Pauline, la cadette, profitait de vacances dans la <strong>maison familiale de Saint-Andr\u00e9-de-Valborgne<\/strong>, au c\u0153ur des C\u00e9vennes. Le 11 ao\u00fbt, la jeune actrice d\u00e9cide de partir seule en randonn\u00e9e sur un pic situ\u00e9 dans la commune de Gabriac. Elle n\u2019en reviendra jamais.<\/p>\n<p>Le soir m\u00eame, inqui\u00e8te de ne pas la voir rentrer, Bernadette Lafont alerte les autorit\u00e9s. Les recherches s\u2019organisent imm\u00e9diatement. H\u00e9licopt\u00e8res, gendarmes, volontaires, et m\u00eame une compagnie de la L\u00e9gion \u00e9trang\u00e8re ratissent la montagne. Mais aucune trace de Pauline. <strong>Pendant trois mois, l\u2019angoisse ronge la famille,<\/strong> tandis que les m\u00e9dias s\u2019emparent de l\u2019affaire. On \u00e9voque une fugue, un enl\u00e8vement, voire une disparition volontaire.<\/p>\n<p>La v\u00e9rit\u00e9 finit par \u00e9clater le 21 novembre 1988 : un berger d\u00e9couvre un corps au fond d\u2019un ravin isol\u00e9. Les analyses confirment qu\u2019il s\u2019agit bien de Pauline Lafont.<strong> Elle a chut\u00e9 d\u2019une dizaine de m\u00e8tres et est morte sur le coup.<\/strong> La d\u00e9couverte met fin \u00e0 un cauchemar de cent jours.<\/p>\n<p>Le fr\u00e8re de Pauline, David, ne s\u2019en remettra pas. Il confiera \u00ab\u00a0ha\u00efr ces montagnes\u00a0\u00bb qui avaient pris la vie de sa s\u0153ur. Sa m\u00e8re, elle, trouvera une autre forme de paix. Dans Paris Match, Bernadette Lafont se souvient de cet \u00e9change : \u00ab\u00a0Je lui ai r\u00e9pondu : &lsquo;pas moi. <strong>Parce que les montagnes, elles l&rsquo;ont tu\u00e9e, mais elles l&rsquo;ont gard\u00e9e.<\/strong> Tu sais, si on avait ramen\u00e9 Pauline tout de suite apr\u00e8s sa chute, morte sur le coup, mais avec son corps intact, je ne sais pas\u00a0\u00bb. <\/p>\n<p>Et d&rsquo;ajouter : \u00ab\u00a0Peut-\u00eatre que \u00e7a aurait \u00e9t\u00e9 pire ! Tandis que l\u00e0, si longtemps apr\u00e8s ! Il ne restait plus grand-chose de son corps. C&rsquo;est tellement abstrait ! Il \u00e9tait retourn\u00e9 \u00e0 la terre'\u00a0\u00bb. Des mots bouleversants qui disent toute la complexit\u00e9 de son deuil. <\/p>\n<p><strong>Pauline Lafont partie trop t\u00f4t<\/strong><\/p>\n<p>Avant ce drame, <strong>Pauline Lafont suivait les traces de sa m\u00e8re<\/strong>. N\u00e9e en 1963, elle baigne dans le monde du cin\u00e9ma d\u00e8s son plus jeune \u00e2ge. \u00c0 16 ans, elle fait ses premiers pas \u00e0 l\u2019\u00e9cran, et tr\u00e8s vite, elle s\u00e9duit, elle aussi, les r\u00e9alisateurs. Dans les ann\u00e9es 1980, elle s\u2019impose comme l\u2019un des visages les plus prometteurs de sa g\u00e9n\u00e9ration. <\/p>\n<p>On la d\u00e9couvre aux c\u00f4t\u00e9s de Bernard Giraudeau et Jean-Pierre Bacri dans L\u2019\u00c9t\u00e9 en pente douce (1987). Elle brille aussi dans la com\u00e9die culte Papy fait de la r\u00e9sistance (1983) de Jean-Marie Poir\u00e9, o\u00f9 elle partage l\u2019affiche avec Christian Clavier, Michel Galabru, Jacques Villeret et G\u00e9rard Jugnot. Claude Chabrol, fid\u00e8le ami de sa m\u00e8re, lui offre un r\u00f4le dans Poulet au vinaigre (1985), aux c\u00f4t\u00e9s de Jean Poiret et St\u00e9phane Audran. Sa mort accidentelle met brutalement fin \u00e0 cet \u00e9lan.<\/p>\n<p><strong>Une blessure \u00e0 jamais ouverte<\/strong><\/p>\n<p>Pour Bernadette Lafont, rien n\u2019a jamais combl\u00e9 le vide laiss\u00e9 par Pauline. <strong>\u00ab\u00a0On ne se remet jamais de la mort d\u2019un enfant\u00a0\u00bb<\/strong>, confiait-elle, des ann\u00e9es plus tard. Malgr\u00e9 la douleur, elle continue donc \u00e0 tourner, comme pour conjurer la perte. <\/p>\n<p>Et jusqu\u2019\u00e0 la fin, Bernadette Lafont est rest\u00e9e cette actrice libre et profond\u00e9ment vivante, mais avec le <strong>c\u0153ur bris\u00e9 d\u2019une m\u00e8re<\/strong>. Dans ses derni\u00e8res interviews, elle \u00e9voquait encore Pauline avec tendresse et pudeur, comme si le temps n\u2019avait rien effac\u00e9. <\/p>\n<p>\n          Hits &amp; People en continu\n        <\/p>\n<p>\n          Public Radio\n        <\/p>\n<p>      Mentionn\u00e9s dans cet article<\/p>\n<p>      Sur le m\u00eame sujet<\/p>\n","protected":false},"excerpt":{"rendered":"Elle aurait eu 87 ans ce 28 octobre 2025. Bernadette Lafont, ic\u00f4ne du cin\u00e9ma fran\u00e7ais, savait mieux que&hellip;\n","protected":false},"author":2,"featured_media":495085,"comment_status":"","ping_status":"","sticky":false,"template":"","format":"standard","meta":{"footnotes":""},"categories":[1359],"tags":[61776,58,59,1011,27,18,973],"class_list":{"0":"post-495084","1":"post","2":"type-post","3":"status-publish","4":"format-standard","5":"has-post-thumbnail","7":"category-people","8":"tag-cesar-de-la-meilleure-actrice","9":"tag-divertissement","10":"tag-entertainment","11":"tag-fr","12":"tag-france","13":"tag-mort","14":"tag-people"},"share_on_mastodon":{"url":"https:\/\/pubeurope.com\/@fr\/115451009745971121","error":""},"_links":{"self":[{"href":"https:\/\/www.europesays.com\/fr\/wp-json\/wp\/v2\/posts\/495084","targetHints":{"allow":["GET"]}}],"collection":[{"href":"https:\/\/www.europesays.com\/fr\/wp-json\/wp\/v2\/posts"}],"about":[{"href":"https:\/\/www.europesays.com\/fr\/wp-json\/wp\/v2\/types\/post"}],"author":[{"embeddable":true,"href":"https:\/\/www.europesays.com\/fr\/wp-json\/wp\/v2\/users\/2"}],"replies":[{"embeddable":true,"href":"https:\/\/www.europesays.com\/fr\/wp-json\/wp\/v2\/comments?post=495084"}],"version-history":[{"count":0,"href":"https:\/\/www.europesays.com\/fr\/wp-json\/wp\/v2\/posts\/495084\/revisions"}],"wp:featuredmedia":[{"embeddable":true,"href":"https:\/\/www.europesays.com\/fr\/wp-json\/wp\/v2\/media\/495085"}],"wp:attachment":[{"href":"https:\/\/www.europesays.com\/fr\/wp-json\/wp\/v2\/media?parent=495084"}],"wp:term":[{"taxonomy":"category","embeddable":true,"href":"https:\/\/www.europesays.com\/fr\/wp-json\/wp\/v2\/categories?post=495084"},{"taxonomy":"post_tag","embeddable":true,"href":"https:\/\/www.europesays.com\/fr\/wp-json\/wp\/v2\/tags?post=495084"}],"curies":[{"name":"wp","href":"https:\/\/api.w.org\/{rel}","templated":true}]}}