{"id":495101,"date":"2025-10-28T09:18:14","date_gmt":"2025-10-28T09:18:14","guid":{"rendered":"https:\/\/www.europesays.com\/fr\/495101\/"},"modified":"2025-10-28T09:18:14","modified_gmt":"2025-10-28T09:18:14","slug":"plus-dun-tiers-des-foyers-francais-peinent-a-regler-leurs-factures","status":"publish","type":"post","link":"https:\/\/www.europesays.com\/fr\/495101\/","title":{"rendered":"Plus d\u2019un tiers des foyers fran\u00e7ais peinent \u00e0 r\u00e9gler leurs factures"},"content":{"rendered":"<p>Pour des millions de Fran\u00e7ais, se <a href=\"https:\/\/www.20minutes.fr\/dossier\/chauffage\" class=\"c-link c-link--is-underlined\" target=\"_blank\" rel=\"noopener\">chauffer <\/a>est devenu un luxe. Plus d\u2019un tiers d\u2019entre eux (36\u00a0%) d\u00e9clarent avoir pein\u00e9 \u00e0 payer certaines factures de <a href=\"https:\/\/www.20minutes.fr\/dossier\/gaz\" class=\"c-link c-link--is-underlined\" target=\"_blank\" rel=\"noopener\">gaz<\/a> ou <a href=\"https:\/\/www.20minutes.fr\/dossier\/electricite\" class=\"c-link c-link--is-underlined\" target=\"_blank\" rel=\"noopener\">d\u2019\u00e9lectricit\u00e9 <\/a>ces douze derniers mois, un taux in\u00e9dit sur fond de hausse des prix de <a href=\"https:\/\/www.20minutes.fr\/dossier\/energie\" class=\"c-link c-link--is-underlined\" target=\"_blank\" rel=\"noopener\">l\u2019\u00e9nergie<\/a>, selon le barom\u00e8tre annuel du m\u00e9diateur national de l\u2019\u00e9nergie publi\u00e9 ce mardi.<\/p>\n<\/p>\n<p>Ces difficult\u00e9s de paiement, qui concernaient 28\u00a0% des foyers en\u00a02024 et 18\u00a0% des foyers en\u00a02020, n\u2019ont jamais \u00e9t\u00e9 aussi r\u00e9pandues, souligne le m\u00e9diateur. Autre indicateur de l\u2019ampleur de la <a href=\"https:\/\/www.20minutes.fr\/societe\/precarite\/\" class=\"c-link c-link--is-underlined\" target=\"_blank\" rel=\"noopener\">pr\u00e9carit\u00e9 <\/a>\u00e9nerg\u00e9tique\u00a0: la restriction de chauffage pour raison financi\u00e8re concerne toujours pr\u00e8s des trois quarts des foyers, avec un taux de 74\u00a0% encore proche du record de 79\u00a0% enregistr\u00e9 en\u00a02023.<\/p>\n<p>Des coupures ou r\u00e9ductions pour un foyer sur dix<\/p>\n<p>Sur l\u2019ann\u00e9e \u00e9coul\u00e9e, en plus de la progression du montant des factures d\u2019\u00e9nergie constat\u00e9e par une majorit\u00e9 de foyers, la distribution tardive du ch\u00e8que \u00e9nergie 2025 &#8211; en novembre et non au printemps en raison du retard d\u2019adoption de la loi de finances &#8211; a encore compliqu\u00e9 la situation. <a href=\"https:\/\/www.20minutes.fr\/dossier\/bercy\" class=\"c-link c-link--is-underlined\" target=\"_blank\" rel=\"noopener\">Bercy<\/a> a annonc\u00e9 mi-octobre que 3,8\u00a0millions de foyers allaient automatiquement recevoir leur ch\u00e8que \u00e9nergie \u00e0 partir du 3\u00a0novembre.<\/p>\n<p>Ce versement d\u00e9cal\u00e9 a \u00e9t\u00e9 p\u00e9nalisant pour 61\u00a0% des foyers b\u00e9n\u00e9ficiaires de cette aide destin\u00e9e aux plus modestes et 35\u00a0% d\u2019entre eux ont connu des difficult\u00e9s de paiement pouvant aller jusqu\u2019\u00e0 une coupure ou une r\u00e9duction d\u2019\u00e9nergie (10\u00a0% des foyers b\u00e9n\u00e9ficiaires). Dans ce contexte, le m\u00e9diateur national de l\u2019\u00e9nergie, Olivier Challan Belval, r\u00e9it\u00e8re son appel \u00e0 interdire les coupures d\u2019\u00e9lectricit\u00e9 en cas d\u2019impay\u00e9s et \u00e0 instaurer un droit \u00e0 une alimentation minimale en \u00e9lectricit\u00e9.<\/p>\n<p>\u00ab\u00a0A la veille de la tr\u00eave hivernale, je tiens \u00e0 rappeler que l\u2019\u00e9lectricit\u00e9 constitue un produit de premi\u00e8re n\u00e9cessit\u00e9\u00a0\u00bb, a-t-il d\u00e9clar\u00e9. Soulignant que les coupures d\u2019\u00e9lectricit\u00e9 pour impay\u00e9s \u00ab\u00a0sont d\u2019une grande violence pour les foyers les plus vuln\u00e9rables\u00a0\u00bb, il propose \u00ab\u00a0de les remplacer par une limitation de la puissance de la fourniture d\u2019\u00e9lectricit\u00e9\u00a0\u00bb.<\/p>\n","protected":false},"excerpt":{"rendered":"Pour des millions de Fran\u00e7ais, se chauffer est devenu un luxe. Plus d\u2019un tiers d\u2019entre eux (36\u00a0%) d\u00e9clarent&hellip;\n","protected":false},"author":2,"featured_media":495102,"comment_status":"","ping_status":"","sticky":false,"template":"","format":"standard","meta":{"footnotes":""},"categories":[6],"tags":[47,35,27378,33,34,579,893,1011,27,10181,24524],"class_list":{"0":"post-495101","1":"post","2":"type-post","3":"status-publish","4":"format-standard","5":"has-post-thumbnail","7":"category-economie","8":"tag-actualite","9":"tag-business","10":"tag-chauffage","11":"tag-economie","12":"tag-economy","13":"tag-electricite","14":"tag-energie","15":"tag-fr","16":"tag-france","17":"tag-precarite","18":"tag-prix-de-lelectricite"},"share_on_mastodon":{"url":"https:\/\/pubeurope.com\/@fr\/115451049050034452","error":""},"_links":{"self":[{"href":"https:\/\/www.europesays.com\/fr\/wp-json\/wp\/v2\/posts\/495101","targetHints":{"allow":["GET"]}}],"collection":[{"href":"https:\/\/www.europesays.com\/fr\/wp-json\/wp\/v2\/posts"}],"about":[{"href":"https:\/\/www.europesays.com\/fr\/wp-json\/wp\/v2\/types\/post"}],"author":[{"embeddable":true,"href":"https:\/\/www.europesays.com\/fr\/wp-json\/wp\/v2\/users\/2"}],"replies":[{"embeddable":true,"href":"https:\/\/www.europesays.com\/fr\/wp-json\/wp\/v2\/comments?post=495101"}],"version-history":[{"count":0,"href":"https:\/\/www.europesays.com\/fr\/wp-json\/wp\/v2\/posts\/495101\/revisions"}],"wp:featuredmedia":[{"embeddable":true,"href":"https:\/\/www.europesays.com\/fr\/wp-json\/wp\/v2\/media\/495102"}],"wp:attachment":[{"href":"https:\/\/www.europesays.com\/fr\/wp-json\/wp\/v2\/media?parent=495101"}],"wp:term":[{"taxonomy":"category","embeddable":true,"href":"https:\/\/www.europesays.com\/fr\/wp-json\/wp\/v2\/categories?post=495101"},{"taxonomy":"post_tag","embeddable":true,"href":"https:\/\/www.europesays.com\/fr\/wp-json\/wp\/v2\/tags?post=495101"}],"curies":[{"name":"wp","href":"https:\/\/api.w.org\/{rel}","templated":true}]}}