{"id":495108,"date":"2025-10-28T09:23:06","date_gmt":"2025-10-28T09:23:06","guid":{"rendered":"https:\/\/www.europesays.com\/fr\/495108\/"},"modified":"2025-10-28T09:23:06","modified_gmt":"2025-10-28T09:23:06","slug":"saint-etienne-pour-catherine-fabre-les-barrages-sont-des-lieux-tres-photogeniques","status":"publish","type":"post","link":"https:\/\/www.europesays.com\/fr\/495108\/","title":{"rendered":"Saint-\u00c9tienne. Pour Catherine Fabre, \u00ab\u00a0les barrages sont des lieux tr\u00e8s photog\u00e9niques\u00a0\u00bb"},"content":{"rendered":"<p>\u00ab\u00a0Dans la vall\u00e9e du Gier, on a de la chance. Avec quatre barrages \u00e0 proximit\u00e9, on peut vraiment se faire plaisir. Les barrages sont des lieux tr\u00e8s photog\u00e9niques\u00a0\u00bb, assure Catherine Fabre, photographe amateure qui s\u2019y rend r\u00e9guli\u00e8rement.<\/p>\n<p>\u00ab\u00a0Ils sont tous facilement accessibles, sauf celui de Soulage \u00e0 La Valla-en-Gier o\u00f9 il faut crapahuter. Au barrage du Piney, o\u00f9 il y a l\u2019impressionnante fresque des artistes st\u00e9phanois Ella et Pitr, la v\u00e9g\u00e9tation a repris ses droits&#8230;.<\/p>\n","protected":false},"excerpt":{"rendered":"\u00ab\u00a0Dans la vall\u00e9e du Gier, on a de la chance. Avec quatre barrages \u00e0 proximit\u00e9, on peut vraiment&hellip;\n","protected":false},"author":2,"featured_media":495109,"comment_status":"","ping_status":"","sticky":false,"template":"","format":"standard","meta":{"footnotes":""},"categories":[9653],"tags":[1111,11,2430,1687,7539,1777,674,2271,1011,27,12,25,4001,7538],"class_list":{"0":"post-495108","1":"post","2":"type-post","3":"status-publish","4":"format-standard","5":"has-post-thumbnail","7":"category-saint-etienne","8":"tag-actu","9":"tag-actualites","10":"tag-auvergne-rhone-alpes","11":"tag-culture-loisirs","12":"tag-edition-loire-sud","13":"tag-eu","14":"tag-europe","15":"tag-exposition-arts-plastiques","16":"tag-fr","17":"tag-france","18":"tag-news","19":"tag-republique-francaise","20":"tag-saint-etienne","21":"tag-saint-etienne-ville"},"share_on_mastodon":{"url":"https:\/\/pubeurope.com\/@fr\/115451068753080909","error":""},"_links":{"self":[{"href":"https:\/\/www.europesays.com\/fr\/wp-json\/wp\/v2\/posts\/495108","targetHints":{"allow":["GET"]}}],"collection":[{"href":"https:\/\/www.europesays.com\/fr\/wp-json\/wp\/v2\/posts"}],"about":[{"href":"https:\/\/www.europesays.com\/fr\/wp-json\/wp\/v2\/types\/post"}],"author":[{"embeddable":true,"href":"https:\/\/www.europesays.com\/fr\/wp-json\/wp\/v2\/users\/2"}],"replies":[{"embeddable":true,"href":"https:\/\/www.europesays.com\/fr\/wp-json\/wp\/v2\/comments?post=495108"}],"version-history":[{"count":0,"href":"https:\/\/www.europesays.com\/fr\/wp-json\/wp\/v2\/posts\/495108\/revisions"}],"wp:featuredmedia":[{"embeddable":true,"href":"https:\/\/www.europesays.com\/fr\/wp-json\/wp\/v2\/media\/495109"}],"wp:attachment":[{"href":"https:\/\/www.europesays.com\/fr\/wp-json\/wp\/v2\/media?parent=495108"}],"wp:term":[{"taxonomy":"category","embeddable":true,"href":"https:\/\/www.europesays.com\/fr\/wp-json\/wp\/v2\/categories?post=495108"},{"taxonomy":"post_tag","embeddable":true,"href":"https:\/\/www.europesays.com\/fr\/wp-json\/wp\/v2\/tags?post=495108"}],"curies":[{"name":"wp","href":"https:\/\/api.w.org\/{rel}","templated":true}]}}