{"id":495116,"date":"2025-10-28T09:29:18","date_gmt":"2025-10-28T09:29:18","guid":{"rendered":"https:\/\/www.europesays.com\/fr\/495116\/"},"modified":"2025-10-28T09:29:18","modified_gmt":"2025-10-28T09:29:18","slug":"des-squatters-expulses-et-sans-toit-ont-passe-la-nuit-dans-lhotel-de-ville","status":"publish","type":"post","link":"https:\/\/www.europesays.com\/fr\/495116\/","title":{"rendered":"des squatters expuls\u00e9s et sans toit ont pass\u00e9 la nuit dans l&rsquo;h\u00f4tel de ville"},"content":{"rendered":"<p>            Par<br \/>\n        <strong><br \/>\n            <a href=\"https:\/\/actu.fr\/auteur\/jm-aubert\" title=\"Consulter tous les articles de Jean-Marc Aubert\" target=\"_blank\" rel=\"noopener\">Jean-Marc Aubert<\/a><br \/>\n        <\/strong><\/p>\n<p>        Publi\u00e9 le<\/p>\n<p>            28 oct. 2025 \u00e0 9h34<br \/>\n        ; mis \u00e0 jour le 28 oct. 2025 \u00e0 9h48    <\/p>\n<p>Un nouveau <strong>squat<\/strong> a \u00e9t\u00e9 \u00e9vacu\u00e9 par les forces de police, ce lundi 27 octobre 2025 dans la matin\u00e9e, dans le quartier nord d\u2019Eurom\u00e9decine, \u00e0 <strong>Montpellier, <\/strong>selon la\u00a0<strong>pr\u00e9fecture de l\u2019H\u00e9rault.<\/strong><\/p>\n<p class=\" wall-content\">Des squatters occupaient depuis plusieurs mois une habitation, situ\u00e9e au 501 de la rue de La Croix de Lavit. Ils \u00e9taient 18 quand ces occupants sans titre ont \u00e9t\u00e9 expuls\u00e9s par des unit\u00e9s de la direction interd\u00e9partementale de la police nationale -DIPN 34-, \u00ab\u00a0en application d\u2019une d\u00e9cision de justice et apr\u00e8s accord du concours de la force publique par le pr\u00e9fet\u00a0\u00bb, pr\u00e9cise la pr\u00e9fecture. Une op\u00e9ration qui s\u2019est d\u00e9roul\u00e9e sans incident.\u00a0<\/p>\n<p>    <a href=\"https:\/\/www.google.com\/maps\/embed?pb=!1m18!1m12!1m3!1d4069.319476787605!2d3.8371864016319224!3d43.63915578271049!2m3!1f0!2f0!3f0!3m2!1i1024!2i768!4f13.1!3m3!1m2!1s0x12b6af95fdcd1407%3A0xe53b3a5b1b308777!2s501%20Rue%20de%20la%20Croix%20de%20Lavit%2C%2034090%20Montpellier!5e0!3m2!1sfr!2sfr!4v1761638199177!5m2!1sfr!2sfr\" title=\"Ouvrie le lien\" target=\"_blank\" rel=\"noopener\">Cliquez ici pour visualiser le contenu<\/a><\/p>\n<p class=\" wall-content\">Ces enfants et ces femmes seules qui se retrouvent \u00e0 la rue ont err\u00e9 toute la journ\u00e9e, ce lundi, avant de s\u2019installer dans le hall de l\u2019h\u00f4tel de ville, dans le quartier de Port Marianne, pour y passer la nuit au chaud.<\/p>\n<p class=\" wall-content\">Des associations qui ont pignon sur rue \u00e0 Montpellier, alert\u00e9es de la situation tr\u00e8s pr\u00e9caire de ces familles ont fourni notamment des couvertures et de quoi permettre aux expuls\u00e9s de se restaurer. Selon un responsable d\u2019une association, ce sont quinze enfants, vingt femmes seules et trois couples en d\u00e9tresse qui sont abandonn\u00e9s. \u00ab\u00a0On aurait d\u00fb trouver une solution d\u2019h\u00e9bergement d\u2019urgence, m\u00eame temporaire, dans d\u2019autres villes du d\u00e9partement s\u2019il le faut, pour \u00e9viter d\u2019engorger encore un peu plus les rues de Montpellier, o\u00f9 les SDF sont de plus en plus nombreux. Ils ont \u00e9t\u00e9 mis dehors et qui s\u2019en occupe maintenant ? Ce sont les associations qui ramassent derri\u00e8re, qui apportent \u00e0 manger, des couvertures et un peu de dignit\u00e9. On sait tr\u00e8s bien que le 115, le num\u00e9ro du Samu social est satur\u00e9, que des familles dorment d\u00e9j\u00e0 dehors chaque nuit \u00e0 Montpellier. Il y a le droit, oui, mais il y a aussi l\u2019humanit\u00e9\u00a0\u00bb, d\u00e9nonce ainsi A\u00efcha Baghaz, la pr\u00e9sidente de l\u2019<strong>Association Humanitaire de Montpellier<\/strong> -AHM- qui vient en aide aux sans-abri et aux personnes expuls\u00e9es.<\/p>\n<p>Vid\u00e9os : en ce moment sur Actu<\/p>\n<p class=\" wall-content\">Selon elle, ce ne sont pas 18 squatters qui ont \u00e9t\u00e9 contraints de quitter l\u2019habitation d\u2019Eurom\u00e9decine, mais 38, dont quinze enfants. Vont-ils \u00eatre pris en charge ce mardi ? Les associations, et notamment l\u2019AHM, se d\u00e9m\u00e8nent pour \u00e9viter qu\u2019ils ne passent une deuxi\u00e8me nuit dans le froid automnal.<\/p>\n<p class=\" wall-content\">Personnalisez votre actualit\u00e9 en ajoutant vos villes et m\u00e9dias en favori avec <a href=\"https:\/\/moncompte.actu.fr\" title=\"D\u00e9couvez Mon Actu\" rel=\"nofollow noopener\" data-trk=\"{&quot;cta&quot;:{&quot;action&quot;:&quot;https:\\\/\\\/moncompte.actu.fr&quot;,&quot;category&quot;:&quot;mon compte&quot;,&quot;from&quot;:&quot;article footer&quot;,&quot;name&quot;:&quot;Mon actu&quot;,&quot;type&quot;:&quot;cta&quot;}}\" target=\"_blank\">Mon Actu<\/a>.<\/p>\n","protected":false},"excerpt":{"rendered":"Par Jean-Marc Aubert Publi\u00e9 le 28 oct. 2025 \u00e0 9h34 ; mis \u00e0 jour le 28 oct. 2025&hellip;\n","protected":false},"author":2,"featured_media":495117,"comment_status":"","ping_status":"","sticky":false,"template":"","format":"standard","meta":{"footnotes":""},"categories":[9599],"tags":[1111,11,1777,674,1011,27,1251,2208,12,2680,1072,25,104],"class_list":{"0":"post-495116","1":"post","2":"type-post","3":"status-publish","4":"format-standard","5":"has-post-thumbnail","7":"category-montpellier","8":"tag-actu","9":"tag-actualites","10":"tag-eu","11":"tag-europe","12":"tag-fr","13":"tag-france","14":"tag-migrants","15":"tag-montpellier","16":"tag-news","17":"tag-occitanie","18":"tag-police","19":"tag-republique-francaise","20":"tag-societe"},"share_on_mastodon":{"url":"https:\/\/pubeurope.com\/@fr\/115451092276242073","error":""},"_links":{"self":[{"href":"https:\/\/www.europesays.com\/fr\/wp-json\/wp\/v2\/posts\/495116","targetHints":{"allow":["GET"]}}],"collection":[{"href":"https:\/\/www.europesays.com\/fr\/wp-json\/wp\/v2\/posts"}],"about":[{"href":"https:\/\/www.europesays.com\/fr\/wp-json\/wp\/v2\/types\/post"}],"author":[{"embeddable":true,"href":"https:\/\/www.europesays.com\/fr\/wp-json\/wp\/v2\/users\/2"}],"replies":[{"embeddable":true,"href":"https:\/\/www.europesays.com\/fr\/wp-json\/wp\/v2\/comments?post=495116"}],"version-history":[{"count":0,"href":"https:\/\/www.europesays.com\/fr\/wp-json\/wp\/v2\/posts\/495116\/revisions"}],"wp:featuredmedia":[{"embeddable":true,"href":"https:\/\/www.europesays.com\/fr\/wp-json\/wp\/v2\/media\/495117"}],"wp:attachment":[{"href":"https:\/\/www.europesays.com\/fr\/wp-json\/wp\/v2\/media?parent=495116"}],"wp:term":[{"taxonomy":"category","embeddable":true,"href":"https:\/\/www.europesays.com\/fr\/wp-json\/wp\/v2\/categories?post=495116"},{"taxonomy":"post_tag","embeddable":true,"href":"https:\/\/www.europesays.com\/fr\/wp-json\/wp\/v2\/tags?post=495116"}],"curies":[{"name":"wp","href":"https:\/\/api.w.org\/{rel}","templated":true}]}}