{"id":495124,"date":"2025-10-28T09:33:10","date_gmt":"2025-10-28T09:33:10","guid":{"rendered":"https:\/\/www.europesays.com\/fr\/495124\/"},"modified":"2025-10-28T09:33:10","modified_gmt":"2025-10-28T09:33:10","slug":"grenoble-un-incendie-touche-cette-boite-de-nuit-une-premiere-piste-se-degage","status":"publish","type":"post","link":"https:\/\/www.europesays.com\/fr\/495124\/","title":{"rendered":"Grenoble. Un incendie touche cette bo\u00eete de nuit, une premi\u00e8re piste se d\u00e9gage"},"content":{"rendered":"<p>            Par<br \/>\n        <strong><br \/>\n            <a href=\"https:\/\/actu.fr\/auteur\/julien-sournies\" title=\"Consulter tous les articles de Julien Sournies\" rel=\"nofollow noopener\" target=\"_blank\">Julien Sournies<\/a><br \/>\n        <\/strong><\/p>\n<p>        Publi\u00e9 le<\/p>\n<p>            28 oct. 2025 \u00e0 10h13        <\/p>\n<p>Les sapeurs-pompiers sont intervenus d\u2019urgence tard dans la soir\u00e9e ce lundi 27\u00a0octobre 2025 \u00e0 <a href=\"https:\/\/actu.fr\/auvergne-rhone-alpes\/grenoble_38185\" rel=\"nofollow noopener\" target=\"_blank\">Grenoble<\/a>. Aux environs de 23h30, un <strong>incendie<\/strong> s\u2019est d\u00e9clar\u00e9 dans les locaux de la bo\u00eete de nuit Le Marquee, situ\u00e9e au 56 route de Lyon, informe la Direction interd\u00e9partementale de l\u2019<a href=\"https:\/\/actu.fr\/auvergne-rhone-alpes\/isere_38\" rel=\"nofollow noopener\" target=\"_blank\">Is\u00e8re<\/a>.<\/p>\n<p>Des traces d\u2019effractions constat\u00e9es<\/p>\n<p class=\" wall-content\">Si une majeure partie de la salle principale a \u00e9t\u00e9 noircie et fortement d\u00e9grad\u00e9e, les soldats du feu ont pu rapidement ma\u00eetriser le sinistre.<\/p>\n<p>    <a href=\"https:\/\/www.google.com\/maps\/embed?pb=!1m18!1m12!1m3!1d2017.091914945184!2d5.716031174777664!3d45.19758075119071!2m3!1f0!2f0!3f0!3m2!1i1024!2i768!4f13.1!3m3!1m2!1s0x478af5002584b0ef%3A0xed5df653a1116de!2sLe%20Marquee%20-%20Grenoble!5e1!3m2!1sfr!2sfr!4v1761640306764!5m2!1sfr!2sfr\" title=\"Ouvrie le lien\" rel=\"nofollow noopener\" target=\"_blank\">Cliquez ici pour visualiser le contenu<\/a><\/p>\n<p class=\" wall-content\">Selon les premiers \u00e9l\u00e9ments recueillis, l\u2019incendie serait vraisemblablement d\u2019origine <strong>criminelle<\/strong>, des traces d\u2019effractions ayant \u00e9t\u00e9 constat\u00e9es sur la porte d\u2019entr\u00e9e.<\/p>\n<p class=\" wall-content\">Concernant les appartements situ\u00e9s au-dessus de la discoth\u00e8que, aucun habitant n\u2019a \u00e9t\u00e9 incommod\u00e9 par la fum\u00e9e.<\/p>\n<p class=\" wall-content\">Une <strong>enqu\u00eate<\/strong> a \u00e9t\u00e9 ouverte pour faire la lumi\u00e8re sur les raisons exactes de ce d\u00e9part de flammes.<\/p>\n<p class=\" wall-content\">Personnalisez votre actualit\u00e9 en ajoutant vos villes et m\u00e9dias en favori avec <a href=\"https:\/\/moncompte.actu.fr\" title=\"D\u00e9couvez Mon Actu\" rel=\"nofollow noopener\" data-trk=\"{&quot;cta&quot;:{&quot;action&quot;:&quot;https:\\\/\\\/moncompte.actu.fr&quot;,&quot;category&quot;:&quot;mon compte&quot;,&quot;from&quot;:&quot;article footer&quot;,&quot;name&quot;:&quot;Mon actu&quot;,&quot;type&quot;:&quot;cta&quot;}}\" target=\"_blank\">Mon Actu<\/a>.<\/p>\n","protected":false},"excerpt":{"rendered":"Par Julien Sournies Publi\u00e9 le 28 oct. 2025 \u00e0 10h13 Les sapeurs-pompiers sont intervenus d\u2019urgence tard dans la&hellip;\n","protected":false},"author":2,"featured_media":495125,"comment_status":"","ping_status":"","sticky":false,"template":"","format":"standard","meta":{"footnotes":""},"categories":[9566],"tags":[1111,11,2430,1777,674,118,1011,27,2731,1310,12,1072,1311,25],"class_list":{"0":"post-495124","1":"post","2":"type-post","3":"status-publish","4":"format-standard","5":"has-post-thumbnail","7":"category-grenoble","8":"tag-actu","9":"tag-actualites","10":"tag-auvergne-rhone-alpes","11":"tag-eu","12":"tag-europe","13":"tag-faits-divers","14":"tag-fr","15":"tag-france","16":"tag-grenoble","17":"tag-incendie","18":"tag-news","19":"tag-police","20":"tag-pompiers","21":"tag-republique-francaise"},"share_on_mastodon":{"url":"https:\/\/pubeurope.com\/@fr\/115451108047268156","error":""},"_links":{"self":[{"href":"https:\/\/www.europesays.com\/fr\/wp-json\/wp\/v2\/posts\/495124","targetHints":{"allow":["GET"]}}],"collection":[{"href":"https:\/\/www.europesays.com\/fr\/wp-json\/wp\/v2\/posts"}],"about":[{"href":"https:\/\/www.europesays.com\/fr\/wp-json\/wp\/v2\/types\/post"}],"author":[{"embeddable":true,"href":"https:\/\/www.europesays.com\/fr\/wp-json\/wp\/v2\/users\/2"}],"replies":[{"embeddable":true,"href":"https:\/\/www.europesays.com\/fr\/wp-json\/wp\/v2\/comments?post=495124"}],"version-history":[{"count":0,"href":"https:\/\/www.europesays.com\/fr\/wp-json\/wp\/v2\/posts\/495124\/revisions"}],"wp:featuredmedia":[{"embeddable":true,"href":"https:\/\/www.europesays.com\/fr\/wp-json\/wp\/v2\/media\/495125"}],"wp:attachment":[{"href":"https:\/\/www.europesays.com\/fr\/wp-json\/wp\/v2\/media?parent=495124"}],"wp:term":[{"taxonomy":"category","embeddable":true,"href":"https:\/\/www.europesays.com\/fr\/wp-json\/wp\/v2\/categories?post=495124"},{"taxonomy":"post_tag","embeddable":true,"href":"https:\/\/www.europesays.com\/fr\/wp-json\/wp\/v2\/tags?post=495124"}],"curies":[{"name":"wp","href":"https:\/\/api.w.org\/{rel}","templated":true}]}}