{"id":495126,"date":"2025-10-28T09:34:16","date_gmt":"2025-10-28T09:34:16","guid":{"rendered":"https:\/\/www.europesays.com\/fr\/495126\/"},"modified":"2025-10-28T09:34:16","modified_gmt":"2025-10-28T09:34:16","slug":"depart-de-feu-dans-une-ancienne-discotheque-de-grenoble","status":"publish","type":"post","link":"https:\/\/www.europesays.com\/fr\/495126\/","title":{"rendered":"D\u00e9part de feu dans une ancienne discoth\u00e8que de Grenoble"},"content":{"rendered":"<p>\t\t\t\t\t\t\t\t\t\t\t<img loading=\"lazy\" decoding=\"async\" width=\"1280\" title=\"D\u00e9part de feu dans une ancienne discoth\u00e8que de Grenoble\" class=\"img-fluid  mb-3\" src=\"https:\/\/grandgrenoble.alpes1.com\/media\/news\/depart-de-feu-dans-une-ancienne-discotheque-de-grenoble_6900842ddfbef.webp\" alt=\"D\u00e9part de feu dans une ancienne discoth\u00e8que de Grenoble\" itemprop=\"image\" height=\"720\"\/>\t\t\t\t\t\t\t\t\t\t\t\t<\/p>\n<p>D\u00e9part de feu dans une ancienne discoth\u00e8que de Grenoble &#8211; DR<\/p>\n<p itemprop=\"description\"><strong>Cette fois-ci, ce n\u2019est pas le dancefloor qui a mis le feu, mais bien l\u2019\u00e9tablissement lui-m\u00eame.<\/strong><\/p>\n<p>Un incendie s\u2019est d\u00e9clar\u00e9 lundi soir dans les locaux inoccup\u00e9s du Marquee, un ancien \u00e9tablissement de nuit du sud de Grenoble.<\/p>\n<p>Les secours ont \u00e9t\u00e9 appel\u00e9s peu avant minuit, apr\u00e8s la d\u00e9tection d\u2019un important d\u00e9gagement de fum\u00e9e au 56 route de Lyon.\u00a0<\/p>\n<p>\u00c0 leur arriv\u00e9e, les pompiers ont d\u00e9couvert du mobilier en feu \u00e0 l\u2019int\u00e9rieur du b\u00e2timent d\u00e9saffect\u00e9.<\/p>\n<p>Par pr\u00e9caution, les immeubles voisins ont \u00e9t\u00e9 \u00e9vacu\u00e9s le temps de l\u2019intervention.<\/p>\n<p>L\u2019incendie, rapidement ma\u00eetris\u00e9, n\u2019a fait aucun bless\u00e9.\u00a0<\/p>\n<p>Le lieu \u00e9tant ferm\u00e9 au moment des faits, les policiers grenoblois cherchent d\u00e9sormais \u00e0 comprendre comment le sinistre a pu se d\u00e9clencher. La piste criminelle serait privil\u00e9gi\u00e9e.<\/p>\n","protected":false},"excerpt":{"rendered":"D\u00e9part de feu dans une ancienne discoth\u00e8que de Grenoble &#8211; DR Cette fois-ci, ce n\u2019est pas le dancefloor&hellip;\n","protected":false},"author":2,"featured_media":495127,"comment_status":"","ping_status":"","sticky":false,"template":"","format":"standard","meta":{"footnotes":""},"categories":[9566],"tags":[1111,11,7733,8279,2430,7736,650,7734,2889,2263,1777,674,1011,27,2731,8280,6417,1114,108,4662,12,3725,1825,25,7737],"class_list":{"0":"post-495126","1":"post","2":"type-post","3":"status-publish","4":"format-standard","5":"has-post-thumbnail","7":"category-grenoble","8":"tag-actu","9":"tag-actualites","10":"tag-alpes","11":"tag-alpes1","12":"tag-auvergne-rhone-alpes","13":"tag-cds","14":"tag-cinema","15":"tag-ecoute","16":"tag-emission","17":"tag-equipe","18":"tag-eu","19":"tag-europe","20":"tag-fr","21":"tag-france","22":"tag-grenoble","23":"tag-haute","24":"tag-information","25":"tag-infos","26":"tag-isere","27":"tag-journal","28":"tag-news","29":"tag-podcast","30":"tag-radio","31":"tag-republique-francaise","32":"tag-winamp"},"share_on_mastodon":{"url":"https:\/\/pubeurope.com\/@fr\/115451112903972077","error":""},"_links":{"self":[{"href":"https:\/\/www.europesays.com\/fr\/wp-json\/wp\/v2\/posts\/495126","targetHints":{"allow":["GET"]}}],"collection":[{"href":"https:\/\/www.europesays.com\/fr\/wp-json\/wp\/v2\/posts"}],"about":[{"href":"https:\/\/www.europesays.com\/fr\/wp-json\/wp\/v2\/types\/post"}],"author":[{"embeddable":true,"href":"https:\/\/www.europesays.com\/fr\/wp-json\/wp\/v2\/users\/2"}],"replies":[{"embeddable":true,"href":"https:\/\/www.europesays.com\/fr\/wp-json\/wp\/v2\/comments?post=495126"}],"version-history":[{"count":0,"href":"https:\/\/www.europesays.com\/fr\/wp-json\/wp\/v2\/posts\/495126\/revisions"}],"wp:featuredmedia":[{"embeddable":true,"href":"https:\/\/www.europesays.com\/fr\/wp-json\/wp\/v2\/media\/495127"}],"wp:attachment":[{"href":"https:\/\/www.europesays.com\/fr\/wp-json\/wp\/v2\/media?parent=495126"}],"wp:term":[{"taxonomy":"category","embeddable":true,"href":"https:\/\/www.europesays.com\/fr\/wp-json\/wp\/v2\/categories?post=495126"},{"taxonomy":"post_tag","embeddable":true,"href":"https:\/\/www.europesays.com\/fr\/wp-json\/wp\/v2\/tags?post=495126"}],"curies":[{"name":"wp","href":"https:\/\/api.w.org\/{rel}","templated":true}]}}